{"id":1830330,"date":"2026-03-17T11:38:42","date_gmt":"2026-03-17T08:38:42","guid":{"rendered":"https:\/\/analyse.optim.biz\/?p=1830330"},"modified":"2026-03-17T11:38:42","modified_gmt":"2026-03-17T08:38:42","slug":"ce-urmeaza-dupa-facultate-upt-campus-creativ-organizeaza-un-dialog-deschis-intre-nicu-stefanuta-vicepresedinte-al-parlamentului-european-si-florin-dragan-rectorul-universitatii-politehnica-timisoa","status":"publish","type":"post","link":"https:\/\/analyse.optim.biz\/?p=1830330","title":{"rendered":"Ce urmeaz\u0103 dup\u0103 facultate? UPT Campus Creativ organizeaz\u0103 un dialog deschis \u00eentre Nicu \u0218tef\u0103nu\u021b\u0103, vicepre\u0219edinte al Parlamentului European, \u0219i Florin Dr\u0103gan, rectorul Universit\u0103\u021bii Politehnica Timi\u0219oara"},"content":{"rendered":"<p>[analyse_image type=&#8221;featured&#8221; src=&#8221;http:\/\/www.banatulmeu.ro\/wp-content\/uploads\/2026\/03\/campus_talks_dragan_stefanuta-e1773747492240.jpg&#8221;]<\/p>\n<div class=\"post-content-bd\">\n<p>Universitatea Politehnica Timi\u0219oara, prin programul UPT Campus Creativ, aduce \u00een fa\u021ba publicului doi invita\u021bi cu experien\u021be \u0219i perspective valoroase despre carier\u0103, educa\u021bie \u0219i provoc\u0103rile tinerei genera\u021bii. Nicu \u0218tef\u0103nu\u021b\u0103, vicepre\u0219edinte al Parlamentului European \u0219i conf.univ.dr.ing. Florin Dr\u0103gan, rectorul Universit\u0103\u021bii Politehnica Timi\u0219oara, vor oferi r\u0103spunsuri la o serie de \u00eentreb\u0103ri pe care \u0219i le pun to\u021bi studen\u021bii: Ce se \u00eent\u00e2mpl\u0103 dup\u0103 absolvire? Cum arat\u0103 pia\u021ba muncii la nivel european \u0219i ce oportunit\u0103\u021bi exist\u0103 pentru tinerii afla\u021bi la \u00eenceput de drum?<\/p>\n<p>Evenimentul va avea loc \u00een 27 martie, de la ora 18:00, la Centrul de Conferin\u021be al Universit\u0103\u021bii Politehnica Timi\u0219oara (Sala Auditorium).<\/p>\n<p>Dialogul va aborda teme precum oportunit\u0103\u021bile profesionale pentru tineri \u00een context european, provoc\u0103rile pe care studen\u021bii le \u00eent\u00e2lnesc atunci c\u00e2nd fac primii pa\u0219i pe pia\u021ba muncii, competi\u021bia tot mai mare pentru joburi relevante sau incertitudinile economice \u0219i sociale care influen\u021beaz\u0103 deciziile de carier\u0103 ale noii genera\u021bii.<\/p>\n<p>Evenimentul face parte din seria \u201cCampus Talks\u201d, o ini\u021biativ\u0103 prin care UPT Campus Creativ \u00ee\u0219i propune s\u0103 aduc\u0103 \u00een fa\u021ba studen\u021bilor personalit\u0103\u021bi relevante din diferite domenii pentru a dezbate teme actuale \u0219i pentru a oferi perspective care s\u0103 contribuie la dezvoltarea personal\u0103 \u0219i profesional\u0103.<\/p>\n<p>Nicu \u0218tef\u0103nu\u021b\u0103 este membru al Parlamentului European din 2019 \u0219i, \u00een prezent, europarlamentar independent \u00een cadrul Grupului Verzilor, ocup\u00e2nd \u0219i func\u021bia de vicepre\u0219edinte al Parlamentului European. Domeniile sale de interes includ drepturile tinerilor, schimb\u0103rile climatice, dreptul la o locuin\u021b\u0103 adecvat\u0103, eficien\u021ba energetic\u0103, s\u0103n\u0103tatea mintal\u0103 \u0219i politica extern\u0103. \u00cen cadrul Parlamentului European, acesta sus\u021bine activ implicarea tinerilor \u00een procesul decizional \u0219i promovarea drepturilor acestora. Este membru al Comisiei pentru Bugete (BUDG) \u0219i al Comisiei pentru Industrie, Cercetare \u0219i Energie (ITRE), precum \u0219i membru supleant al Comisiei pentru Agricultur\u0103 \u0219i Dezvoltare Rural\u0103 (AGRI).<\/p>\n<p>Florin Dr\u0103gan, rectorul Universit\u0103\u021bii Politehnica Timi\u0219oara, este doctor \u00een Automatic\u0103 \u0219i conferen\u021biar universitar la Facultatea de Automatic\u0103 \u0219i Calculatoare. Pe l\u00e2ng\u0103 activitatea academic\u0103, este \u0219i antreprenor, fiind cunoscut pentru viziunea sa asupra leadershipului autentic \u0219i pentru implicarea \u00een mentoratul noilor genera\u021bii de studen\u021bi \u0219i tineri profesioni\u0219ti.<\/p>\n<p>\u201e<em>\u0218i de data aceasta ne propunem s\u0103 abord\u0103m o tem\u0103 tot mai prezent\u0103 \u00een r\u00e2ndul tinerilor din Rom\u00e2nia \u2013 angajabilitatea, dar mai ales incertitudinea privind viitorul pie\u021bei muncii. Este o bucurie s\u0103 \u00eel avem al\u0103turi de noi pe vicepre\u0219edintele Parlamentului European, s\u0103 purt\u0103m un dialog onest \u0219i constructiv, dar mai ales s\u0103 oferim \u0219ansa studen\u021bilor \u0219i elevilor s\u0103 adreseze direct \u00eentreb\u0103ri. Este un demers prin care aducem Uniunea European\u0103 mai aproape de tineri \u0219i de nevoile lor, pe limba lor<\/em>\u201d, a declarat Alexandru Luca, Directorul Departamentului de Marketing Universitar al Universit\u0103\u021bii Politehnica Timi\u0219oara.<\/p>\n<p>Participarea la eveniment este gratuit\u0103, \u00eens\u0103 locurile sunt limitate.<\/p>\n<p>\u00censcrierea se realizeaz\u0103 prin completarea formularului online: <a href=\"https:\/\/forms.gle\/4xnamPbLf69v7nE27\">https:\/\/forms.gle\/4xnamPbLf69v7nE27<\/a>.<\/p>\n<p>UPT Campus Creativ deschide procesul de regenerare a campusul Universit\u0103\u021bii Politehnica Timi\u0219oara, at\u00e2t ca ansamblu urban, c\u00e2t \u0219i ca spa\u021biu social, printr-o abordare holistic\u0103 care s\u0103 includ\u0103 dezvoltarea comunitar\u0103 prin creativitate, recunoa\u0219terea identit\u0103\u021bii istorice \u0219i a mo\u0219tenirii \u0219tiin\u021bifice, grij\u0103 pentru natur\u0103 \u0219i orientare c\u0103tre un viitor sustenabil, direc\u021bion\u00e2nd procesul educa\u021bional universitar pe deschidere, incluziune \u0219i multidisciplinaritate.<\/p>\n<\/div>\n<p>[analyse_source url=&#8221;https:\/\/www.banatulmeu.ro\/ce-urmeaza-dupa-facultate-upt-campus-creativ-organizeaza-un-dialog-deschis-intre-nicu-stefanuta-vicepresedinte-al-parlamentului-european-si-florin-dragan-rectorul-universitatii-politehnica-timisoa\/&#8221;]<\/p>\n","protected":false},"excerpt":{"rendered":"<p>[analyse_image type=&#8221;featured&#8221; src=&#8221;http:\/\/www.banatulmeu.ro\/wp-content\/uploads\/2026\/03\/campus_talks_dragan_stefanuta-e1773747492240.jpg&#8221;] Universitatea Politehnica Timi\u0219oara, prin programul UPT Campus Creativ, aduce \u00een fa\u021ba publicului doi invita\u021bi cu experien\u021be \u0219i perspective valoroase despre carier\u0103, educa\u021bie \u0219i provoc\u0103rile tinerei genera\u021bii. Nicu \u0218tef\u0103nu\u021b\u0103, vicepre\u0219edinte al Parlamentului European \u0219i conf.univ.dr.ing. Florin Dr\u0103gan, rectorul Universit\u0103\u021bii Politehnica Timi\u0219oara, vor oferi r\u0103spunsuri la o serie de \u00eentreb\u0103ri pe care \u0219i le [&hellip;]<\/p>\n","protected":false},"author":1,"featured_media":0,"comment_status":"open","ping_status":"","sticky":false,"template":"","format":"standard","meta":{"footnotes":""},"categories":[89],"tags":[204,226],"class_list":["post-1830330","post","type-post","status-publish","format-standard","hentry","category-romania","tag-banatulmeu-ro","tag-crawlmanager"],"_links":{"self":[{"href":"https:\/\/analyse.optim.biz\/index.php?rest_route=\/wp\/v2\/posts\/1830330","targetHints":{"allow":["GET"]}}],"collection":[{"href":"https:\/\/analyse.optim.biz\/index.php?rest_route=\/wp\/v2\/posts"}],"about":[{"href":"https:\/\/analyse.optim.biz\/index.php?rest_route=\/wp\/v2\/types\/post"}],"author":[{"embeddable":true,"href":"https:\/\/analyse.optim.biz\/index.php?rest_route=\/wp\/v2\/users\/1"}],"replies":[{"embeddable":true,"href":"https:\/\/analyse.optim.biz\/index.php?rest_route=%2Fwp%2Fv2%2Fcomments&post=1830330"}],"version-history":[{"count":0,"href":"https:\/\/analyse.optim.biz\/index.php?rest_route=\/wp\/v2\/posts\/1830330\/revisions"}],"wp:attachment":[{"href":"https:\/\/analyse.optim.biz\/index.php?rest_route=%2Fwp%2Fv2%2Fmedia&parent=1830330"}],"wp:term":[{"taxonomy":"category","embeddable":true,"href":"https:\/\/analyse.optim.biz\/index.php?rest_route=%2Fwp%2Fv2%2Fcategories&post=1830330"},{"taxonomy":"post_tag","embeddable":true,"href":"https:\/\/analyse.optim.biz\/index.php?rest_route=%2Fwp%2Fv2%2Ftags&post=1830330"}],"curies":[{"name":"wp","href":"https:\/\/api.w.org\/{rel}","templated":true}]}}