{"id":1830270,"date":"2026-03-12T20:36:23","date_gmt":"2026-03-12T17:36:23","guid":{"rendered":"https:\/\/analyse.optim.biz\/?p=1830270"},"modified":"2026-03-12T20:36:23","modified_gmt":"2026-03-12T17:36:23","slug":"unul-dintre-cele-mai-moderne-parcuri-industriale-la-ramnicu-sarat","status":"publish","type":"post","link":"https:\/\/analyse.optim.biz\/?p=1830270","title":{"rendered":"Unul dintre cele mai moderne parcuri industriale, la R\u00e2mnicu S\u0103rat"},"content":{"rendered":"<p>[analyse_image type=&#8221;featured&#8221; src=&#8221;https:\/\/www.tvbuzau.ro\/wp-content\/uploads\/2026\/03\/maxresdefault-3.jpghttps:\/\/www.tvbuzau.ro\/wp-content\/uploads\/2026\/03\/maxresdefault-3.jpg&#8221;]<\/p>\n<div class=\"td-ss-main-content\">\n<article id=\"post-118348\" class=\"post-118348 post type-post status-publish format-video has-post-thumbnail hentry category-actualitate post_format-post-format-video\">\n<div class=\"td-post-header\">\n<ul class=\"td-category\">\n<li class=\"entry-category\"><a href=\"https:\/\/www.tvbuzau.ro\/category\/actualitate\/\">Actualitate<\/a><\/li>\n<\/ul>\n<header class=\"td-post-title\">\n<h1 class=\"entry-title\">Unul dintre cele mai moderne parcuri industriale, la R\u00e2mnicu S\u0103rat<\/h1>\n<div class=\"td-module-meta-info\">\n<div class=\"td-post-author-name\">De c\u0103tre <a href=\"https:\/\/www.tvbuzau.ro\/author\/mihai-vasilescu\/\">TV Buz\u0103u<\/a> &#8211; <\/div>\n<p><span class=\"td-post-date\"><time class=\"entry-date updated td-module-date\" datetime=\"2026-03-12T20:36:23+00:00\">martie 12, 2026<\/time><\/span><\/p>\n<div class=\"td-post-comments\"><a href=\"https:\/\/www.tvbuzau.ro\/unul-dintre-cele-mai-moderne-parcuri-industriale-la-ramnicu-sarat\/#respond\">0<\/a><\/div>\n<div class=\"td-post-views\"><span class=\"td-nr-views-118348\">20<\/span><\/div>\n<\/div>\n<\/header>\n<\/div>\n<div class=\"td-post-sharing td-post-sharing-top td-with-like\">\n<div class=\"td-default-sharing\"><a class=\"td-social-sharing-buttons td-social-facebook\" href=\"http:\/\/www.facebook.com\/sharer.php?u=https%3A%2F%2Fwww.tvbuzau.ro%2Funul-dintre-cele-mai-moderne-parcuri-industriale-la-ramnicu-sarat%2F\"><\/p>\n<div class=\"td-social-but-text\">Distribui\u021bi pe Facebook<\/div>\n<p><\/a><a class=\"td-social-sharing-buttons td-social-twitter\" href=\"https:\/\/twitter.com\/intent\/tweet?text=Unul+dintre+cele+mai+moderne+parcuri+industriale%2C+la+R%C3%A2mnicu+S%C4%83rat&amp;url=https%3A%2F%2Fwww.tvbuzau.ro%2Funul-dintre-cele-mai-moderne-parcuri-industriale-la-ramnicu-sarat%2F&amp;via=TV+Buz%C4%83u\"><\/p>\n<div class=\"td-social-but-text\">Distribui\u021bi pe Twitter<\/div>\n<p><\/a><\/div>\n<div class=\"td-classic-sharing\">\n<ul>\n<li class=\"td-classic-facebook\"><iframe frameborder src=\"https:\/\/www.facebook.com\/plugins\/like.php?href=https:\/\/www.tvbuzau.ro\/unul-dintre-cele-mai-moderne-parcuri-industriale-la-ramnicu-sarat\/&amp;layout=button_count&amp;show_faces=false&amp;width=105&amp;action=like&amp;colorscheme=light&amp;height=21\"><\/iframe><\/li>\n<li class=\"td-classic-twitter\"><a href=\"https:\/\/twitter.com\/share\" class=\"twitter-share-button\" data-url=\"https:\/\/www.tvbuzau.ro\/unul-dintre-cele-mai-moderne-parcuri-industriale-la-ramnicu-sarat\/\" data-text=\"Unul dintre cele mai moderne parcuri industriale, la R\u00e2mnicu S\u0103rat\" data-via data-lang=\"en\">tweet<\/a><\/li>\n<\/ul>\n<\/div>\n<\/div>\n<div class=\"td-post-content\">\n<div class=\"td-featured-image-rec\">\n<div class=\"wpb_video_wrapper\">\n                    <iframe loading=\"lazy\" id=\"td_youtube_player\" width=\"600\" height=\"560\" src=\"https:\/\/www.youtube.com\/embed\/N5kgOST5uMs?enablejsapi=1&amp;feature=oembed&amp;wmode=opaque&amp;vq=hd720\" frameborder allowfullscreen><\/iframe><\/p><\/div>\n<\/div>\n<p>Va fi dezvoltat pe o suprafa\u0163\u0103 de peste 93.000 mp<br \/>\n\u00cen colaborare cu Prim\u0103ria Municipiului R\u00e2mnicu S\u0103rat, Consiliul Jude\u0163ean a ini\u021biat proiectul pentru \u00eenfiin\u021barea unui parc industrial la R\u00e2mnicu S\u0103rat, ca un prim pas \u00eentr-un context mai larg, viz\u00e2nd \u0219i parteneriate public \u2013 private, stimulare investi\u021bii \u0219i creare de noi locuri de munc\u0103. Un parc industrial este o zon\u0103 delimitat\u0103 \u0219i special amenajat\u0103 pentru desf\u0103\u0219urarea de activit\u0103\u021bi economice, de cercetare \u0219tiin\u021bific\u0103, produc\u021bie industrial\u0103 \u0219i servicii. Aceast\u0103 structur\u0103 func\u021bioneaz\u0103 ca un ecosistem de afaceri \u00een cadrul c\u0103ruia companiile beneficiaz\u0103 de infrastructur\u0103 comun\u0103, utilit\u0103\u021bi \u0219i facilit\u0103\u021bi fiscale, fiind administrat de o societate specializat\u0103. \u00cen Rom\u00e2nia, conform statisticilor, exist\u0103 peste 100 parcuri industriale active<br \/>\nProiectul a trecut \u015fi de votul consilierilor locali ai municipiului R\u00e2mnicu S\u0103rat.<br \/>\nParcul industrial va urma s\u0103 fie dezvoltat pe o suprafa\u0163\u0103 de peste 93.000 mp.<\/p>\n<div class=\"post-views post-118348 entry-meta\"><span class=\"post-views-label\">Post Views: <\/span><span class=\"post-views-count\">367<\/span><\/div>\n<\/div>\n<footer>\n<div class=\"td-post-sharing td-post-sharing-bottom td-with-like\"><span class=\"td-post-share-title\">DISTRIBUI\u021aI<\/span><\/p>\n<div class=\"td-default-sharing\"><a class=\"td-social-sharing-buttons td-social-facebook\" href=\"http:\/\/www.facebook.com\/sharer.php?u=https%3A%2F%2Fwww.tvbuzau.ro%2Funul-dintre-cele-mai-moderne-parcuri-industriale-la-ramnicu-sarat%2F\"><\/p>\n<div class=\"td-social-but-text\">Facebook<\/div>\n<p><\/a><a class=\"td-social-sharing-buttons td-social-twitter\" href=\"https:\/\/twitter.com\/intent\/tweet?text=Unul+dintre+cele+mai+moderne+parcuri+industriale%2C+la+R%C3%A2mnicu+S%C4%83rat&amp;url=https%3A%2F%2Fwww.tvbuzau.ro%2Funul-dintre-cele-mai-moderne-parcuri-industriale-la-ramnicu-sarat%2F&amp;via=TV+Buz%C4%83u\"><\/p>\n<div class=\"td-social-but-text\">Twitter<\/div>\n<p><\/a><\/div>\n<div class=\"td-classic-sharing\">\n<ul>\n<li class=\"td-classic-facebook\"><iframe frameborder src=\"https:\/\/www.facebook.com\/plugins\/like.php?href=https:\/\/www.tvbuzau.ro\/unul-dintre-cele-mai-moderne-parcuri-industriale-la-ramnicu-sarat\/&amp;layout=button_count&amp;show_faces=false&amp;width=105&amp;action=like&amp;colorscheme=light&amp;height=21\"><\/iframe><\/li>\n<li class=\"td-classic-twitter\"><a href=\"https:\/\/twitter.com\/share\" class=\"twitter-share-button\" data-url=\"https:\/\/www.tvbuzau.ro\/unul-dintre-cele-mai-moderne-parcuri-industriale-la-ramnicu-sarat\/\" data-text=\"Unul dintre cele mai moderne parcuri industriale, la R\u00e2mnicu S\u0103rat\" data-via data-lang=\"en\">tweet<\/a><\/li>\n<\/ul>\n<\/div>\n<\/div>\n<div class=\"td-author-name vcard author\"><span class=\"fn\"><a href=\"https:\/\/www.tvbuzau.ro\/author\/mihai-vasilescu\/\">TV Buz\u0103u<\/a><\/span><\/div>\n<p><span><\/span><span><span><\/span><\/span><span><\/span><\/footer>\n<\/article>\n<div class=\"td_block_wrap td_block_related_posts td_uid_1_69b9378bb1027_rand td_with_ajax_pagination td-pb-border-top\" data-td-block-uid=\"td_uid_1_69b9378bb1027\">\n<h4 class=\"td-related-title\"><a id=\"td_uid_2_69b9378bb6f56\" class=\"td-related-left td-cur-simple-item\" data-td_filter_value data-td_block_id=\"td_uid_1_69b9378bb1027\" href=\"https:\/\/www.tvbuzau.ro\/unul-dintre-cele-mai-moderne-parcuri-industriale-la-ramnicu-sarat\/\">ARTICOLE SIMILARE<\/a><a id=\"td_uid_3_69b9378bb6f90\" class=\"td-related-right\" data-td_filter_value=\"td_related_more_from_author\" data-td_block_id=\"td_uid_1_69b9378bb1027\" href=\"https:\/\/www.tvbuzau.ro\/unul-dintre-cele-mai-moderne-parcuri-industriale-la-ramnicu-sarat\/\">DE LA ACELA\u0218I AUTOR<\/a><\/h4>\n<div id=\"td_uid_1_69b9378bb1027\" class=\"td_block_inner\">\n<div class=\"td-related-row\">\n<div class=\"td-related-span4\">\n<div class=\"td_module_related_posts td-animation-stack td_mod_related_posts\">\n<div class=\"td-module-image\">\n<div class=\"td-module-thumb\"><a href=\"https:\/\/www.tvbuzau.ro\/cristea-constantin-a-depus-juramantul-in-functia-de-suprefect\/\" rel=\"bookmark\" title=\"Cristea Constantin a depus jur\u0103m\u00e2ntul \u00een func\u0163ia de suprefect\"><img loading=\"lazy\" decoding=\"async\" width=\"218\" height=\"150\" class=\"entry-thumb\" src=\"https:\/\/www.tvbuzau.ro\/wp-content\/uploads\/2026\/03\/sddefault-29-218x150.jpg\" alt title=\"Cristea Constantin a depus jur\u0103m\u00e2ntul \u00een func\u0163ia de suprefect\"><span class=\"td-video-play-ico\"><img loading=\"lazy\" decoding=\"async\" width=\"40\" height=\"40\" class=\"td-retina\" src=\"https:\/\/www.tvbuzau.ro\/wp-content\/themes\/Newspaper\/images\/icons\/ico-video-large.png\" alt=\"video\"><\/span><\/a><\/div>\n<p><a href=\"https:\/\/www.tvbuzau.ro\/category\/actualitate\/\" class=\"td-post-category\">Actualitate<\/a><\/div>\n<div class=\"item-details\">\n<h3 class=\"entry-title td-module-title\"><a href=\"https:\/\/www.tvbuzau.ro\/cristea-constantin-a-depus-juramantul-in-functia-de-suprefect\/\" rel=\"bookmark\" title=\"Cristea Constantin a depus jur\u0103m\u00e2ntul \u00een func\u0163ia de suprefect\">Cristea Constantin a depus jur\u0103m\u00e2ntul \u00een func\u0163ia de suprefect<\/a><\/h3>\n<\/div>\n<\/div>\n<\/div>\n<div class=\"td-related-span4\">\n<div class=\"td_module_related_posts td-animation-stack td_mod_related_posts\">\n<div class=\"td-module-image\">\n<div class=\"td-module-thumb\"><a href=\"https:\/\/www.tvbuzau.ro\/primaria-buzau-la-un-pas-de-preluarea-spitalului-cfr\/\" rel=\"bookmark\" title=\"Prim\u0103ria Buz\u0103u la un pas de preluarea Spitalului CFR\"><img loading=\"lazy\" decoding=\"async\" width=\"218\" height=\"150\" class=\"entry-thumb\" src=\"https:\/\/www.tvbuzau.ro\/wp-content\/uploads\/2026\/03\/sddefault-28-218x150.jpg\" alt title=\"Prim\u0103ria Buz\u0103u la un pas de preluarea Spitalului CFR\"><span class=\"td-video-play-ico\"><img loading=\"lazy\" decoding=\"async\" width=\"40\" height=\"40\" class=\"td-retina\" src=\"https:\/\/www.tvbuzau.ro\/wp-content\/themes\/Newspaper\/images\/icons\/ico-video-large.png\" alt=\"video\"><\/span><\/a><\/div>\n<p><a href=\"https:\/\/www.tvbuzau.ro\/category\/actualitate\/\" class=\"td-post-category\">Actualitate<\/a><\/div>\n<div class=\"item-details\">\n<h3 class=\"entry-title td-module-title\"><a href=\"https:\/\/www.tvbuzau.ro\/primaria-buzau-la-un-pas-de-preluarea-spitalului-cfr\/\" rel=\"bookmark\" title=\"Prim\u0103ria Buz\u0103u la un pas de preluarea Spitalului CFR\">Prim\u0103ria Buz\u0103u la un pas de preluarea Spitalului CFR<\/a><\/h3>\n<\/div>\n<\/div>\n<\/div>\n<div class=\"td-related-span4\">\n<div class=\"td_module_related_posts td-animation-stack td_mod_related_posts\">\n<div class=\"td-module-image\">\n<div class=\"td-module-thumb\"><a href=\"https:\/\/www.tvbuzau.ro\/miros-de-paine-calda-painea-in-epoca-regatului-dac-la-muzeu-2\/\" rel=\"bookmark\" title=\"\u201eMiros de p\u00e2ine cald\u0103. P\u00e2inea \u00een epoca Regatului Dac\u201d la muzeu\"><img loading=\"lazy\" decoding=\"async\" width=\"218\" height=\"150\" class=\"entry-thumb\" src=\"https:\/\/www.tvbuzau.ro\/wp-content\/uploads\/2026\/03\/hqdefault-24-218x150.jpg\" alt title=\"\u201eMiros de p\u00e2ine cald\u0103. P\u00e2inea \u00een epoca Regatului Dac\u201d la muzeu\"><span class=\"td-video-play-ico\"><img loading=\"lazy\" decoding=\"async\" width=\"40\" height=\"40\" class=\"td-retina\" src=\"https:\/\/www.tvbuzau.ro\/wp-content\/themes\/Newspaper\/images\/icons\/ico-video-large.png\" alt=\"video\"><\/span><\/a><\/div>\n<p><a href=\"https:\/\/www.tvbuzau.ro\/category\/actualitate\/\" class=\"td-post-category\">Actualitate<\/a><\/div>\n<div class=\"item-details\">\n<h3 class=\"entry-title td-module-title\"><a href=\"https:\/\/www.tvbuzau.ro\/miros-de-paine-calda-painea-in-epoca-regatului-dac-la-muzeu-2\/\" rel=\"bookmark\" title=\"\u201eMiros de p\u00e2ine cald\u0103. P\u00e2inea \u00een epoca Regatului Dac\u201d la muzeu\">\u201eMiros de p\u00e2ine cald\u0103. P\u00e2inea \u00een epoca Regatului Dac\u201d la muzeu<\/a><\/h3>\n<\/div>\n<\/div>\n<\/div>\n<\/div>\n<div class=\"td-related-row\">\n<div class=\"td-related-span4\">\n<div class=\"td_module_related_posts td-animation-stack td_mod_related_posts\">\n<div class=\"td-module-image\">\n<div class=\"td-module-thumb\"><a href=\"https:\/\/www.tvbuzau.ro\/ce-sesizari-au-facut-buzoienii-la-consiliul-judetean-buzau\/\" rel=\"bookmark\" title=\"Ce sesiz\u0103ri au f\u0103cut buzoienii la Consiliul Jude\u0163ean Buz\u0103u\"><img loading=\"lazy\" decoding=\"async\" width=\"218\" height=\"150\" class=\"entry-thumb\" src=\"https:\/\/www.tvbuzau.ro\/wp-content\/uploads\/2026\/03\/sddefault-27-218x150.jpg\" alt title=\"Ce sesiz\u0103ri au f\u0103cut buzoienii la Consiliul Jude\u0163ean Buz\u0103u\"><span class=\"td-video-play-ico\"><img loading=\"lazy\" decoding=\"async\" width=\"40\" height=\"40\" class=\"td-retina\" src=\"https:\/\/www.tvbuzau.ro\/wp-content\/themes\/Newspaper\/images\/icons\/ico-video-large.png\" alt=\"video\"><\/span><\/a><\/div>\n<p><a href=\"https:\/\/www.tvbuzau.ro\/category\/actualitate\/\" class=\"td-post-category\">Actualitate<\/a><\/div>\n<div class=\"item-details\">\n<h3 class=\"entry-title td-module-title\"><a href=\"https:\/\/www.tvbuzau.ro\/ce-sesizari-au-facut-buzoienii-la-consiliul-judetean-buzau\/\" rel=\"bookmark\" title=\"Ce sesiz\u0103ri au f\u0103cut buzoienii la Consiliul Jude\u0163ean Buz\u0103u\">Ce sesiz\u0103ri au f\u0103cut buzoienii la Consiliul Jude\u0163ean Buz\u0103u<\/a><\/h3>\n<\/div>\n<\/div>\n<\/div>\n<div class=\"td-related-span4\">\n<div class=\"td_module_related_posts td-animation-stack td_mod_related_posts\">\n<div class=\"td-module-image\">\n<div class=\"td-module-thumb\"><a href=\"https:\/\/www.tvbuzau.ro\/sunt-anuntate-comasari-teatru-si-centrul-cultural\/\" rel=\"bookmark\" title=\"Sunt anun\u0163ate comas\u0103ri: Teatru \u015fi Centrul Cultural\"><img loading=\"lazy\" decoding=\"async\" width=\"218\" height=\"150\" class=\"entry-thumb\" src=\"https:\/\/www.tvbuzau.ro\/wp-content\/uploads\/2026\/03\/sddefault-26-218x150.jpg\" alt title=\"Sunt anun\u0163ate comas\u0103ri: Teatru \u015fi Centrul Cultural\"><span class=\"td-video-play-ico\"><img loading=\"lazy\" decoding=\"async\" width=\"40\" height=\"40\" class=\"td-retina\" src=\"https:\/\/www.tvbuzau.ro\/wp-content\/themes\/Newspaper\/images\/icons\/ico-video-large.png\" alt=\"video\"><\/span><\/a><\/div>\n<p><a href=\"https:\/\/www.tvbuzau.ro\/category\/actualitate\/\" class=\"td-post-category\">Actualitate<\/a><\/div>\n<div class=\"item-details\">\n<h3 class=\"entry-title td-module-title\"><a href=\"https:\/\/www.tvbuzau.ro\/sunt-anuntate-comasari-teatru-si-centrul-cultural\/\" rel=\"bookmark\" title=\"Sunt anun\u0163ate comas\u0103ri: Teatru \u015fi Centrul Cultural\">Sunt anun\u0163ate comas\u0103ri: Teatru \u015fi Centrul Cultural<\/a><\/h3>\n<\/div>\n<\/div>\n<\/div>\n<div class=\"td-related-span4\">\n<div class=\"td_module_related_posts td-animation-stack td_mod_related_posts\">\n<div class=\"td-module-image\">\n<div class=\"td-module-thumb\"><a href=\"https:\/\/www.tvbuzau.ro\/discutii-cu-privire-la-consortiul-medical-din-judetul-buzau\/\" rel=\"bookmark\" title=\"Discu\u0163ii cu privire la consor\u0163iul medical din jude\u0163ul Buz\u0103u\"><img loading=\"lazy\" decoding=\"async\" width=\"218\" height=\"150\" class=\"entry-thumb\" src=\"https:\/\/www.tvbuzau.ro\/wp-content\/uploads\/2026\/03\/hqdefault-23-218x150.jpg\" alt title=\"Discu\u0163ii cu privire la consor\u0163iul medical din jude\u0163ul Buz\u0103u\"><span class=\"td-video-play-ico\"><img loading=\"lazy\" decoding=\"async\" width=\"40\" height=\"40\" class=\"td-retina\" src=\"https:\/\/www.tvbuzau.ro\/wp-content\/themes\/Newspaper\/images\/icons\/ico-video-large.png\" alt=\"video\"><\/span><\/a><\/div>\n<p><a href=\"https:\/\/www.tvbuzau.ro\/category\/actualitate\/\" class=\"td-post-category\">Actualitate<\/a><\/div>\n<div class=\"item-details\">\n<h3 class=\"entry-title td-module-title\"><a href=\"https:\/\/www.tvbuzau.ro\/discutii-cu-privire-la-consortiul-medical-din-judetul-buzau\/\" rel=\"bookmark\" title=\"Discu\u0163ii cu privire la consor\u0163iul medical din jude\u0163ul Buz\u0103u\">Discu\u0163ii cu privire la consor\u0163iul medical din jude\u0163ul Buz\u0103u<\/a><\/h3>\n<\/div>\n<\/div>\n<\/div>\n<\/div>\n<\/div>\n<\/div>\n<div class=\"comments\" id=\"comments\">\n<div id=\"respond\" class=\"comment-respond\">\n<h3 id=\"reply-title\" class=\"comment-reply-title\">L\u0102SA\u021aI UN MESAJ <small><a rel=\"nofollow\" id=\"cancel-comment-reply-link\" href=\"https:\/\/www.tvbuzau.ro\/unul-dintre-cele-mai-moderne-parcuri-industriale-la-ramnicu-sarat\/#respond\">Renun\u021ba\u021bi la r\u0103spuns<\/a><\/small><\/h3>\n<\/div>\n<\/div>\n<\/div>\n<div class=\"td-post-content\">\n<div class=\"td-featured-image-rec\">\n<div class=\"wpb_video_wrapper\">\n                    <iframe loading=\"lazy\" id=\"td_youtube_player\" width=\"600\" height=\"560\" src=\"https:\/\/www.youtube.com\/embed\/N5kgOST5uMs?enablejsapi=1&amp;feature=oembed&amp;wmode=opaque&amp;vq=hd720\" frameborder allowfullscreen><\/iframe><\/p><\/div>\n<\/div>\n<p>Va fi dezvoltat pe o suprafa\u0163\u0103 de peste 93.000 mp<br \/>\n\u00cen colaborare cu Prim\u0103ria Municipiului R\u00e2mnicu S\u0103rat, Consiliul Jude\u0163ean a ini\u021biat proiectul pentru \u00eenfiin\u021barea unui parc industrial la R\u00e2mnicu S\u0103rat, ca un prim pas \u00eentr-un context mai larg, viz\u00e2nd \u0219i parteneriate public \u2013 private, stimulare investi\u021bii \u0219i creare de noi locuri de munc\u0103. Un parc industrial este o zon\u0103 delimitat\u0103 \u0219i special amenajat\u0103 pentru desf\u0103\u0219urarea de activit\u0103\u021bi economice, de cercetare \u0219tiin\u021bific\u0103, produc\u021bie industrial\u0103 \u0219i servicii. Aceast\u0103 structur\u0103 func\u021bioneaz\u0103 ca un ecosistem de afaceri \u00een cadrul c\u0103ruia companiile beneficiaz\u0103 de infrastructur\u0103 comun\u0103, utilit\u0103\u021bi \u0219i facilit\u0103\u021bi fiscale, fiind administrat de o societate specializat\u0103. \u00cen Rom\u00e2nia, conform statisticilor, exist\u0103 peste 100 parcuri industriale active<br \/>\nProiectul a trecut \u015fi de votul consilierilor locali ai municipiului R\u00e2mnicu S\u0103rat.<br \/>\nParcul industrial va urma s\u0103 fie dezvoltat pe o suprafa\u0163\u0103 de peste 93.000 mp.<\/p>\n<div class=\"post-views post-118348 entry-meta\"><span class=\"post-views-label\">Post Views: <\/span><span class=\"post-views-count\">367<\/span><\/div>\n<\/div>\n<p>[analyse_source url=&#8221;https:\/\/www.tvbuzau.ro\/unul-dintre-cele-mai-moderne-parcuri-industriale-la-ramnicu-sarat\/&#8221;]<\/p>\n","protected":false},"excerpt":{"rendered":"<p>[analyse_image type=&#8221;featured&#8221; src=&#8221;https:\/\/www.tvbuzau.ro\/wp-content\/uploads\/2026\/03\/maxresdefault-3.jpghttps:\/\/www.tvbuzau.ro\/wp-content\/uploads\/2026\/03\/maxresdefault-3.jpg&#8221;] Actualitate Unul dintre cele mai moderne parcuri industriale, la R\u00e2mnicu S\u0103rat De c\u0103tre TV Buz\u0103u &#8211; martie 12, 2026 0 20 Distribui\u021bi pe Facebook Distribui\u021bi pe Twitter tweet Va fi dezvoltat pe o suprafa\u0163\u0103 de peste 93.000 mp \u00cen colaborare cu Prim\u0103ria Municipiului R\u00e2mnicu S\u0103rat, Consiliul Jude\u0163ean a ini\u021biat proiectul pentru \u00eenfiin\u021barea [&hellip;]<\/p>\n","protected":false},"author":1,"featured_media":0,"comment_status":"open","ping_status":"","sticky":false,"template":"","format":"standard","meta":{"footnotes":""},"categories":[2],"tags":[226,116],"class_list":["post-1830270","post","type-post","status-publish","format-standard","hentry","category-politics","tag-crawlmanager","tag-tvbuzau-ro"],"_links":{"self":[{"href":"https:\/\/analyse.optim.biz\/index.php?rest_route=\/wp\/v2\/posts\/1830270","targetHints":{"allow":["GET"]}}],"collection":[{"href":"https:\/\/analyse.optim.biz\/index.php?rest_route=\/wp\/v2\/posts"}],"about":[{"href":"https:\/\/analyse.optim.biz\/index.php?rest_route=\/wp\/v2\/types\/post"}],"author":[{"embeddable":true,"href":"https:\/\/analyse.optim.biz\/index.php?rest_route=\/wp\/v2\/users\/1"}],"replies":[{"embeddable":true,"href":"https:\/\/analyse.optim.biz\/index.php?rest_route=%2Fwp%2Fv2%2Fcomments&post=1830270"}],"version-history":[{"count":0,"href":"https:\/\/analyse.optim.biz\/index.php?rest_route=\/wp\/v2\/posts\/1830270\/revisions"}],"wp:attachment":[{"href":"https:\/\/analyse.optim.biz\/index.php?rest_route=%2Fwp%2Fv2%2Fmedia&parent=1830270"}],"wp:term":[{"taxonomy":"category","embeddable":true,"href":"https:\/\/analyse.optim.biz\/index.php?rest_route=%2Fwp%2Fv2%2Fcategories&post=1830270"},{"taxonomy":"post_tag","embeddable":true,"href":"https:\/\/analyse.optim.biz\/index.php?rest_route=%2Fwp%2Fv2%2Ftags&post=1830270"}],"curies":[{"name":"wp","href":"https:\/\/api.w.org\/{rel}","templated":true}]}}