{"id":1830065,"date":"2026-03-16T00:00:00","date_gmt":"2026-03-15T21:00:00","guid":{"rendered":"https:\/\/analyse.optim.biz\/?p=1830065"},"modified":"2026-03-16T00:00:00","modified_gmt":"2026-03-15T21:00:00","slug":"o-companie-acuza-solutiile-discriminatorii-ale-curtii-de-apel-suceava-va-fi-sesizata-comisia-europeana","status":"publish","type":"post","link":"https:\/\/analyse.optim.biz\/?p=1830065","title":{"rendered":"O companie acuz\u0103 solu\u021biile discriminatorii ale Cur\u021bii de Apel Suceava. Va fi sesizat\u0103 Comisia European\u0103"},"content":{"rendered":"<p>[analyse_image type=&#8221;featured&#8221; src=&#8221;&#8221;]<\/p>\n<div class=\"entry-content\">\n<p><a href=\"https:\/\/www.botosaninews.ro\/wp-content\/uploads\/2026\/03\/comisia-europeana.jpg\"><img decoding=\"async\" loading=\"lazy\" class=\"alignright size-medium wp-image-725523\" src=\"https:\/\/www.botosaninews.ro\/wp-content\/uploads\/2026\/03\/comisia-europeana-300x200.jpg\" alt=\"\" width=\"300\" height=\"200\"><\/a>O cunoscut\u0103 companie din Boto\u015fani va sesiza Comisia European\u0103 cu privire la nerespectarea de c\u0103tre statul rom\u00e2n a normelor imperative de drept ale Uniunii Europene privind regimul general al accizelor. Societatea comercial\u0103 Prodalcom SA, care este unul dintre cei mai importan\u0163i juc\u0103tori din industria rom\u00e2neasc\u0103 de alcool \u015fi b\u0103uturi spirtoase, va apela la forurile europene, dup\u0103 ce statul a refuzat s\u0103 \u00eei restituie importante sume de bani \u00eencasate necuvenit.<\/p>\n<p>Prodalcom SA, controlat\u0103 de omul de afaceri Cornel \u015efai\u0163er, a deschis mai multe ac\u0163iuni \u00een instan\u0163\u0103 pentru a recupera \u201ctaxa pe viciu\u201d, pe care directiva european\u0103 (Directiva 2008\/118\/CE din 16 decembrie 2008 privind regimul general al accizelor) o consider\u0103 abuziv\u0103 \u015fi pe care statul rom\u00e2n a eliminat-o \u00een 2018, printr-o ordonan\u0163\u0103 de urgen\u0163\u0103 (OUG 114\/1018).<\/p>\n<p>\u00cen ciuda argumentelor juridice solide aduse, instan\u0163ele de judecat\u0103, respectiv Tribunalul Boto\u015fani \u015fi Curtea de Apel Suceava, au respins <span><a href=\"https:\/\/www.botosaninews.ro\/677775\/economic\/un-cunoscut-om-de-afaceri-din-botosani-obtine-despagubiri-de-la-stat-are-de-incasat-cel-putin-14-milioane-de-lei-de-la-buget\/\">cele mai multe dintre ac\u0163iuni,<\/a><\/span>\u00a0\u00een condi\u0163iile \u00een care \u00een \u00eentreaga \u0163ar\u0103 to\u0163i produc\u0103torii de alcool din Rom\u00e2nia \u015fi-au recuperat taxele de viciu pl\u0103tite de la instituirea acestora, \u00een 2006, p\u00e2n\u0103 la eliminarea acestora, \u00een 2018.<\/p>\n<p>Cunoscuta profesoar\u0103 de drept Mihaela Tofan, care este avocat \u00een Baroul Ia\u015fi, consider\u0103 c\u0103 deciziile instan\u0163elor din Boto\u015fani \u015fi Suceava de a respinge ac\u0163iunile Prodalcom sunt \u00een contradic\u0163ie cu normele juridice europene.<\/p>\n<p><em><strong>\u201cIni\u021bial, la nivelul Boto\u0219aniului, dosarele au mers \u00een acord cu ceea ce se \u00eent\u00e2mpl\u0103 \u00een \u021bar\u0103, \u00een alte instan\u021be, adic\u0103 la Satu Mare, la Cluj, la Gala\u021bi, la Slobozia, la Bucure\u0219ti, peste tot \u00een \u021bar\u0103. P\u00e2n\u0103 la punctul la care aceste dosare au ajuns \u00een recurs \u00een fa\u021ba Cur\u021bii de Apel Suceava, unde brusc interpretarea dat\u0103 a fost c\u0103 sumele sunt cerute prea t\u00e2rziu, c\u0103 a intervenit prescrip\u021bia pentru aceste sume \u0219i c\u0103 numai parte dintre ele poate fi restituit\u0103, pentru c\u0103 solicitarea a ap\u0103rut prea t\u00e2rziu. Punctul acesta de vedere al Cur\u021bii de Apel Suceava a contagiat imediat Tribunalul Boto\u0219ani. Adic\u0103, toate dosarele care au venit din urm\u0103 pe Tribunalul Boto\u0219ani au mers fix dup\u0103 acela\u0219i scenariu, scenariul care este \u00een profund dezacord cu ceea ce se \u00eent\u00e2mpl\u0103 \u00een toat\u0103 Rom\u00e2nia \u0219i cu ceea ce reglementeaz\u0103 normele de drept \u00een Uniunea European\u0103 \u0219i Curtea de Justi\u021bie a Uniunii Europene \u00een leg\u0103tur\u0103 cu taxa pe viciu\u201d<\/strong><\/em>, a declarat Mihaela Tofan, care sus\u0163ine c\u0103 \u00een aceste cauze nu a operat prescrip\u0163ia dreptului la ac\u021biune.<\/p>\n<p>\u00cen plus, spune avocata, solu\u0163iile instan\u0163elor din Boto\u015fani \u015fi Suceava sunt discriminatorii fa\u0163\u0103 de Prodalcom, care este pus \u00een situa\u0163ie de inferioritate \u00een raport cu companii concurente din \u0163ar\u0103.<\/p>\n<p><em><strong>\u201cPur \u0219i simplu, Prodalcom \u00een acest monument este discriminat\u0103 prin raportare la ceilal\u021bi pl\u0103titori de taxe din Rom\u00e2nia \u0219i sanc\u021bionat pentru c\u0103 a fost un contribuabil bun. (\u2026) Este, \u00een opinia mea \u0219i o problem\u0103 de interven\u021bie pe pia\u021ba liber\u0103, pentru c\u0103, atunci c\u00e2nd concurentul meu direct prime\u0219te banii \u00eenapoi, el are un capital de lucru acum suplimentar, iar eu nu pot s\u0103-i fac fa\u021b\u0103 lui. Acesta e adev\u0103ratul efect al tratamentului diferit pe care instan\u021bele din arealul de competen\u021b\u0103 al Cur\u021bii de Apel Suceava \u00eel genereaz\u0103, mai departe de lipsirea unui contribuabil disciplinat de sumele care i se cuvin a fi restituite. Pentru c\u0103 Prodalcom nu primesc banii \u00eenapoi pe care al\u021bii contribuabilii primesc este denaturat jocul liber al concuren\u021bei pe pia\u021ba unic\u0103 european\u0103. Este total haotic. Lucrurile nu pot s\u0103 r\u0103m\u00e2n\u0103 a\u015fa. Dac\u0103 nu se rezolv\u0103 \u00een instan\u021b\u0103, trebuie, din nou, sesizat\u0103 Comisia European\u0103. Este o injusti\u021bie absolut incalificabil\u0103, f\u0103r\u0103 niciun fel de legitimitate. Nu e o chestiune de interpretare diferit\u0103, s\u0103 ne \u00een\u021belegem! Este pur \u0219i simplu un tratament diferen\u021biat al Prodalcom-ului \u00een instan\u021bele din Suceava \u0219i Boto\u0219ani prin compara\u021bie cu tot ceea ce ob\u021bin al\u021bi produc\u0103tori de b\u0103uturi spirtoase din Rom\u00e2nia \u00een celelalte instan\u021be<\/strong><\/em>\u201c, a ad\u0103ugat avocata care face parte din echipa care reprezint\u0103 Prodalcom \u00een aceste dosare.<\/p>\n<p>Avoca\u0163ii companiei boto\u015f\u0103nene au solicitat, de asemenea, instan\u0163elor de judecat\u0103 s\u0103 admit\u0103 o cerere de sesizare cu titlu preliminar pentru ca punctul de vedere justificat s\u0103 fie formulat chiar de Curtea de Justi\u0163ie a Uniunii Europene pe aceast\u0103 tem\u0103. \u00cens\u0103 magistra\u0163ii Tribunalului Boto\u0219ani \u0219i ai Cur\u021bii de Apel Suceava s-au opus repetat acestei proceduri juridice, ceea ce este considerat o obstruc\u0163ie \u00een actul de justi\u0163ie, o \u00eenc\u0103lcare a normelor art. 267 din Tratatul privind Func\u021bionarea Uniunii Europene \u0219i o lezare direct\u0103 a dreptului la un proces echitabil.<\/p>\n<p><a href=\"https:\/\/news.google.com\/publications\/CAAqBwgKMMy4pgswtMO-Aw?ceid=RO:ro&amp;oc=3\" target=\"_blank\" rel=\"noopener\" data-saferedirecturl=\"https:\/\/www.google.com\/url?q=https:\/\/news.google.com\/publications\/CAAqBwgKMMy4pgswtMO-Aw?ceid%3DRO:ro%26oc%3D3&amp;source=gmail&amp;ust=1773484689140000&amp;usg=AOvVaw3iXxTMhtvxkZiC8SWifb1Z\">Urmareste-ne pe Google News<\/a><\/p>\n<\/div>\n<div class=\"entry-content\">\n<p><a href=\"https:\/\/www.botosaninews.ro\/wp-content\/uploads\/2026\/03\/comisia-europeana.jpg\"><img decoding=\"async\" loading=\"lazy\" class=\"alignright size-medium wp-image-725523\" src=\"https:\/\/www.botosaninews.ro\/wp-content\/uploads\/2026\/03\/comisia-europeana-300x200.jpg\" alt=\"\" width=\"300\" height=\"200\"><\/a>O cunoscut\u0103 companie din Boto\u015fani va sesiza Comisia European\u0103 cu privire la nerespectarea de c\u0103tre statul rom\u00e2n a normelor imperative de drept ale Uniunii Europene privind regimul general al accizelor. Societatea comercial\u0103 Prodalcom SA, care este unul dintre cei mai importan\u0163i juc\u0103tori din industria rom\u00e2neasc\u0103 de alcool \u015fi b\u0103uturi spirtoase, va apela la forurile europene, dup\u0103 ce statul a refuzat s\u0103 \u00eei restituie importante sume de bani \u00eencasate necuvenit.<\/p>\n<p>Prodalcom SA, controlat\u0103 de omul de afaceri Cornel \u015efai\u0163er, a deschis mai multe ac\u0163iuni \u00een instan\u0163\u0103 pentru a recupera \u201ctaxa pe viciu\u201d, pe care directiva european\u0103 (Directiva 2008\/118\/CE din 16 decembrie 2008 privind regimul general al accizelor) o consider\u0103 abuziv\u0103 \u015fi pe care statul rom\u00e2n a eliminat-o \u00een 2018, printr-o ordonan\u0163\u0103 de urgen\u0163\u0103 (OUG 114\/1018).<\/p>\n<p>\u00cen ciuda argumentelor juridice solide aduse, instan\u0163ele de judecat\u0103, respectiv Tribunalul Boto\u015fani \u015fi Curtea de Apel Suceava, au respins <span><a href=\"https:\/\/www.botosaninews.ro\/677775\/economic\/un-cunoscut-om-de-afaceri-din-botosani-obtine-despagubiri-de-la-stat-are-de-incasat-cel-putin-14-milioane-de-lei-de-la-buget\/\">cele mai multe dintre ac\u0163iuni,<\/a><\/span>\u00a0\u00een condi\u0163iile \u00een care \u00een \u00eentreaga \u0163ar\u0103 to\u0163i produc\u0103torii de alcool din Rom\u00e2nia \u015fi-au recuperat taxele de viciu pl\u0103tite de la instituirea acestora, \u00een 2006, p\u00e2n\u0103 la eliminarea acestora, \u00een 2018.<\/p>\n<p>Cunoscuta profesoar\u0103 de drept Mihaela Tofan, care este avocat \u00een Baroul Ia\u015fi, consider\u0103 c\u0103 deciziile instan\u0163elor din Boto\u015fani \u015fi Suceava de a respinge ac\u0163iunile Prodalcom sunt \u00een contradic\u0163ie cu normele juridice europene.<\/p>\n<p><em><strong>\u201cIni\u021bial, la nivelul Boto\u0219aniului, dosarele au mers \u00een acord cu ceea ce se \u00eent\u00e2mpl\u0103 \u00een \u021bar\u0103, \u00een alte instan\u021be, adic\u0103 la Satu Mare, la Cluj, la Gala\u021bi, la Slobozia, la Bucure\u0219ti, peste tot \u00een \u021bar\u0103. P\u00e2n\u0103 la punctul la care aceste dosare au ajuns \u00een recurs \u00een fa\u021ba Cur\u021bii de Apel Suceava, unde brusc interpretarea dat\u0103 a fost c\u0103 sumele sunt cerute prea t\u00e2rziu, c\u0103 a intervenit prescrip\u021bia pentru aceste sume \u0219i c\u0103 numai parte dintre ele poate fi restituit\u0103, pentru c\u0103 solicitarea a ap\u0103rut prea t\u00e2rziu. Punctul acesta de vedere al Cur\u021bii de Apel Suceava a contagiat imediat Tribunalul Boto\u0219ani. Adic\u0103, toate dosarele care au venit din urm\u0103 pe Tribunalul Boto\u0219ani au mers fix dup\u0103 acela\u0219i scenariu, scenariul care este \u00een profund dezacord cu ceea ce se \u00eent\u00e2mpl\u0103 \u00een toat\u0103 Rom\u00e2nia \u0219i cu ceea ce reglementeaz\u0103 normele de drept \u00een Uniunea European\u0103 \u0219i Curtea de Justi\u021bie a Uniunii Europene \u00een leg\u0103tur\u0103 cu taxa pe viciu\u201d<\/strong><\/em>, a declarat Mihaela Tofan, care sus\u0163ine c\u0103 \u00een aceste cauze nu a operat prescrip\u0163ia dreptului la ac\u021biune.<\/p>\n<p>\u00cen plus, spune avocata, solu\u0163iile instan\u0163elor din Boto\u015fani \u015fi Suceava sunt discriminatorii fa\u0163\u0103 de Prodalcom, care este pus \u00een situa\u0163ie de inferioritate \u00een raport cu companii concurente din \u0163ar\u0103.<\/p>\n<p><em><strong>\u201cPur \u0219i simplu, Prodalcom \u00een acest monument este discriminat\u0103 prin raportare la ceilal\u021bi pl\u0103titori de taxe din Rom\u00e2nia \u0219i sanc\u021bionat pentru c\u0103 a fost un contribuabil bun. (\u2026) Este, \u00een opinia mea \u0219i o problem\u0103 de interven\u021bie pe pia\u021ba liber\u0103, pentru c\u0103, atunci c\u00e2nd concurentul meu direct prime\u0219te banii \u00eenapoi, el are un capital de lucru acum suplimentar, iar eu nu pot s\u0103-i fac fa\u021b\u0103 lui. Acesta e adev\u0103ratul efect al tratamentului diferit pe care instan\u021bele din arealul de competen\u021b\u0103 al Cur\u021bii de Apel Suceava \u00eel genereaz\u0103, mai departe de lipsirea unui contribuabil disciplinat de sumele care i se cuvin a fi restituite. Pentru c\u0103 Prodalcom nu primesc banii \u00eenapoi pe care al\u021bii contribuabilii primesc este denaturat jocul liber al concuren\u021bei pe pia\u021ba unic\u0103 european\u0103. Este total haotic. Lucrurile nu pot s\u0103 r\u0103m\u00e2n\u0103 a\u015fa. Dac\u0103 nu se rezolv\u0103 \u00een instan\u021b\u0103, trebuie, din nou, sesizat\u0103 Comisia European\u0103. Este o injusti\u021bie absolut incalificabil\u0103, f\u0103r\u0103 niciun fel de legitimitate. Nu e o chestiune de interpretare diferit\u0103, s\u0103 ne \u00een\u021belegem! Este pur \u0219i simplu un tratament diferen\u021biat al Prodalcom-ului \u00een instan\u021bele din Suceava \u0219i Boto\u0219ani prin compara\u021bie cu tot ceea ce ob\u021bin al\u021bi produc\u0103tori de b\u0103uturi spirtoase din Rom\u00e2nia \u00een celelalte instan\u021be<\/strong><\/em>\u201c, a ad\u0103ugat avocata care face parte din echipa care reprezint\u0103 Prodalcom \u00een aceste dosare.<\/p>\n<p>Avoca\u0163ii companiei boto\u015f\u0103nene au solicitat, de asemenea, instan\u0163elor de judecat\u0103 s\u0103 admit\u0103 o cerere de sesizare cu titlu preliminar pentru ca punctul de vedere justificat s\u0103 fie formulat chiar de Curtea de Justi\u0163ie a Uniunii Europene pe aceast\u0103 tem\u0103. \u00cens\u0103 magistra\u0163ii Tribunalului Boto\u0219ani \u0219i ai Cur\u021bii de Apel Suceava s-au opus repetat acestei proceduri juridice, ceea ce este considerat o obstruc\u0163ie \u00een actul de justi\u0163ie, o \u00eenc\u0103lcare a normelor art. 267 din Tratatul privind Func\u021bionarea Uniunii Europene \u0219i o lezare direct\u0103 a dreptului la un proces echitabil.<\/p>\n<p><a href=\"https:\/\/news.google.com\/publications\/CAAqBwgKMMy4pgswtMO-Aw?ceid=RO:ro&amp;oc=3\" target=\"_blank\" rel=\"noopener\" data-saferedirecturl=\"https:\/\/www.google.com\/url?q=https:\/\/news.google.com\/publications\/CAAqBwgKMMy4pgswtMO-Aw?ceid%3DRO:ro%26oc%3D3&amp;source=gmail&amp;ust=1773484689140000&amp;usg=AOvVaw3iXxTMhtvxkZiC8SWifb1Z\">Urmareste-ne pe Google News<\/a><\/p>\n<\/div>\n<p>[analyse_source url=&#8221;https:\/\/suceavanews.ro\/318720\/economic\/o-companie-acuza-solutiile-discriminatorii-ale-curtii-de-apel-suceava-va-fi-sesizata-comisia-europeana\/&#8221;]<\/p>\n","protected":false},"excerpt":{"rendered":"<p>[analyse_image type=&#8221;featured&#8221; src=&#8221;&#8221;] O cunoscut\u0103 companie din Boto\u015fani va sesiza Comisia European\u0103 cu privire la nerespectarea de c\u0103tre statul rom\u00e2n a normelor imperative de drept ale Uniunii Europene privind regimul general al accizelor. Societatea comercial\u0103 Prodalcom SA, care este unul dintre cei mai importan\u0163i juc\u0103tori din industria rom\u00e2neasc\u0103 de alcool \u015fi b\u0103uturi spirtoase, va apela [&hellip;]<\/p>\n","protected":false},"author":1,"featured_media":0,"comment_status":"open","ping_status":"","sticky":false,"template":"","format":"standard","meta":{"footnotes":""},"categories":[89],"tags":[226,174],"class_list":["post-1830065","post","type-post","status-publish","format-standard","hentry","category-romania","tag-crawlmanager","tag-suceavanews-ro"],"_links":{"self":[{"href":"https:\/\/analyse.optim.biz\/index.php?rest_route=\/wp\/v2\/posts\/1830065","targetHints":{"allow":["GET"]}}],"collection":[{"href":"https:\/\/analyse.optim.biz\/index.php?rest_route=\/wp\/v2\/posts"}],"about":[{"href":"https:\/\/analyse.optim.biz\/index.php?rest_route=\/wp\/v2\/types\/post"}],"author":[{"embeddable":true,"href":"https:\/\/analyse.optim.biz\/index.php?rest_route=\/wp\/v2\/users\/1"}],"replies":[{"embeddable":true,"href":"https:\/\/analyse.optim.biz\/index.php?rest_route=%2Fwp%2Fv2%2Fcomments&post=1830065"}],"version-history":[{"count":0,"href":"https:\/\/analyse.optim.biz\/index.php?rest_route=\/wp\/v2\/posts\/1830065\/revisions"}],"wp:attachment":[{"href":"https:\/\/analyse.optim.biz\/index.php?rest_route=%2Fwp%2Fv2%2Fmedia&parent=1830065"}],"wp:term":[{"taxonomy":"category","embeddable":true,"href":"https:\/\/analyse.optim.biz\/index.php?rest_route=%2Fwp%2Fv2%2Fcategories&post=1830065"},{"taxonomy":"post_tag","embeddable":true,"href":"https:\/\/analyse.optim.biz\/index.php?rest_route=%2Fwp%2Fv2%2Ftags&post=1830065"}],"curies":[{"name":"wp","href":"https:\/\/api.w.org\/{rel}","templated":true}]}}