{"id":1829829,"date":"2026-03-13T17:28:00","date_gmt":"2026-03-13T14:28:00","guid":{"rendered":"https:\/\/analyse.optim.biz\/?p=1829829"},"modified":"2026-03-13T17:28:00","modified_gmt":"2026-03-13T14:28:00","slug":"ciprian-ciucu-imi-fac-podcast-edilul-anunta-ca-isi-propune-sa-ajunga-in-topul-podcasturilor-din","status":"publish","type":"post","link":"https:\/\/analyse.optim.biz\/?p=1829829","title":{"rendered":"Ciprian Ciucu: &#8220;\u00cemi fac podcast.&#8221; Edilul anun\u0163\u0103 c\u0103 \u00ee\u015fi propune s\u0103 ajung\u0103 \u00een topul podcasturilor din"},"content":{"rendered":"<p>[analyse_image type=&#8221;featured&#8221; src=&#8221;https:\/\/img.observatornews.ro\/?u=https%3A%2F%2Fobservatornews.ro%2Fuploads%2Fmodules%2Fnews%2F0%2F2026%2F3%2F13%2F648685%2Fciucu2-b37d701a.jpg&amp;w=1200&amp;h=630&amp;c=1&#8243;]<\/p>\n<div class=\"articleBody\" data-key=\"articleBody\">&#8220;\u00cemi fac podcast&#8221;, anun\u021b\u0103 Ciprian Ciucu printr-un mesaj publicat pe Facebook.<\/p>\n<p>INFORMARESet\u0103rile tale privind cookie-urile nu permit afi\u0219area con\u021binutului din aceast\u0103 zon\u0103. E necesar s\u0103 accep\u021bi cookie-urile social media pentru afisarea acestui tip de con\u021binut. Modific\u0103 set\u0103rile<\/p>\n<p>Edilul a spus: &#8220;Eu nu am timp, chef \u0219i nici nu m\u0103 pricep s\u0103 m\u0103 scal\u00e2mb\u0103i pe TikTok \u0219i s\u0103 v\u0103 captez aten\u021bia \u00een trei secunde \u0219i s\u0103 cultiv ura cu live-uri la \u00eent\u00e2mplare, cum \u00eemi vine&#8221;.<\/p>\n<p>Primarul General a explicat c\u0103 podcastul \u00ee\u0219i propune s\u0103 explice bucure\u0219tenilor modul \u00een care se conduce un ora\u0219 \u0219i politicile necesare.<\/p>\n<p>&#8220;Dac\u0103 vre\u021bi s\u0103 \u00een\u021belege\u021bi Bucure\u0219tiul p\u00e2n\u0103 \u00een str\u0103fundurile sale, s\u0103 afla\u021bi politicile pe care le avem \u00een vedere pentru viitorul apropiat \u0219i mediu, s\u0103-i vede\u021bi guvernarea \u0219i prin ochii mei, ai primarului, nealterat\u0103 de titluri bombastice \u0219i \u00een\u0219el\u0103toare, acest podcast v\u0103 este dedicat&#8221;, se arat\u0103 \u00een mesajul lui Ciucu.<\/p>\n<p>Primarul a precizat c\u0103 ini\u021biativa este &#8220;Work in progress (Lucrare \u00een curs)&#8221;, \u0219i c\u0103 momentan nu a stabilit \u00eenc\u0103 detaliile podcastului, \u00eens\u0103 a men\u021bionat c\u0103 ora difuz\u0103rii va fi &#8220;\u00een afara programului&#8221;.<\/p>\n<p>&#8220;Nu am \u00eenc\u0103 un nume pentru el, nu am \u00eenc\u0103 un format (ex. un tandem cu un ziarist independent care s\u0103 fie spin doctor, un alt invitat de fiecare dat\u0103 etc.) \u0219i nu am decis dac\u0103 s\u0103 fie live sau \u00eenregistrat. Nu am decis nici o dat\u0103 la care s\u0103 \u00eel lansez, dar nu va mai dura mult&#8221;, noteaz\u0103 edilul.<\/p>\n<p>Ciucu \u0219i-a propus \u0219i un obiectiv important pentru viitorul podcast: &#8220;p\u00e2n\u0103 la sf\u00e2r\u0219itul anului s\u0103 fie \u00een top 20 podcasturi din Rom\u00e2nia&#8221;.\n<\/p><\/div>\n<p>[analyse_source url=&#8221;https:\/\/observatornews.ro\/politic\/ciprian-ciucu-imi-fac-podcast-edilul-anunta-ca-isi-propune-sa-ajunga-in-topul-podcasturilor-din-tara-648685.html&#8221;]<\/p>\n","protected":false},"excerpt":{"rendered":"<p>[analyse_image type=&#8221;featured&#8221; src=&#8221;https:\/\/img.observatornews.ro\/?u=https%3A%2F%2Fobservatornews.ro%2Fuploads%2Fmodules%2Fnews%2F0%2F2026%2F3%2F13%2F648685%2Fciucu2-b37d701a.jpg&amp;w=1200&amp;h=630&amp;c=1&#8243;] &#8220;\u00cemi fac podcast&#8221;, anun\u021b\u0103 Ciprian Ciucu printr-un mesaj publicat pe Facebook. INFORMARESet\u0103rile tale privind cookie-urile nu permit afi\u0219area con\u021binutului din aceast\u0103 zon\u0103. E necesar s\u0103 accep\u021bi cookie-urile social media pentru afisarea acestui tip de con\u021binut. Modific\u0103 set\u0103rile Edilul a spus: &#8220;Eu nu am timp, chef \u0219i nici nu m\u0103 pricep s\u0103 m\u0103 [&hellip;]<\/p>\n","protected":false},"author":1,"featured_media":0,"comment_status":"open","ping_status":"","sticky":false,"template":"","format":"standard","meta":{"footnotes":""},"categories":[2],"tags":[226,30],"class_list":["post-1829829","post","type-post","status-publish","format-standard","hentry","category-politics","tag-crawlmanager","tag-observatornews-ro"],"_links":{"self":[{"href":"https:\/\/analyse.optim.biz\/index.php?rest_route=\/wp\/v2\/posts\/1829829","targetHints":{"allow":["GET"]}}],"collection":[{"href":"https:\/\/analyse.optim.biz\/index.php?rest_route=\/wp\/v2\/posts"}],"about":[{"href":"https:\/\/analyse.optim.biz\/index.php?rest_route=\/wp\/v2\/types\/post"}],"author":[{"embeddable":true,"href":"https:\/\/analyse.optim.biz\/index.php?rest_route=\/wp\/v2\/users\/1"}],"replies":[{"embeddable":true,"href":"https:\/\/analyse.optim.biz\/index.php?rest_route=%2Fwp%2Fv2%2Fcomments&post=1829829"}],"version-history":[{"count":0,"href":"https:\/\/analyse.optim.biz\/index.php?rest_route=\/wp\/v2\/posts\/1829829\/revisions"}],"wp:attachment":[{"href":"https:\/\/analyse.optim.biz\/index.php?rest_route=%2Fwp%2Fv2%2Fmedia&parent=1829829"}],"wp:term":[{"taxonomy":"category","embeddable":true,"href":"https:\/\/analyse.optim.biz\/index.php?rest_route=%2Fwp%2Fv2%2Fcategories&post=1829829"},{"taxonomy":"post_tag","embeddable":true,"href":"https:\/\/analyse.optim.biz\/index.php?rest_route=%2Fwp%2Fv2%2Ftags&post=1829829"}],"curies":[{"name":"wp","href":"https:\/\/api.w.org\/{rel}","templated":true}]}}