{"id":182975,"date":"2015-04-21T11:40:55","date_gmt":"2015-04-21T08:40:55","guid":{"rendered":"https:\/\/analyse.optim.biz\/?p=182975"},"modified":"2015-04-21T11:40:55","modified_gmt":"2015-04-21T08:40:55","slug":"traian-basescu-nou-atac-la-adresa-lui-calin-popescu-tariceanu-compromite-senatul","status":"publish","type":"post","link":"https:\/\/analyse.optim.biz\/?p=182975","title":{"rendered":"Traian B\u0103sescu, nou atac la adresa lui C\u0103lin Popescu T\u0103riceanu: compromite Senatul"},"content":{"rendered":"<div class=\"entry data-app-meta data-app-meta-article\" data-embed-base-url-canonical=\"https:\/\/www.digi24.ro\/embed\/stiri\/actualitate\/politica\/traian-basescu-nou-atac-la-adresa-lui-calin-popescu-tariceanu-compromite-senatul-382644\">\n<p data-index=\"1\"><img decoding=\"async\" src=\"https:\/\/analyse.optim.biz\/wp-content\/uploads\/2024\/09\/yxnoptdkythmndc0zgq4zjvhmjiym2y3nzc2mzbiyzi3zdjm-thumb_.jpg\" data-skip-htmlfix=\"1\" title=\"yxnoptdkythmndc0zgq4zjvhmjiym2y3nzc2mzbiyzi3zdjm-thumb_\"><\/p>\n<p data-index=\"2\"><span><em><strong><span>Foto: Mediafax<\/span><\/strong><\/em><\/span><\/p>\n<p data-index=\"3\">\u201e\u00cen capul domnului T\u0103riceanu nu s-a produs nicio evolu\u0163ie din 2006, c\u00e2nd \u00eemi scria bile\u0163ele roz, \u015fi p\u00e2n\u0103 ast\u0103zi. Este de neacceptat modul cum acest om \u00een\u0163elege s\u0103 blocheze func\u0163ionarea unor institu\u0163ii ale statului (Senat, DNA, instan\u0163e de judecat\u0103) \u00een ap\u0103rarea senatorului Dan \u015eova, care, pur \u015fi simplu, a distrus probe utile anchetei procurorilor \u015fi judec\u0103torilor.<\/p>\n<p data-index=\"4\">Ce face acum domnul T\u0103riceanu \u00eenseamn\u0103 compromiterea Senatului, \u00een condi\u021biile \u00een care majoritatea senatorilor a votat \u00een favoarea justi\u021biei. Prin tertipuri copil\u0103re\u0219ti, domnul T\u0103riceanu a \u00eenfr\u00e2nt \u0219i Constitu\u021bia, \u0219i votul majoritar al senatorilor, \u0219i justi\u021bia, f\u0103c\u00e2nd din Senat o pav\u0103z\u0103 \u00een interesul personal, dar penal al domnilor \u015eova \u015fi, probabil, Ponta.<\/p>\n<p data-index=\"5\">At\u00e2ta timp c\u00e2t domnul \u015eova nu este acuzat de procurori pentru declara\u0163ii politice sau pentru modul \u00een care a votat, ci pentru fapte de corup\u0163ie \u0219i distrugere de probe, singurul care are dreptul s\u0103 decid\u0103 este judec\u0103torul \u015fi nu senatorul, fie el \u0219i pre\u0219edinte al Senatului.<\/p>\n<p data-index=\"6\">Cred c\u0103 domnul T\u0103riceanu s-a pricopsit cu un abuz \u00een serviciu de toat\u0103 frumuse\u021bea\u201d, a scris Traian B\u0103sescu pe <a href=\"https:\/\/www.facebook.com\/PresedinteleTraianBasescu?fref=ts\" target=\"_blank\" data-skip-linkfix=\"1\" rel=\"noopener\"><strong>Facebook<\/strong><\/a>.<\/p>\n<h5><span>Citi\u021bi \u0219i:\u00a0<\/span><a href=\"https:\/\/www.digi24.ro\/Stiri\/Digi24\/Actualitate\/Politica\/Traian+Basescu+nou+atac+pe+Facebook+Liberalul+rosu+vrea+sa+joace\" target=\"_blank\" data-skip-linkfix=\"1\" rel=\"noopener\"><strong>Traian B\u0103sescu, nou atac pe Facebook: \u201eLiberalul ro\u0219u vrea s\u0103 joace p\u00e2n\u0103 la cap\u0103t partitura scris\u0103 de plagiator\u201d<\/strong><\/a><\/h5>\n<\/div>\n<p> Source URL: https:\/\/www.digi24.ro\/stiri\/actualitate\/politica\/traian-basescu-nou-atac-la-adresa-lui-calin-popescu-tariceanu-compromite-senatul-382644<\/p>\n","protected":false},"excerpt":{"rendered":"<p>Foto: Mediafax \u201e\u00cen capul domnului T\u0103riceanu nu s-a produs nicio evolu\u0163ie din 2006, c\u00e2nd \u00eemi scria bile\u0163ele roz, \u015fi p\u00e2n\u0103 ast\u0103zi. Este de neacceptat modul cum acest om \u00een\u0163elege s\u0103 blocheze func\u0163ionarea unor institu\u0163ii ale statului (Senat, DNA, instan\u0163e de judecat\u0103) \u00een ap\u0103rarea senatorului Dan \u015eova, care, pur \u015fi simplu, a distrus probe utile anchetei [&hellip;]<\/p>\n","protected":false},"author":1,"featured_media":182976,"comment_status":"open","ping_status":"","sticky":false,"template":"","format":"standard","meta":{"footnotes":""},"categories":[2],"tags":[11],"class_list":["post-182975","post","type-post","status-publish","format-standard","has-post-thumbnail","hentry","category-politics","tag-digi24"],"_links":{"self":[{"href":"https:\/\/analyse.optim.biz\/index.php?rest_route=\/wp\/v2\/posts\/182975","targetHints":{"allow":["GET"]}}],"collection":[{"href":"https:\/\/analyse.optim.biz\/index.php?rest_route=\/wp\/v2\/posts"}],"about":[{"href":"https:\/\/analyse.optim.biz\/index.php?rest_route=\/wp\/v2\/types\/post"}],"author":[{"embeddable":true,"href":"https:\/\/analyse.optim.biz\/index.php?rest_route=\/wp\/v2\/users\/1"}],"replies":[{"embeddable":true,"href":"https:\/\/analyse.optim.biz\/index.php?rest_route=%2Fwp%2Fv2%2Fcomments&post=182975"}],"version-history":[{"count":0,"href":"https:\/\/analyse.optim.biz\/index.php?rest_route=\/wp\/v2\/posts\/182975\/revisions"}],"wp:featuredmedia":[{"embeddable":true,"href":"https:\/\/analyse.optim.biz\/index.php?rest_route=\/wp\/v2\/media\/182976"}],"wp:attachment":[{"href":"https:\/\/analyse.optim.biz\/index.php?rest_route=%2Fwp%2Fv2%2Fmedia&parent=182975"}],"wp:term":[{"taxonomy":"category","embeddable":true,"href":"https:\/\/analyse.optim.biz\/index.php?rest_route=%2Fwp%2Fv2%2Fcategories&post=182975"},{"taxonomy":"post_tag","embeddable":true,"href":"https:\/\/analyse.optim.biz\/index.php?rest_route=%2Fwp%2Fv2%2Ftags&post=182975"}],"curies":[{"name":"wp","href":"https:\/\/api.w.org\/{rel}","templated":true}]}}