{"id":1829731,"date":"2026-03-16T07:00:58","date_gmt":"2026-03-16T04:00:58","guid":{"rendered":"https:\/\/analyse.optim.biz\/?p=1829731"},"modified":"2026-03-16T07:00:58","modified_gmt":"2026-03-16T04:00:58","slug":"prefectura-tulcea-pierde-doi-angajati-dupa-ordonanta-de-reformare-a-administratiei-ziarul-delta-tulcea","status":"publish","type":"post","link":"https:\/\/analyse.optim.biz\/?p=1829731","title":{"rendered":"Prefectura Tulcea pierde doi angaja\u0163i dup\u0103 ordonan\u0163a de reformare a administra\u0163iei &#8211; Ziarul Delta Tulcea"},"content":{"rendered":"<p>[analyse_image type=&#8221;featured&#8221; src=&#8221;https:\/\/ziaruldelta.ro\/wp-content\/uploads\/2026\/03\/prefectura-tulcea.jpg&#8221;]<\/p>\n<article id=\"post-35772\" class=\"module single-post-module post-35772 post type-post status-publish format-standard has-post-thumbnail hentry category-social et-has-post-format-content et_post_format-et-post-format-standard\">\n<div class=\"post-header\">\n<h1 class=\"entry-title\">Prefectura Tulcea pierde doi angaja\u0163i dup\u0103 ordonan\u0163a de reformare a administra\u0163iei<\/h1>\n<div class=\"post-meta vcard\">\n<p>Posted by <a href=\"https:\/\/ziaruldelta.ro\/author\/claudia-ionescu\/\" class=\"url fn\" title=\"Posts by Claudia Ionescu\" rel=\"author\">Claudia Ionescu<\/a> | <span class=\"updated\">Mar 16, 2026<\/span> | <a href=\"https:\/\/ziaruldelta.ro\/category\/social\/\" rel=\"tag\">Social<\/a> | <\/p>\n<\/div>\n<\/div>\n<div class=\"post-thumbnail header\"><img decoding=\"async\" src=\"https:\/\/ziaruldelta.ro\/wp-content\/uploads\/2026\/03\/prefectura-tulcea.jpg\" alt=\"Prefectura Tulcea pierde doi angaja\u0163i dup\u0103 ordonan\u0163a de reformare a administra\u0163iei\"><\/div>\n<div class=\"post-wrap\">\n<div class=\"post-content entry-content\">\n<p>Institu\u0163ia Prefectului Tulcea va trece printr-un proces de restructurare, dup\u0103 ce noua organigram\u0103 stabilit\u0103 de Ministerul Afacerilor Interne impune reducerea num\u0103rului de angaja\u0163i. Din totalul de 45 de posturi prev\u0103zute \u00een organigram\u0103, <img loading=\"lazy\" decoding=\"async\" class=\" wp-image-35774 alignleft\" src=\"https:\/\/ziaruldelta.ro\/wp-content\/uploads\/2026\/03\/Alexandru-Munteanu-458x610.jpg\" alt width=\"179\" height=\"239\">dintre care 36 sunt ocupate \u00een prezent, vor r\u0103m\u00e2ne doar 34 de func\u0163ii. Astfel, vor trebui date afar\u0103 dou\u0103 persoane.<\/p>\n<blockquote>\n<p>\u201eInstitu\u0163ia Prefectului Jude\u0163ul Tulcea avea repartizate 45 de posturi, iar la data prezentei, 9 posturi sunt vacante. \u00cen vederea aplic\u0103rii prevederilor Ordonan\u0163ei de urgen\u0163\u0103 a Guvernului nr. 7\/2026, care instituie m\u0103suri de reform\u0103 administrativ\u0103 \u015fi de consolidare fiscal-bugetar\u0103, institu\u0163iei i-au fost alocate 34 de posturi, urm\u00e2nd s\u0103 fie desfiin\u0163ate 11 posturi\u201d, a transmis\u00a0 prefectul jude\u0163ului Tulcea, Alexandru Dan Munteanu.<\/p>\n<\/blockquote>\n<p>Noua organigram\u0103 a Prefecturii Tulcea ar urma s\u0103 intre \u00een vigoare \u00een luna iulie.<\/p>\n<p>Citi\u0163i continuarea \u00een edi\u0163ia tip\u0103rit\u0103 a ziarului Delta.<\/p>\n<\/div>\n<\/div>\n<div class=\"post-footer\">\n<div class=\"social-icons ed-social-share-icons\">\n<p class=\"share-title\">Share:<\/p>\n<\/div>\n<div class=\"rating-stars\">\n<p id=\"rate-title\" class=\"rate-title\">Rate:<\/p>\n<\/div>\n<\/div>\n<\/article>\n<div class=\"post-content entry-content\">\n<p>Institu\u0163ia Prefectului Tulcea va trece printr-un proces de restructurare, dup\u0103 ce noua organigram\u0103 stabilit\u0103 de Ministerul Afacerilor Interne impune reducerea num\u0103rului de angaja\u0163i. Din totalul de 45 de posturi prev\u0103zute \u00een organigram\u0103, <img loading=\"lazy\" decoding=\"async\" class=\" wp-image-35774 alignleft\" src=\"https:\/\/ziaruldelta.ro\/wp-content\/uploads\/2026\/03\/Alexandru-Munteanu-458x610.jpg\" alt width=\"179\" height=\"239\">dintre care 36 sunt ocupate \u00een prezent, vor r\u0103m\u00e2ne doar 34 de func\u0163ii. Astfel, vor trebui date afar\u0103 dou\u0103 persoane.<\/p>\n<blockquote>\n<p>\u201eInstitu\u0163ia Prefectului Jude\u0163ul Tulcea avea repartizate 45 de posturi, iar la data prezentei, 9 posturi sunt vacante. \u00cen vederea aplic\u0103rii prevederilor Ordonan\u0163ei de urgen\u0163\u0103 a Guvernului nr. 7\/2026, care instituie m\u0103suri de reform\u0103 administrativ\u0103 \u015fi de consolidare fiscal-bugetar\u0103, institu\u0163iei i-au fost alocate 34 de posturi, urm\u00e2nd s\u0103 fie desfiin\u0163ate 11 posturi\u201d, a transmis\u00a0 prefectul jude\u0163ului Tulcea, Alexandru Dan Munteanu.<\/p>\n<\/blockquote>\n<p>Noua organigram\u0103 a Prefecturii Tulcea ar urma s\u0103 intre \u00een vigoare \u00een luna iulie.<\/p>\n<p>Citi\u0163i continuarea \u00een edi\u0163ia tip\u0103rit\u0103 a ziarului Delta.<\/p>\n<\/div>\n<div class=\"post-content entry-content\">\n<p>Institu\u0163ia Prefectului Tulcea va trece printr-un proces de restructurare, dup\u0103 ce noua organigram\u0103 stabilit\u0103 de Ministerul Afacerilor Interne impune reducerea num\u0103rului de angaja\u0163i. Din totalul de 45 de posturi prev\u0103zute \u00een organigram\u0103, <img loading=\"lazy\" decoding=\"async\" class=\" wp-image-35774 alignleft\" src=\"https:\/\/ziaruldelta.ro\/wp-content\/uploads\/2026\/03\/Alexandru-Munteanu-458x610.jpg\" alt width=\"179\" height=\"239\">dintre care 36 sunt ocupate \u00een prezent, vor r\u0103m\u00e2ne doar 34 de func\u0163ii. Astfel, vor trebui date afar\u0103 dou\u0103 persoane.<\/p>\n<blockquote>\n<p>\u201eInstitu\u0163ia Prefectului Jude\u0163ul Tulcea avea repartizate 45 de posturi, iar la data prezentei, 9 posturi sunt vacante. \u00cen vederea aplic\u0103rii prevederilor Ordonan\u0163ei de urgen\u0163\u0103 a Guvernului nr. 7\/2026, care instituie m\u0103suri de reform\u0103 administrativ\u0103 \u015fi de consolidare fiscal-bugetar\u0103, institu\u0163iei i-au fost alocate 34 de posturi, urm\u00e2nd s\u0103 fie desfiin\u0163ate 11 posturi\u201d, a transmis\u00a0 prefectul jude\u0163ului Tulcea, Alexandru Dan Munteanu.<\/p>\n<\/blockquote>\n<p>Noua organigram\u0103 a Prefecturii Tulcea ar urma s\u0103 intre \u00een vigoare \u00een luna iulie.<\/p>\n<p>Citi\u0163i continuarea \u00een edi\u0163ia tip\u0103rit\u0103 a ziarului Delta.<\/p>\n<\/div>\n<p>[analyse_source url=&#8221;https:\/\/ziaruldelta.ro\/2026\/03\/16\/prefectura-tulcea-pierde-doi-angajati-dupa-ordonanta-de-reformare-a-administratiei\/&#8221;]<\/p>\n","protected":false},"excerpt":{"rendered":"<p>[analyse_image type=&#8221;featured&#8221; src=&#8221;https:\/\/ziaruldelta.ro\/wp-content\/uploads\/2026\/03\/prefectura-tulcea.jpg&#8221;] Prefectura Tulcea pierde doi angaja\u0163i dup\u0103 ordonan\u0163a de reformare a administra\u0163iei Posted by Claudia Ionescu | Mar 16, 2026 | Social | Institu\u0163ia Prefectului Tulcea va trece printr-un proces de restructurare, dup\u0103 ce noua organigram\u0103 stabilit\u0103 de Ministerul Afacerilor Interne impune reducerea num\u0103rului de angaja\u0163i. Din totalul de 45 de posturi prev\u0103zute [&hellip;]<\/p>\n","protected":false},"author":1,"featured_media":0,"comment_status":"open","ping_status":"","sticky":false,"template":"","format":"standard","meta":{"footnotes":""},"categories":[89],"tags":[226,206],"class_list":["post-1829731","post","type-post","status-publish","format-standard","hentry","category-romania","tag-crawlmanager","tag-ziaruldelta-ro"],"_links":{"self":[{"href":"https:\/\/analyse.optim.biz\/index.php?rest_route=\/wp\/v2\/posts\/1829731","targetHints":{"allow":["GET"]}}],"collection":[{"href":"https:\/\/analyse.optim.biz\/index.php?rest_route=\/wp\/v2\/posts"}],"about":[{"href":"https:\/\/analyse.optim.biz\/index.php?rest_route=\/wp\/v2\/types\/post"}],"author":[{"embeddable":true,"href":"https:\/\/analyse.optim.biz\/index.php?rest_route=\/wp\/v2\/users\/1"}],"replies":[{"embeddable":true,"href":"https:\/\/analyse.optim.biz\/index.php?rest_route=%2Fwp%2Fv2%2Fcomments&post=1829731"}],"version-history":[{"count":0,"href":"https:\/\/analyse.optim.biz\/index.php?rest_route=\/wp\/v2\/posts\/1829731\/revisions"}],"wp:attachment":[{"href":"https:\/\/analyse.optim.biz\/index.php?rest_route=%2Fwp%2Fv2%2Fmedia&parent=1829731"}],"wp:term":[{"taxonomy":"category","embeddable":true,"href":"https:\/\/analyse.optim.biz\/index.php?rest_route=%2Fwp%2Fv2%2Fcategories&post=1829731"},{"taxonomy":"post_tag","embeddable":true,"href":"https:\/\/analyse.optim.biz\/index.php?rest_route=%2Fwp%2Fv2%2Ftags&post=1829731"}],"curies":[{"name":"wp","href":"https:\/\/api.w.org\/{rel}","templated":true}]}}