{"id":1829724,"date":"2026-03-16T18:20:02","date_gmt":"2026-03-16T15:20:02","guid":{"rendered":"https:\/\/analyse.optim.biz\/?p=1829724"},"modified":"2026-03-16T18:20:02","modified_gmt":"2026-03-16T15:20:02","slug":"proiect-cultural-inedit-in-valea-almajului-muzeu-al-satului-traditional-la-borlovenii-vechi","status":"publish","type":"post","link":"https:\/\/analyse.optim.biz\/?p=1829724","title":{"rendered":"Proiect cultural inedit \u00een Valea Alm\u0103jului: muzeu al satului tradi\u021bional la Borlovenii Vechi"},"content":{"rendered":"<p>[analyse_image type=&#8221;featured&#8221; src=&#8221;http:\/\/www.banatulmeu.ro\/wp-content\/uploads\/2026\/03\/IMG_3201.jpeg&#8221;]<\/p>\n<div class=\"post-content-bd\">\n<p>Un proiect cultural de amploare prinde contur \u00een satul Borlovenii Vechi, din Valea Alm\u0103jului, unde se lucreaz\u0103 la realizarea unui muzeu al satului tradi\u021bional din Banatul de Munte. Ini\u021biativa apar\u021bine Episcopiei Caransebe\u0219ului \u0219i este coordonat\u0103 de protosinghelul Teofil Zamela, originar din zon\u0103, stare\u021b al M\u0103n\u0103stirii \u021aara Alm\u0103jului \u0219i implicat activ \u00een via\u021ba comunit\u0103\u021bii locale.<\/p>\n<p>Muzeul va fi amenajat \u00een apropierea Schitului de la Borlovenii Vechi, o construc\u021bie din lemn ridicat\u0103 \u00een ultimii doi ani, apreciat\u0103 deja pentru arhitectura sa tradi\u021bional\u0103 \u0219i pentru modul armonios \u00een care se integreaz\u0103 \u00een peisajul V\u0103ii Alm\u0103jului.<\/p>\n<p>Primele elemente ale viitorului muzeu au \u00eenceput deja s\u0103 prind\u0103 contur. Mai multe case vechi din lemn, unele dat\u00e2nd chiar din secolul al XVIII-lea, au fost aduse \u0219i amplasate \u00een zon\u0103. Potrivit ini\u021biatorilor, \u00een cursul acestui an urmeaz\u0103 s\u0103 fie translocate \u00eenc\u0103 zece gospod\u0103rii tradi\u021bionale, care vor forma nucleul unui muzeu \u00een aer liber, primul de acest tip din jude\u021bul Cara\u0219-Severin.<\/p>\n<p>Protosinghelul Teofil Zamela a declarat c\u0103 obiectivul principal este ca gospod\u0103riile tradi\u021bionale s\u0103 fie integrate c\u00e2t mai cur\u00e2nd \u00een circuitul turistic, transform\u00e2nd astfel Borlovenii Vechi \u00eentr-un nou punct de atrac\u021bie pentru vizitatorii care ajung \u00een Valea Alm\u0103jului.<\/p>\n<p>Pe l\u00e2ng\u0103 realizarea muzeului, ini\u021biatorii proiectului \u00ee\u0219i propun \u0219i valorificarea patrimoniului tehnic tradi\u021bional al zonei, prin reabilitarea vechilor mori de ap\u0103 din sat. Mori care \u00eenc\u0103 exist\u0103 vor fi restaurate, iar cele disp\u0103rute ar putea fi reconstruite \u0219i repuse \u00een func\u021biune, complet\u00e2nd astfel oferta turistic\u0103 \u0219i cultural\u0103 a localit\u0103\u021bii.<\/p>\n<p>\u00cen prezent, \u00een Borlovenii Vechi sunt identificate \u0219apte mori de ap\u0103, dou\u0103 dintre ele fiind situate \u00een apropierea sitului arheologic neolitic \u0219i a vechii vetre a satului, zone cu o important\u0103 valoare istoric\u0103.<\/p>\n<p>De\u0219i ast\u0103zi este o localitate mic\u0103 a V\u0103ii Alm\u0103jului, Borlovenii Vechi p\u0103streaz\u0103 un patrimoniu cultural \u0219i istoric valoros. Proiectul ini\u021biat de Episcopia Caransebe\u0219ului \u0219i de p\u0103rintele Teofil Zamela \u00ee\u0219i propune nu doar conservarea tradi\u021biilor locale, ci \u0219i revitalizarea turismului din aceast\u0103 zon\u0103 a Banatului de Munte.<\/p>\n<\/div>\n<p>[analyse_source url=&#8221;https:\/\/www.banatulmeu.ro\/proiect-cultural-inedit-in-valea-almajului-muzeu-al-satului-traditional-la-borlovenii-vechi\/&#8221;]<\/p>\n","protected":false},"excerpt":{"rendered":"<p>[analyse_image type=&#8221;featured&#8221; src=&#8221;http:\/\/www.banatulmeu.ro\/wp-content\/uploads\/2026\/03\/IMG_3201.jpeg&#8221;] Un proiect cultural de amploare prinde contur \u00een satul Borlovenii Vechi, din Valea Alm\u0103jului, unde se lucreaz\u0103 la realizarea unui muzeu al satului tradi\u021bional din Banatul de Munte. Ini\u021biativa apar\u021bine Episcopiei Caransebe\u0219ului \u0219i este coordonat\u0103 de protosinghelul Teofil Zamela, originar din zon\u0103, stare\u021b al M\u0103n\u0103stirii \u021aara Alm\u0103jului \u0219i implicat activ \u00een via\u021ba [&hellip;]<\/p>\n","protected":false},"author":1,"featured_media":0,"comment_status":"open","ping_status":"","sticky":false,"template":"","format":"standard","meta":{"footnotes":""},"categories":[89],"tags":[204,226],"class_list":["post-1829724","post","type-post","status-publish","format-standard","hentry","category-romania","tag-banatulmeu-ro","tag-crawlmanager"],"_links":{"self":[{"href":"https:\/\/analyse.optim.biz\/index.php?rest_route=\/wp\/v2\/posts\/1829724","targetHints":{"allow":["GET"]}}],"collection":[{"href":"https:\/\/analyse.optim.biz\/index.php?rest_route=\/wp\/v2\/posts"}],"about":[{"href":"https:\/\/analyse.optim.biz\/index.php?rest_route=\/wp\/v2\/types\/post"}],"author":[{"embeddable":true,"href":"https:\/\/analyse.optim.biz\/index.php?rest_route=\/wp\/v2\/users\/1"}],"replies":[{"embeddable":true,"href":"https:\/\/analyse.optim.biz\/index.php?rest_route=%2Fwp%2Fv2%2Fcomments&post=1829724"}],"version-history":[{"count":0,"href":"https:\/\/analyse.optim.biz\/index.php?rest_route=\/wp\/v2\/posts\/1829724\/revisions"}],"wp:attachment":[{"href":"https:\/\/analyse.optim.biz\/index.php?rest_route=%2Fwp%2Fv2%2Fmedia&parent=1829724"}],"wp:term":[{"taxonomy":"category","embeddable":true,"href":"https:\/\/analyse.optim.biz\/index.php?rest_route=%2Fwp%2Fv2%2Fcategories&post=1829724"},{"taxonomy":"post_tag","embeddable":true,"href":"https:\/\/analyse.optim.biz\/index.php?rest_route=%2Fwp%2Fv2%2Ftags&post=1829724"}],"curies":[{"name":"wp","href":"https:\/\/api.w.org\/{rel}","templated":true}]}}