{"id":182960,"date":"2015-04-21T16:16:13","date_gmt":"2015-04-21T13:16:13","guid":{"rendered":"https:\/\/analyse.optim.biz\/?p=182960"},"modified":"2015-04-21T16:16:13","modified_gmt":"2015-04-21T13:16:13","slug":"tatiana-niculescu-bran-si-a-dat-demisia","status":"publish","type":"post","link":"https:\/\/analyse.optim.biz\/?p=182960","title":{"rendered":"Tatiana Niculescu-Bran \u0219i-a dat demisia"},"content":{"rendered":"<div class=\"entry data-app-meta data-app-meta-article\" data-embed-base-url-canonical=\"https:\/\/www.digi24.ro\/embed\/stiri\/actualitate\/politica\/tatiana-niculescu-bran-si-a-dat-demisia-382901\">\n<p data-index=\"1\"><img decoding=\"async\" src=\"https:\/\/analyse.optim.biz\/wp-content\/uploads\/2024\/09\/dz04mdamagfzad03nwu2ndcxowiwntc2mtrjmzhknwq1mzk2ndzmogm3yg-thumb_.jpg\" data-skip-htmlfix=\"1\" title=\"dz04mdamagfzad03nwu2ndcxowiwntc2mtrjmzhknwq1mzk2ndzmogm3yg-thumb_\"><\/p>\n<p data-index=\"2\">\u201e<strong><em>Azi, 21 aprilie a.c., m-am retras din func\u021bia de purt\u0103tor de cuv\u00e2nt, de comun acord cu Pre\u0219edintele Rom\u00e2niei. Decizia mea a fost motivat\u0103 de constatarea c\u0103 \u00een perioada decembrie 2014 &#8211; aprilie 2015, colaborarea mea cu presa nu a fost cea pe care a\u0219 fi dorit-o. Voi sus\u021bine \u00een continuare proiectul de \u021bar\u0103 al domnului Pre\u0219edinte Klaus Iohannis, indiferent de raporturile mele profesionale cu Administra\u021bia Preziden\u021bial\u0103<\/em><\/strong>,\u201d a anun\u021bat Tatiana Niculescu-Bran, \u00eentr-un comunicat publicat pe site-ul Administra\u021biei Preziden\u021biale.<\/p>\n<p data-index=\"3\">Este al doilea consilier al pre\u0219edintelui Klaus Iohannis care pleac\u0103 de la Cotroceni. \u00cen 6 martie, \u0219eful statului a semnat decretul privind eliberarea din func\u021bie a lui George Scutaru, fost consilier preziden\u021bial pentru securitate na\u021bional\u0103.<\/p>\n<p data-index=\"4\">La \u00eenceputul lunii aprilie, un comunicat al procurorilor anticorup\u021bie anun\u021ba c\u0103 fostul consilier preziden\u021bial este <a href=\"https:\/\/www.digi24.ro\/Stiri\/Digi24\/Actualitate\/Justitie\/George+Scutaru+la+DNA\" target=\"_blank\" data-skip-linkfix=\"1\" rel=\"noopener\">urm\u0103rit penal<\/a> pentru complicitate la luare de mit\u0103 \u0219i sp\u0103lare de bani.<\/p>\n<\/div>\n<p> Source URL: https:\/\/www.digi24.ro\/stiri\/actualitate\/politica\/tatiana-niculescu-bran-si-a-dat-demisia-382901<\/p>\n","protected":false},"excerpt":{"rendered":"<p>\u201eAzi, 21 aprilie a.c., m-am retras din func\u021bia de purt\u0103tor de cuv\u00e2nt, de comun acord cu Pre\u0219edintele Rom\u00e2niei. Decizia mea a fost motivat\u0103 de constatarea c\u0103 \u00een perioada decembrie 2014 &#8211; aprilie 2015, colaborarea mea cu presa nu a fost cea pe care a\u0219 fi dorit-o. Voi sus\u021bine \u00een continuare proiectul de \u021bar\u0103 al domnului [&hellip;]<\/p>\n","protected":false},"author":1,"featured_media":182961,"comment_status":"open","ping_status":"","sticky":false,"template":"","format":"standard","meta":{"footnotes":""},"categories":[2],"tags":[11],"class_list":["post-182960","post","type-post","status-publish","format-standard","has-post-thumbnail","hentry","category-politics","tag-digi24"],"_links":{"self":[{"href":"https:\/\/analyse.optim.biz\/index.php?rest_route=\/wp\/v2\/posts\/182960","targetHints":{"allow":["GET"]}}],"collection":[{"href":"https:\/\/analyse.optim.biz\/index.php?rest_route=\/wp\/v2\/posts"}],"about":[{"href":"https:\/\/analyse.optim.biz\/index.php?rest_route=\/wp\/v2\/types\/post"}],"author":[{"embeddable":true,"href":"https:\/\/analyse.optim.biz\/index.php?rest_route=\/wp\/v2\/users\/1"}],"replies":[{"embeddable":true,"href":"https:\/\/analyse.optim.biz\/index.php?rest_route=%2Fwp%2Fv2%2Fcomments&post=182960"}],"version-history":[{"count":0,"href":"https:\/\/analyse.optim.biz\/index.php?rest_route=\/wp\/v2\/posts\/182960\/revisions"}],"wp:featuredmedia":[{"embeddable":true,"href":"https:\/\/analyse.optim.biz\/index.php?rest_route=\/wp\/v2\/media\/182961"}],"wp:attachment":[{"href":"https:\/\/analyse.optim.biz\/index.php?rest_route=%2Fwp%2Fv2%2Fmedia&parent=182960"}],"wp:term":[{"taxonomy":"category","embeddable":true,"href":"https:\/\/analyse.optim.biz\/index.php?rest_route=%2Fwp%2Fv2%2Fcategories&post=182960"},{"taxonomy":"post_tag","embeddable":true,"href":"https:\/\/analyse.optim.biz\/index.php?rest_route=%2Fwp%2Fv2%2Ftags&post=182960"}],"curies":[{"name":"wp","href":"https:\/\/api.w.org\/{rel}","templated":true}]}}