{"id":1829467,"date":"2026-03-16T16:53:39","date_gmt":"2026-03-16T13:53:39","guid":{"rendered":"https:\/\/analyse.optim.biz\/?p=1829467"},"modified":"2026-03-16T16:53:39","modified_gmt":"2026-03-16T13:53:39","slug":"timisoara-barbat-gasit-decedat-in-raul-bega-politistii-au-deschis-o-ancheta","status":"publish","type":"post","link":"https:\/\/analyse.optim.biz\/?p=1829467","title":{"rendered":"Timi\u0219oara: B\u0103rbat g\u0103sit decedat \u00een r\u00e2ul Bega. Poli\u021bi\u0219tii au deschis o anchet\u0103"},"content":{"rendered":"<p>[analyse_image type=&#8221;featured&#8221; src=&#8221;http:\/\/www.banatulmeu.ro\/wp-content\/uploads\/2025\/05\/3b5fb0ba-fce2-4458-ba59-580b2d670696.jpeg&#8221;]<\/p>\n<div class=\"post-content-bd\">\n<p>Un b\u0103rbat \u00een v\u00e2rst\u0103 de 45 de ani a fost g\u0103sit decedat, luni dup\u0103-amiaz\u0103, \u00een r\u00e2ul Bega, \u00een apropierea unui ponton special amenajat. Poli\u021bi\u0219tii continu\u0103 cercet\u0103rile pentru a stabili cu exactitate circumstan\u021bele \u00een care s-a produs decesul.<\/p>\n<p>Potrivit poli\u021bi\u0219tilor, \u00een jurul orei 16:40, poli\u021bi\u0219tii de la Sec\u021bia 2 au fost sesiza\u021bi cu privire la faptul c\u0103 o persoan\u0103 s-ar afla \u00een ap\u0103, l\u00e2ng\u0103 un ponton de pe r\u00e2ul Bega, posibil f\u0103r\u0103 via\u021b\u0103.<\/p>\n<p>Echipajele de poli\u021bie s-au deplasat imediat la fa\u021ba locului, iar \u00een urma verific\u0103rilor au confirmat cele sesizate. La fa\u021ba locului a fost identificat trupul unui b\u0103rbat \u00een v\u00e2rst\u0103 de 45 de ani.<\/p>\n<p>\u00cen urma primelor verific\u0103ri efectuate de poli\u021bi\u0219ti, pe corpul acestuia nu au fost descoperite urme vizibile de violen\u021b\u0103.<\/p>\n<p>Trupul ne\u00eensufle\u021bit a fost transportat la Institutul de Medicin\u0103 Legal\u0103 pentru efectuarea necropsiei, care urmeaz\u0103 s\u0103 stabileasc\u0103 cu exactitate cauza decesului.<\/p>\n<p>Poli\u021bi\u0219tii continu\u0103 cercet\u0103rile pentru clarificarea tuturor \u00eemprejur\u0103rilor \u00een care s-a produs acest eveniment.<\/p>\n<\/div>\n<p>[analyse_source url=&#8221;https:\/\/www.banatulmeu.ro\/timisoara-barbat-gasit-decedat-in-raul-bega-politistii-au-deschis-o-ancheta\/&#8221;]<\/p>\n","protected":false},"excerpt":{"rendered":"<p>[analyse_image type=&#8221;featured&#8221; src=&#8221;http:\/\/www.banatulmeu.ro\/wp-content\/uploads\/2025\/05\/3b5fb0ba-fce2-4458-ba59-580b2d670696.jpeg&#8221;] Un b\u0103rbat \u00een v\u00e2rst\u0103 de 45 de ani a fost g\u0103sit decedat, luni dup\u0103-amiaz\u0103, \u00een r\u00e2ul Bega, \u00een apropierea unui ponton special amenajat. Poli\u021bi\u0219tii continu\u0103 cercet\u0103rile pentru a stabili cu exactitate circumstan\u021bele \u00een care s-a produs decesul. Potrivit poli\u021bi\u0219tilor, \u00een jurul orei 16:40, poli\u021bi\u0219tii de la Sec\u021bia 2 au fost sesiza\u021bi cu [&hellip;]<\/p>\n","protected":false},"author":1,"featured_media":0,"comment_status":"open","ping_status":"","sticky":false,"template":"","format":"standard","meta":{"footnotes":""},"categories":[89],"tags":[204,226],"class_list":["post-1829467","post","type-post","status-publish","format-standard","hentry","category-romania","tag-banatulmeu-ro","tag-crawlmanager"],"_links":{"self":[{"href":"https:\/\/analyse.optim.biz\/index.php?rest_route=\/wp\/v2\/posts\/1829467","targetHints":{"allow":["GET"]}}],"collection":[{"href":"https:\/\/analyse.optim.biz\/index.php?rest_route=\/wp\/v2\/posts"}],"about":[{"href":"https:\/\/analyse.optim.biz\/index.php?rest_route=\/wp\/v2\/types\/post"}],"author":[{"embeddable":true,"href":"https:\/\/analyse.optim.biz\/index.php?rest_route=\/wp\/v2\/users\/1"}],"replies":[{"embeddable":true,"href":"https:\/\/analyse.optim.biz\/index.php?rest_route=%2Fwp%2Fv2%2Fcomments&post=1829467"}],"version-history":[{"count":0,"href":"https:\/\/analyse.optim.biz\/index.php?rest_route=\/wp\/v2\/posts\/1829467\/revisions"}],"wp:attachment":[{"href":"https:\/\/analyse.optim.biz\/index.php?rest_route=%2Fwp%2Fv2%2Fmedia&parent=1829467"}],"wp:term":[{"taxonomy":"category","embeddable":true,"href":"https:\/\/analyse.optim.biz\/index.php?rest_route=%2Fwp%2Fv2%2Fcategories&post=1829467"},{"taxonomy":"post_tag","embeddable":true,"href":"https:\/\/analyse.optim.biz\/index.php?rest_route=%2Fwp%2Fv2%2Ftags&post=1829467"}],"curies":[{"name":"wp","href":"https:\/\/api.w.org\/{rel}","templated":true}]}}