{"id":182946,"date":"2015-04-21T16:57:53","date_gmt":"2015-04-21T13:57:53","guid":{"rendered":"https:\/\/analyse.optim.biz\/?p=182946"},"modified":"2015-04-21T16:57:53","modified_gmt":"2015-04-21T13:57:53","slug":"reactia-lui-cristian-preda-dupa-demisia-purtatorului-de-cuvant-al-presedintelui-klaus-iohannis","status":"publish","type":"post","link":"https:\/\/analyse.optim.biz\/?p=182946","title":{"rendered":"Reac\u021bia lui Cristian Preda, dup\u0103 demisia purt\u0103torului de cuv\u00e2nt al pre\u0219edintelui Klaus Iohannis\u00a0"},"content":{"rendered":"<div class=\"entry data-app-meta data-app-meta-article\" data-embed-base-url-canonical=\"https:\/\/www.digi24.ro\/embed\/stiri\/actualitate\/politica\/reactia-lui-cristian-preda-dupa-demisia-purtatorului-de-cuvant-al-presedintelui-klaus-iohannis-382950\">\n<p data-index=\"1\">\u00a0<img decoding=\"async\" src=\"https:\/\/analyse.optim.biz\/wp-content\/uploads\/2024\/09\/zyz3ptgwmczoyxnoptg3yjdhnzc0mthjmdvlmdy0zjm5nwvlndmwndvmnmqx-thumb_.jpg\" data-skip-htmlfix=\"1\" title=\"zyz3ptgwmczoyxnoptg3yjdhnzc0mthjmdvlmdy0zjm5nwvlndmwndvmnmqx-thumb_\"><\/p>\n<p data-index=\"2\">Tatiana Niculescu-Bran<a href=\"https:\/\/www.digi24.ro\/Stiri\/Digi24\/Actualitate\/Politica\/Tatiana+Niculescu-Bran+si-a+dat+demisia+de+la+Cotroceni\" target=\"_blank\" data-skip-linkfix=\"1\" rel=\"noopener\"> a anun\u021bat c\u0103 demisioneaz\u0103 din func\u021bia de purt\u0103tor de cuv\u00e2nt al pre\u0219edintelui Klaus Iohannis.<\/a>\u00a0<\/p>\n<p data-index=\"3\">\u201e<span>Regret plecarea Tatianei Niculescu-Bran de l\u00e2ng\u0103 Klaus Iohannis!<strong> Dup\u0103 ce te p\u0103r\u0103se\u0219te un fost jurnalist BBC, alegerea unui nou purt\u0103tor de cuv\u00e2nt nu va fi simpl\u0103 pentru pre\u0219edinte&#8230;<\/strong>\u201d, a scris europarlamentarul Cristian Preda pe pagina sa de Facebook.\u00a0<\/span><\/p>\n<p data-index=\"4\">Reamintim c\u0103 Tatiana Niculescu-Bran este al doilea consilier al pre\u0219edintelui Klaus Iohannis care pleac\u0103 de la Cotroceni. \u00cen 6 martie, \u0219eful statului a semnat decretul privind eliberarea din func\u021bie a lui George Scutaru, fost consilier preziden\u021bial pentru securitate na\u021bional\u0103.<\/p>\n<p data-index=\"5\">La \u00eenceputul lunii aprilie, un comunicat al procurorilor anticorup\u021bie anun\u021ba c\u0103 fostul consilier preziden\u021bial este\u00a0<a href=\"https:\/\/www.digi24.ro\/Stiri\/Digi24\/Actualitate\/Justitie\/George+Scutaru+la+DNA\" target=\"_blank\" data-skip-linkfix=\"1\" rel=\"noopener\">urm\u0103rit penal<\/a>\u00a0pentru complicitate la luare de mit\u0103 \u0219i sp\u0103lare de bani.<\/p>\n<\/div>\n<p> Source URL: https:\/\/www.digi24.ro\/stiri\/actualitate\/politica\/reactia-lui-cristian-preda-dupa-demisia-purtatorului-de-cuvant-al-presedintelui-klaus-iohannis-382950<\/p>\n","protected":false},"excerpt":{"rendered":"<p>\u00a0 Tatiana Niculescu-Bran a anun\u021bat c\u0103 demisioneaz\u0103 din func\u021bia de purt\u0103tor de cuv\u00e2nt al pre\u0219edintelui Klaus Iohannis.\u00a0 \u201eRegret plecarea Tatianei Niculescu-Bran de l\u00e2ng\u0103 Klaus Iohannis! Dup\u0103 ce te p\u0103r\u0103se\u0219te un fost jurnalist BBC, alegerea unui nou purt\u0103tor de cuv\u00e2nt nu va fi simpl\u0103 pentru pre\u0219edinte&#8230;\u201d, a scris europarlamentarul Cristian Preda pe pagina sa de Facebook.\u00a0 [&hellip;]<\/p>\n","protected":false},"author":1,"featured_media":182947,"comment_status":"open","ping_status":"","sticky":false,"template":"","format":"standard","meta":{"footnotes":""},"categories":[2],"tags":[11],"class_list":["post-182946","post","type-post","status-publish","format-standard","has-post-thumbnail","hentry","category-politics","tag-digi24"],"_links":{"self":[{"href":"https:\/\/analyse.optim.biz\/index.php?rest_route=\/wp\/v2\/posts\/182946","targetHints":{"allow":["GET"]}}],"collection":[{"href":"https:\/\/analyse.optim.biz\/index.php?rest_route=\/wp\/v2\/posts"}],"about":[{"href":"https:\/\/analyse.optim.biz\/index.php?rest_route=\/wp\/v2\/types\/post"}],"author":[{"embeddable":true,"href":"https:\/\/analyse.optim.biz\/index.php?rest_route=\/wp\/v2\/users\/1"}],"replies":[{"embeddable":true,"href":"https:\/\/analyse.optim.biz\/index.php?rest_route=%2Fwp%2Fv2%2Fcomments&post=182946"}],"version-history":[{"count":0,"href":"https:\/\/analyse.optim.biz\/index.php?rest_route=\/wp\/v2\/posts\/182946\/revisions"}],"wp:featuredmedia":[{"embeddable":true,"href":"https:\/\/analyse.optim.biz\/index.php?rest_route=\/wp\/v2\/media\/182947"}],"wp:attachment":[{"href":"https:\/\/analyse.optim.biz\/index.php?rest_route=%2Fwp%2Fv2%2Fmedia&parent=182946"}],"wp:term":[{"taxonomy":"category","embeddable":true,"href":"https:\/\/analyse.optim.biz\/index.php?rest_route=%2Fwp%2Fv2%2Fcategories&post=182946"},{"taxonomy":"post_tag","embeddable":true,"href":"https:\/\/analyse.optim.biz\/index.php?rest_route=%2Fwp%2Fv2%2Ftags&post=182946"}],"curies":[{"name":"wp","href":"https:\/\/api.w.org\/{rel}","templated":true}]}}