{"id":182943,"date":"2015-04-21T21:55:08","date_gmt":"2015-04-21T18:55:08","guid":{"rendered":"https:\/\/analyse.optim.biz\/?p=182943"},"modified":"2015-04-21T21:55:08","modified_gmt":"2015-04-21T18:55:08","slug":"traian-basescu-ar-vrea-sa-o-viziteze-pe-alina-bica","status":"publish","type":"post","link":"https:\/\/analyse.optim.biz\/?p=182943","title":{"rendered":"Traian B\u0103sescu ar vrea s\u0103 o viziteze pe Alina Bica"},"content":{"rendered":"<div class=\"entry data-app-meta data-app-meta-article\" data-embed-base-url-canonical=\"https:\/\/www.digi24.ro\/embed\/stiri\/actualitate\/politica\/traian-basescu-ar-vrea-sa-o-viziteze-pe-alina-bica-383035\">\n<p data-index=\"1\"><img decoding=\"async\" src=\"https:\/\/analyse.optim.biz\/wp-content\/uploads\/2024\/09\/mczoyxnoptkymju2ndu5yjbhmtbkmmrhntc4zdy5mgmwodazy2zh-thumb_.jpg\" data-skip-htmlfix=\"1\" title=\"mczoyxnoptkymju2ndu5yjbhmtbkmmrhntc4zdy5mgmwodazy2zh-thumb_\"><\/p>\n<p data-index=\"2\"><em>FOTO: Mediafax Foto<\/em><\/p>\n<p data-index=\"3\">Traian B\u0103sescu a declarat, mar\u0163i, c\u0103 are \u201eo dorin\u0163\u0103 uria\u015f\u0103\u201d s\u0103 o viziteze pe Alina Bica, dac\u0103 este de acord \u015fi so\u0163ul \u015fi dac\u0103 nu are restric\u0163ii, remarc\u00e2nd, totodat\u0103, c\u0103 trei din oamenii care au fost \u00een echipa sa sunt aresta\u0163i de al\u0163i trei oameni din echipa sa cu care a modernizat statul.<\/p>\n<p data-index=\"4\">\u201eM-a\u015f bucura enorm dac\u0103 doamna Bica ar fi de acord s\u0103-i fac o vizit\u0103, pentru c\u0103 vreau s\u0103 vorbesc cu d\u00e2nsa. Eu o cunosc pe femeia asta de c\u00e2nd era secretar de stat, am avut c\u00e2teva discu\u0163ii cu d\u00e2nsa, inclusiv marea problem\u0103 Rompetrol am discutat-o cu d\u00e2nsa, \u015fi, \u00een opinia mea, este un profesionist des\u0103v\u00e2r\u015fit \u015fi un om care are o anume statur\u0103 moral\u0103. A\u015f vrea s\u0103 vorbesc cu d\u00e2nsa, pentru c\u0103 pentru mine, doamna Bica, Georgescu de la ANI, Elena Udrea, al\u0103turi de Kovesi, Stanciu, Coldea au fost din echipa mea, echipa \u00een care eu am crezut \u015fi cu care am transformat institu\u0163ii\u201d, a declarat, mar\u0163i seara, la<a href=\"http:\/\/www.b1.ro\/stiri\/eveniment\/basescu-vreau-sa-vorbesc-cu-bica-m-as-bucura-daca-ar-fi-de-acord-sa-ii-fac-o-vizita-e-greu-sa-vezi-ca-3-oameni-din-echipa-ta-udrea-bica-georgescu-sunt-arestati-de-3-oameni-tot-din-echipa-ta-stanciu-kovesi-si-coldea-video-108907.html\" target=\"_blank\" data-skip-linkfix=\"1\" rel=\"noopener\"> B1 Tv<\/a>, fostul pre\u015fedinte Traian B\u0103sescu.<\/p>\n<p data-index=\"5\">Acesta a \u0163inut s\u0103 precizeze c\u0103 nu vrea s\u0103 influen\u0163eze pe nimeni \u015fi nu face declara\u0163ii politice, ci doar \u00ee\u015fi spune opinia, \u201ece simte un pre\u015fedinte care a numit oameni, pe care i-a girat cu \u00eencredere \u015fi nu-i vine s\u0103 cread\u0103 nici acum \u015fi nu crede c\u0103 ace\u015fti oameni au fost parte la furt\u201d, relateaz\u0103 Mediafax.<\/p>\n<p data-index=\"6\">\u00centrebat ce va face dac\u0103 se va dovedi c\u0103 sunt vinova\u0163i, B\u0103sescu a spus: \u201eM\u0103 voi \u00eenclina \u00een fa\u0163a oric\u0103rui judec\u0103tor care spune <em>vinovat<\/em>, dar deocamdat\u0103 nu i-a declarat nimeni vinova\u0163i\u201d.<\/p>\n<p data-index=\"7\">\u201e<strong>M\u0103 uit a\u015fa, e ca o \u00eent\u00e2mplare: trei oameni din echipa mea aresta\u0163i de al\u0163i trei oameni tot din echipa mea.<\/strong> \u015ei nu-mi place deloc. Au fost echipa mea cu care am modernizat statul. E greu pentru un pre\u015fedinte s\u0103 vad\u0103 c\u0103 trei aresteaz\u0103 pe al\u0163i trei\u201d, a mai spus fostul pre\u015fedinte, ad\u0103ug\u00e2nd c\u0103 nu \u015ftie de ce li se \u00eent\u00e2mpl\u0103 ce li se \u00eent\u00e2mpl\u0103.<\/p>\n<p data-index=\"8\">Fostul \u015fef al statului a reiterat faptul c\u0103 nu poate s\u0103 cread\u0103 c\u0103 Alina Bica sau Horia Georgescu au luat \u015fpag\u0103, sau c\u0103 \u201e\u00een birou la Elena Udrea a ajuns o geant\u0103 cu 900.000 de euro\u201d.<\/p>\n<p data-index=\"9\">\u201eDac\u0103 a\u015f avea acum o dorin\u0163\u0103 uria\u015f\u0103, ar fi s\u0103 discut cu doamna Bica \u015fi, dac\u0103 n-are restric\u0163ii s\u0103 se \u00eent\u00e2lneasc\u0103 cu mine, o voi vizita acas\u0103, \u00een m\u0103sura \u00een care este de acord d\u00e2nsa \u015fi so\u0163ul&#8221;, a afirmat Traian B\u0103sescu.<\/p>\n<p data-index=\"10\">Fosta \u015fef\u0103 a DIICOT <a href=\"https:\/\/www.digi24.ro\/Stiri\/Digi24\/Actualitate\/Justitie\/ALINA+BICA+ELIBERARE+AREST+DECLARATII\" target=\"_blank\" data-skip-linkfix=\"1\" rel=\"noopener\">Alina Bica a p\u0103r\u0103sit, mar\u0163i dup\u0103-amiaz\u0103, Penitenciarul de femei de la T\u00e2rg\u015for<\/a>, dup\u0103 ce instan\u0163a suprem\u0103 a decis plasarea sa \u00een arest la domiciliu. La ie\u015firea din \u00eenchisoare, ea a declarat jurnali\u015ftilor c\u0103 are \u00eencredere \u00een justi\u0163ie \u015fi c\u0103 este \u201eo femeie de succes \u00een continuare\u201d.<\/p>\n<\/div>\n<p> Source URL: https:\/\/www.digi24.ro\/stiri\/actualitate\/politica\/traian-basescu-ar-vrea-sa-o-viziteze-pe-alina-bica-383035<\/p>\n","protected":false},"excerpt":{"rendered":"<p>FOTO: Mediafax Foto Traian B\u0103sescu a declarat, mar\u0163i, c\u0103 are \u201eo dorin\u0163\u0103 uria\u015f\u0103\u201d s\u0103 o viziteze pe Alina Bica, dac\u0103 este de acord \u015fi so\u0163ul \u015fi dac\u0103 nu are restric\u0163ii, remarc\u00e2nd, totodat\u0103, c\u0103 trei din oamenii care au fost \u00een echipa sa sunt aresta\u0163i de al\u0163i trei oameni din echipa sa cu care a modernizat [&hellip;]<\/p>\n","protected":false},"author":1,"featured_media":182944,"comment_status":"open","ping_status":"","sticky":false,"template":"","format":"standard","meta":{"footnotes":""},"categories":[2],"tags":[11],"class_list":["post-182943","post","type-post","status-publish","format-standard","has-post-thumbnail","hentry","category-politics","tag-digi24"],"_links":{"self":[{"href":"https:\/\/analyse.optim.biz\/index.php?rest_route=\/wp\/v2\/posts\/182943","targetHints":{"allow":["GET"]}}],"collection":[{"href":"https:\/\/analyse.optim.biz\/index.php?rest_route=\/wp\/v2\/posts"}],"about":[{"href":"https:\/\/analyse.optim.biz\/index.php?rest_route=\/wp\/v2\/types\/post"}],"author":[{"embeddable":true,"href":"https:\/\/analyse.optim.biz\/index.php?rest_route=\/wp\/v2\/users\/1"}],"replies":[{"embeddable":true,"href":"https:\/\/analyse.optim.biz\/index.php?rest_route=%2Fwp%2Fv2%2Fcomments&post=182943"}],"version-history":[{"count":0,"href":"https:\/\/analyse.optim.biz\/index.php?rest_route=\/wp\/v2\/posts\/182943\/revisions"}],"wp:featuredmedia":[{"embeddable":true,"href":"https:\/\/analyse.optim.biz\/index.php?rest_route=\/wp\/v2\/media\/182944"}],"wp:attachment":[{"href":"https:\/\/analyse.optim.biz\/index.php?rest_route=%2Fwp%2Fv2%2Fmedia&parent=182943"}],"wp:term":[{"taxonomy":"category","embeddable":true,"href":"https:\/\/analyse.optim.biz\/index.php?rest_route=%2Fwp%2Fv2%2Fcategories&post=182943"},{"taxonomy":"post_tag","embeddable":true,"href":"https:\/\/analyse.optim.biz\/index.php?rest_route=%2Fwp%2Fv2%2Ftags&post=182943"}],"curies":[{"name":"wp","href":"https:\/\/api.w.org\/{rel}","templated":true}]}}