{"id":182932,"date":"2015-04-21T22:29:37","date_gmt":"2015-04-21T19:29:37","guid":{"rendered":"https:\/\/analyse.optim.biz\/?p=182932"},"modified":"2015-04-21T22:29:37","modified_gmt":"2015-04-21T19:29:37","slug":"emil-hurezeanu-va-da-basescu-numele-unei-strazi-din-ferentari-sau-unui-bulevard-central","status":"publish","type":"post","link":"https:\/\/analyse.optim.biz\/?p=182932","title":{"rendered":"Emil Hurezeanu: Va da B\u0103sescu numele unei str\u0103zi din Ferentari sau unui bulevard central?"},"content":{"rendered":"<div class=\"entry data-app-meta data-app-meta-article\" data-embed-base-url-canonical=\"https:\/\/www.digi24.ro\/embed\/stiri\/actualitate\/politica\/emil-hurezeanu-va-da-basescu-numele-unei-strazi-din-ferentari-sau-unui-bulevard-central-383040\">\n<p data-index=\"1\">Ie\u0219irile tot mai dese ale lui Traian B\u0103sescu \u00een mediul public\u00a0asigur\u0103 o oarecare reenergizare a micului ecran, consider\u0103 Emil Hurezeanu, \u00eens\u0103 c\u00e2nd nu mai ai ce s\u0103 pierzi \u0219i nu mai ai ce s\u0103 c\u00e2\u0219tigi, exerci\u021biul devine foarte periculos. Comentariul analistului la Digi24 a fost prilejuit de o interven\u021bie a lui Traian B\u0103sescu la un post de televiziune, mar\u021bi seara, \u00een care a afirmat c\u0103<a href=\"https:\/\/www.digi24.ro\/Stiri\/Digi24\/Actualitate\/Politica\/Traian+Basescu+ar+vrea+sa+o+viziteze+pe+Alina+Bica\" target=\"_blank\" data-skip-linkfix=\"1\" rel=\"noopener\">\u00a0trei dintre oamenii care au fost \u00een echipa sa sunt aresta\u0163i de c\u0103tre al\u0163i trei oameni din echipa sa cu care a modernizat statul<\/a>, fostul \u0219ef al statului coment\u00e2nd pe marginea eliber\u0103rii Alinei Bica.<\/p>\n<p data-index=\"2\">\u201eZece negri mititei \u0219i dispar unul c\u00e2te unul!\u201d, a remarcat, amuzat, Emil Hurezeanu. \u201eAu fost \u00een echipa dlui B\u0103sescu, au avut func\u021bii, pe care, b\u0103nuiesc, \u00eentr-un stat democratic, le-au c\u00e2\u0219tigat prin performan\u021be profesionale. Sigur, un pre\u0219edinte \u201dte unge\u201d, dar e clar o afirma\u021bie teribilist\u0103. Dl. B\u0103sescu \u2013 dvs crede\u021bi c\u0103 \u021bine capul de afi\u0219, eu a\u0219 spune c\u0103 nu \u021bine capul de afi\u0219, nu mai are ce c\u00e2\u0219tiga, dar nu mai are nici ce pierde. E o postur\u0103 foarte ingrat\u0103, pentru c\u0103 po\u021bi s\u0103 faci multe prostii, a\u0219 spune. C\u00e2nd nu mai ai ce s\u0103 pierzi \u0219i nu mai ai ce s\u0103 c\u00e2\u0219tigi, exerci\u021biul devine foarte periculos\u201d, a explicat, la<strong> Digi24, Emil Hurezeanu. <\/strong><\/p>\n<p data-index=\"3\">\u201e\u00cen fine, \u00een absolut, are dreptate, dar nu e nimic absolut. To\u021bi pe cei care-i enumer\u0103 nu i-a f\u0103cut dl. B\u0103sescu, nu i-a crescut dl. B\u0103sescu, au fost \u0219i sunt \u00eenal\u021bi func\u021bionari \u0219i demnitari ai statului rom\u00e2n, b\u0103nuim c\u0103 f\u0103r\u0103 o leg\u0103tur\u0103 direct\u0103 \u00eentre favorurile pe care le <em>octroiaz\u0103<\/em>\u00a0Majestatea Sa, Pre\u0219edintele Republicii, ci pe baza meritelor personale. Unii dintre ei au gre\u0219it. Au gre\u0219it mai demult, au gre\u0219it acum. Poate n-au gre\u0219it, nu suntem la cap\u0103tul drumului, ca s\u0103 \u0219tim ce s-a \u00eent\u00e2mplat\u201d, a comentat Emil Hurezeanu.<\/p>\n<p data-index=\"4\"><strong>Traian B\u0103sescu nu mai \u021bine capul de afi\u0219?<\/strong> a fost \u00eentrebat analistul.<\/p>\n<p data-index=\"5\">\u201eDl. B\u0103sescu este un fost pre\u0219edinte al Republicii \u2013 \u0219ti\u021bi c\u0103 \u00een protocolul de stat al SUA (&#8230;), \u0219i o v\u0103duv\u0103 a unui fost candidat la Pre\u0219edin\u021bie face parte din coloana oficial\u0103 a ultimului pre\u0219edinte \u00een func\u021bie \u00eenmorm\u00e2ntat. Un fost pre\u0219edinte. N-am avut dec\u00e2t trei, a treia Republic\u0103, deci al treilea pre\u0219edinte al celei de-a treia Republici va r\u0103m\u00e2ne \u00een istorie. Mai ales c\u0103 a fost zece ani, spre deosebire de dl. Constantinescu doar patru ani, pe c\u00e2nd dl. Iliescu 11. A fost o perioad\u0103 important\u0103, au fost zece ani din via\u021ba noastr\u0103, \u00ee\u0219i va \u021bine locul \u00een istorie. Va da numele unei str\u0103zi mici, ceva mai mari? \u00cen Ferentari sau a unui bulevard central? Mai t\u00e2rziu asta. Ceea ce face domnia sa acum \u2013 asigur\u0103 o oarecare reenergizare a micului ecran, ca s\u0103 vorbesc \u00een termeni analogi, predigitali\u201d, a r\u0103spuns <strong>Emil Hurezeanu<\/strong>.<\/p>\n<\/div>\n<p> Source URL: https:\/\/www.digi24.ro\/stiri\/actualitate\/politica\/emil-hurezeanu-va-da-basescu-numele-unei-strazi-din-ferentari-sau-unui-bulevard-central-383040<\/p>\n","protected":false},"excerpt":{"rendered":"<p>Ie\u0219irile tot mai dese ale lui Traian B\u0103sescu \u00een mediul public\u00a0asigur\u0103 o oarecare reenergizare a micului ecran, consider\u0103 Emil Hurezeanu, \u00eens\u0103 c\u00e2nd nu mai ai ce s\u0103 pierzi \u0219i nu mai ai ce s\u0103 c\u00e2\u0219tigi, exerci\u021biul devine foarte periculos. Comentariul analistului la Digi24 a fost prilejuit de o interven\u021bie a lui Traian B\u0103sescu la un [&hellip;]<\/p>\n","protected":false},"author":1,"featured_media":182933,"comment_status":"open","ping_status":"","sticky":false,"template":"","format":"standard","meta":{"footnotes":""},"categories":[2],"tags":[11],"class_list":["post-182932","post","type-post","status-publish","format-standard","has-post-thumbnail","hentry","category-politics","tag-digi24"],"_links":{"self":[{"href":"https:\/\/analyse.optim.biz\/index.php?rest_route=\/wp\/v2\/posts\/182932","targetHints":{"allow":["GET"]}}],"collection":[{"href":"https:\/\/analyse.optim.biz\/index.php?rest_route=\/wp\/v2\/posts"}],"about":[{"href":"https:\/\/analyse.optim.biz\/index.php?rest_route=\/wp\/v2\/types\/post"}],"author":[{"embeddable":true,"href":"https:\/\/analyse.optim.biz\/index.php?rest_route=\/wp\/v2\/users\/1"}],"replies":[{"embeddable":true,"href":"https:\/\/analyse.optim.biz\/index.php?rest_route=%2Fwp%2Fv2%2Fcomments&post=182932"}],"version-history":[{"count":0,"href":"https:\/\/analyse.optim.biz\/index.php?rest_route=\/wp\/v2\/posts\/182932\/revisions"}],"wp:featuredmedia":[{"embeddable":true,"href":"https:\/\/analyse.optim.biz\/index.php?rest_route=\/wp\/v2\/media\/182933"}],"wp:attachment":[{"href":"https:\/\/analyse.optim.biz\/index.php?rest_route=%2Fwp%2Fv2%2Fmedia&parent=182932"}],"wp:term":[{"taxonomy":"category","embeddable":true,"href":"https:\/\/analyse.optim.biz\/index.php?rest_route=%2Fwp%2Fv2%2Fcategories&post=182932"},{"taxonomy":"post_tag","embeddable":true,"href":"https:\/\/analyse.optim.biz\/index.php?rest_route=%2Fwp%2Fv2%2Ftags&post=182932"}],"curies":[{"name":"wp","href":"https:\/\/api.w.org\/{rel}","templated":true}]}}