{"id":182921,"date":"2015-04-22T04:46:53","date_gmt":"2015-04-22T01:46:53","guid":{"rendered":"https:\/\/analyse.optim.biz\/?p=182921"},"modified":"2015-04-22T04:46:53","modified_gmt":"2015-04-22T01:46:53","slug":"cazul-dan-sova-o-adevarata-proba-de-creativitate-pentru-parlamentari","status":"publish","type":"post","link":"https:\/\/analyse.optim.biz\/?p=182921","title":{"rendered":"Cazul Dan \u0218ova, o adev\u0103rat\u0103 prob\u0103 de creativitate pentru parlamentari"},"content":{"rendered":"<div class=\"entry data-app-meta data-app-meta-article\" data-embed-base-url-canonical=\"https:\/\/www.digi24.ro\/embed\/stiri\/actualitate\/politica\/cazul-dan-sova-o-adevarata-proba-de-creativitate-pentru-parlamentari-383054\">\n<p data-index=\"1\">Epopeea \u015eova continu\u0103 la Senat. Dac\u0103 <a href=\"https:\/\/www.digi24.ro\/Stiri\/Digi24\/Actualitate\/Politica\/Cartoful+fierbinte+din+Senat+imunitatea+lui+Dan+Sova\" target=\"_blank\" data-skip-linkfix=\"1\" rel=\"noopener\">luni lucrurile p\u0103reau clare<\/a>: pre\u015fedintele Senatului trebuie s\u0103 scrie \u015fi s\u0103 semneze documentul prin care parlamentarii \u00ee\u015fi asum\u0103 votul prin care Dan \u015eova a r\u0103mas cu imunitate, mar\u021bi, lucrurile s-au schimbat. <a href=\"https:\/\/www.digi24.ro\/Stiri\/Digi24\/Actualitate\/Stiri\/Senatul+discuta+din+nou+cazul+Sova\" target=\"_blank\" data-skip-linkfix=\"1\" rel=\"noopener\">C\u0103lin Popescu T\u0103riceanu a pasat Comisiei juridice responsabilitatea<\/a>\u00a0redact\u0103rii acestui document cerut de CCR.<\/p>\n<p data-index=\"2\">Luni, \u00een plen, senatorii au decis c\u0103 hot\u0103r\u00e2rea \u00een cazul Dan \u015eova trebuie redactat\u0103 \u015fi trimis\u0103 la Monitorul Oficial de c\u0103tre C\u0103lin Popescu T\u0103riceanu. Mar\u021bi, \u015feful Senatului s-a r\u0103zg\u00e2ndit iar: a refuzat s\u0103 \u00ee\u015fi asume decizia \u015fi a trimis problema \u00een Comisia juridic\u0103.<\/p>\n<p data-index=\"3\">\u201eS-a luat decizia ca s\u0103 \u00eens\u0103rcineze Comisia juridic\u0103 cu redactarea textului acestei hot\u0103r\u00e2ri care urmeaz\u0103 s\u0103 reprezinte materializarea deciziei CCR pe care urmeaz\u0103 s\u0103 o public\u0103m \u00een Monitorul Oficial\u201d, a anun\u021bat C\u0103lin Popescu-T\u0103riceanu, pre\u0219edintele Senatului.<\/p>\n<p data-index=\"4\">Timp de o or\u0103, senatorii PNL \u015fi PSD din Comisia juridic\u0103 s-au contrazis \u00een leg\u0103tur\u0103 cu modul \u00een care trebuie s\u0103 solu\u0163ioneze noua cerere.<\/p>\n<p data-index=\"5\">Dac\u0103 liberalii au spus din capul locului c\u0103 hot\u0103r\u00e2rea trebuie s\u0103 \u00eencuviin\u0163eze re\u0163inerea \u015fi arestarea lui Dan \u015eova, social-democra\u0163ii au sustinut c\u0103 documentul trebui s\u0103 arate c\u0103, \u00een urma votului din 25 martie, nu s-au \u00eentrunit condi\u0163iile pentru solicitarea DNA.<\/p>\n<p data-index=\"6\">\u201eAceast\u0103 plasare de responsabilitate venit\u0103 de la Biroul Permanent \u0219i dat\u0103 Comisiei juridice e un abuz (&#8230;) Comisia juridic\u0103 a avizat favorabil cererea DNA \u0219i, \u00een conformitate cu Constitu\u021bia Rom\u00e2niei, votul din Senat a fost pentru avizarea solicit\u0103rii venite din partea DNA\u201d, a declarat senatorul PNL <strong>Alin \u021ai\u0219e.<\/strong><\/p>\n<p data-index=\"7\">\u201eEu v\u0103 propun s\u0103 pornim de la redactarea acestui proiect de la materialul avut \u00een plen\u201d, a propus <strong>Ovidiu Don\u021bu<\/strong>, senator PSD.<\/p>\n<p data-index=\"8\">\u201eSupune\u021bi votului un proiect de hot\u0103r\u00e2re pe care tocmai \u2013 nu mai demult de ieri \u2013 plenul Senatului l-a respins\u201d, a ar\u0103tat senatorul <strong>C\u0103t\u0103lin Boboc<\/strong>, pre\u0219edintele Comisiei juridice a Senatului.<\/p>\n<p data-index=\"9\">\u201e\u00cen decizia CCR se spune: obliga\u021bia de a redacta hot\u0103r\u00e2rea adoptat\u0103 \u00een \u0219edin\u021ba din 25 martie&#8230; \u2013 asta spune CCR! Ne-a b\u0103gat \u00eentr-o fund\u0103tur\u0103 din care nu putem ie\u0219i\u201d, s-a pl\u00e2ns <strong>Ioan Chelaru, senator PSD.<\/strong><\/p>\n<p data-index=\"10\">S-au certat \u015fi, \u00een final, s-a votat. Varianta de mar\u021bi sun\u0103 astfel: Comisia juridic\u0103 va trimite conducerii Senatului hot\u0103r\u00e2rea \u00een cazul Dan \u015eova, iar Biroul Permanent va decide dac\u0103 documentul va trece prin votul plenului sau dac\u0103 va merge direct la Monitorul Oficial.<\/p>\n<p data-index=\"11\">Astfel, mingea e din nou \u00een terenul conducerii Senatului.<\/p>\n<p data-index=\"12\">Printre toate aceste discu\u021bii, a trecut o lun\u0103 de c\u00e2nd senatorii l-au ap\u0103rat prin vot pe Dan \u015eova de cererea de arestare a DNA. Dan \u015eova a r\u0103mas cu imunitate pentru c\u0103 votul a fost dat conform Regulamentului Senatului, \u015fi nu conform Constitu\u0163iei.<\/p>\n<p data-index=\"13\"><a href=\"https:\/\/www.digi24.ro\/Stiri\/Digi24\/Actualitate\/Justitie\/CCR+Senatul+are+obligatia+sa+redacteze+si+sa+publice+in+M+O+hota\" target=\"_blank\" data-skip-linkfix=\"1\" rel=\"noopener\">Curtea Constitu\u0163ional\u0103 a obligat apoi Senatul s\u0103 redacteze hot\u0103r\u00e2rea<\/a> care rezulta \u00een urma votului \u015fi s\u0103 o trimit\u0103 la Monitorul Oficial. Cazul a ajuns la CCR, la sesizarea pre\u015fedintelui, a CSM \u015fi a PNL. \u00a0<\/p>\n<p data-index=\"14\">S\u0103 presupunem c\u0103, p\u00e2n\u0103 la urm\u0103, h\u00e2rtia va fi scris\u0103. Nu \u00eenseamn\u0103, nici pe departe, c\u0103 de-aici \u00eencolo lucrurile se clarific\u0103: documentul ar putea ajunge \u00een plen. Alte dezbateri, alt vot, alte t\u0103r\u0103g\u0103n\u0103ri.<\/p>\n<\/div>\n<p> Source URL: https:\/\/www.digi24.ro\/stiri\/actualitate\/politica\/cazul-dan-sova-o-adevarata-proba-de-creativitate-pentru-parlamentari-383054<\/p>\n","protected":false},"excerpt":{"rendered":"<p>Epopeea \u015eova continu\u0103 la Senat. Dac\u0103 luni lucrurile p\u0103reau clare: pre\u015fedintele Senatului trebuie s\u0103 scrie \u015fi s\u0103 semneze documentul prin care parlamentarii \u00ee\u015fi asum\u0103 votul prin care Dan \u015eova a r\u0103mas cu imunitate, mar\u021bi, lucrurile s-au schimbat. C\u0103lin Popescu T\u0103riceanu a pasat Comisiei juridice responsabilitatea\u00a0redact\u0103rii acestui document cerut de CCR. Luni, \u00een plen, senatorii au [&hellip;]<\/p>\n","protected":false},"author":1,"featured_media":182922,"comment_status":"open","ping_status":"","sticky":false,"template":"","format":"standard","meta":{"footnotes":""},"categories":[2],"tags":[11],"class_list":["post-182921","post","type-post","status-publish","format-standard","has-post-thumbnail","hentry","category-politics","tag-digi24"],"_links":{"self":[{"href":"https:\/\/analyse.optim.biz\/index.php?rest_route=\/wp\/v2\/posts\/182921","targetHints":{"allow":["GET"]}}],"collection":[{"href":"https:\/\/analyse.optim.biz\/index.php?rest_route=\/wp\/v2\/posts"}],"about":[{"href":"https:\/\/analyse.optim.biz\/index.php?rest_route=\/wp\/v2\/types\/post"}],"author":[{"embeddable":true,"href":"https:\/\/analyse.optim.biz\/index.php?rest_route=\/wp\/v2\/users\/1"}],"replies":[{"embeddable":true,"href":"https:\/\/analyse.optim.biz\/index.php?rest_route=%2Fwp%2Fv2%2Fcomments&post=182921"}],"version-history":[{"count":0,"href":"https:\/\/analyse.optim.biz\/index.php?rest_route=\/wp\/v2\/posts\/182921\/revisions"}],"wp:featuredmedia":[{"embeddable":true,"href":"https:\/\/analyse.optim.biz\/index.php?rest_route=\/wp\/v2\/media\/182922"}],"wp:attachment":[{"href":"https:\/\/analyse.optim.biz\/index.php?rest_route=%2Fwp%2Fv2%2Fmedia&parent=182921"}],"wp:term":[{"taxonomy":"category","embeddable":true,"href":"https:\/\/analyse.optim.biz\/index.php?rest_route=%2Fwp%2Fv2%2Fcategories&post=182921"},{"taxonomy":"post_tag","embeddable":true,"href":"https:\/\/analyse.optim.biz\/index.php?rest_route=%2Fwp%2Fv2%2Ftags&post=182921"}],"curies":[{"name":"wp","href":"https:\/\/api.w.org\/{rel}","templated":true}]}}