{"id":1829206,"date":"2026-03-16T13:37:37","date_gmt":"2026-03-16T10:37:37","guid":{"rendered":"https:\/\/analyse.optim.biz\/?p=1829206"},"modified":"2026-03-16T13:37:37","modified_gmt":"2026-03-16T10:37:37","slug":"teheranul-avertizeaza-romania-sa-nu-permita-sua-sa-foloseasca-baze-de-pe-teritoriul-sau-pentru-operatiuni-impotriva-iranului","status":"publish","type":"post","link":"https:\/\/analyse.optim.biz\/?p=1829206","title":{"rendered":"Teheranul avertizeaz\u0103 Rom\u00e2nia s\u0103 nu permit\u0103 SUA s\u0103 foloseasc\u0103 baze de pe teritoriul s\u0103u pentru opera\u021biuni \u00eempotriva Iranului"},"content":{"rendered":"<p>[analyse_image type=&#8221;featured&#8221; src=&#8221;http:\/\/www.banatulmeu.ro\/wp-content\/uploads\/2026\/03\/000-36KY2YX-e1773668214589.jpg&#8221;]<\/p>\n<div class=\"post-content-bd\">\n<p>Autorit\u0103\u021bile de la Teheran au transmis un avertisment Rom\u00e2niei dup\u0103 ce a fost aprobat\u0103 solicitarea Statelor Unite de a utiliza infrastructura militar\u0103 de pe teritoriul \u021b\u0103rii pentru opera\u021biuni logistice legate de misiunile din Orientul Mijlociu.<\/p>\n<p>Purt\u0103torul de cuv\u00e2nt al Ministerului de Externe iranian, Esmail Baghaei, a declarat luni c\u0103 punerea bazelor rom\u00e2ne\u0219ti la dispozi\u021bia SUA ar putea fi interpretat\u0103 drept o implicare \u00een ac\u021biuni militare \u00eempotriva Iranului.<\/p>\n<p>\u201e<em>Avertiz\u0103m toate statele s\u0103 nu devin\u0103 parte a crimei de agresiune \u00eempotriva Iranului \u0219i a poporului iranian. Aceste zile vor trece, iar Iranul va ie\u0219i din aceast\u0103 \u00eencercare cu demnitate \u0219i cu fruntea sus. Nicio \u021bar\u0103 nu ar trebui s\u0103-\u0219i permit\u0103 s\u0103 ofere, \u00een mod direct sau indirect, facilit\u0103\u021bile sale Statelor Unite sau regimului sionist, pentru a ajuta partea agresoare<\/em>\u201d, a declarat Baghaei, potrivit Iran International.<\/p>\n<p>Oficialul iranian s-a referit \u00een mod direct la Rom\u00e2nia, men\u021bion\u00e2nd c\u0103 autorit\u0103\u021bile de la Teheran au luat act de informa\u021biile privind sprijinul logistic acordat for\u021belor americane.<\/p>\n<p>\u201e<em>\u00cen ceea ce prive\u0219te unele \u021b\u0103ri din Europa de Est, \u00een mod special Rom\u00e2nia, pe care a\u021bi men\u021bionat-o, da, am auzit c\u0103 exist\u0103 interviuri \u0219i declara\u021bii pe acest subiect. F\u0103r\u0103 \u00eendoial\u0103, o asemenea ac\u021biune ar \u00eensemna participarea la agresiunea militar\u0103 \u00eempotriva Iranului<\/em>\u201d, a afirmat purt\u0103torul de cuv\u00e2nt al diploma\u021biei iraniene.<\/p>\n<p>Acesta a sus\u021binut c\u0103 o astfel de decizie ar fi \u201e<em>complet inacceptabil\u0103 din punct de vedere al dreptului interna\u021bional<\/em>\u201d \u0219i ar putea atrage responsabilitatea statului rom\u00e2n dac\u0103 va fi pus\u0103 \u00een practic\u0103. \u00cen acela\u0219i timp, Baghaei a subliniat c\u0103 un asemenea gest ar putea afecta rela\u021biile dintre cele dou\u0103 state.<\/p>\n<p>\u201e<em>Din punct de vedere politic, ar reprezenta o pat\u0103 neagr\u0103 \u00een istoria rela\u021biilor dintre Iran \u0219i aceast\u0103 \u021bar\u0103, deoarece poporul iranian \u0219i poporul rom\u00e2n au fost mereu \u00eentr-o rela\u021bie de prietenie<\/em>\u201d, a declarat oficialul iranian.<\/p>\n<p>Purt\u0103torul de cuv\u00e2nt al Ministerului de Externe de la Teheran a precizat c\u0103 Iranul ar putea reac\u021biona pe plan politic \u0219i juridic dac\u0103 Rom\u00e2nia va continua s\u0103 ofere sprijin opera\u021biunilor militare ale Statelor Unite.<\/p>\n<p>\u201e<em>Cu siguran\u021b\u0103, at\u00e2t din punct de vedere juridic, c\u00e2t \u0219i politic, va exista un r\u0103spuns adecvat \u0219i rapid din partea noastr\u0103<\/em>\u201d, a ad\u0103ugat Baghaei.<\/p>\n<p>Declara\u021biile vin \u00een contextul \u00een care Rom\u00e2nia a aprobat utilizarea bazelor de pe teritoriul \u021b\u0103rii noastre pentru realimentarea avioanelor \u0219i pentru amplasarea unor sisteme suplimentare de monitorizare \u0219i comunica\u021bii.<\/p>\n<p>Rom\u00e2nia se afl\u0103 sub protec\u021bia scutului anti-rachet\u0103 de la Deveselu \u0219i sub protec\u021bia sistemelor defensive ale NATO.<\/p>\n<\/div>\n<p>[analyse_source url=&#8221;https:\/\/www.banatulmeu.ro\/teheranul-avertizeaza-romania-sa-nu-permita-sua-sa-foloseasca-baze-de-pe-teritoriul-sau-pentru-operatiuni-impotriva-iranului\/&#8221;]<\/p>\n","protected":false},"excerpt":{"rendered":"<p>[analyse_image type=&#8221;featured&#8221; src=&#8221;http:\/\/www.banatulmeu.ro\/wp-content\/uploads\/2026\/03\/000-36KY2YX-e1773668214589.jpg&#8221;] Autorit\u0103\u021bile de la Teheran au transmis un avertisment Rom\u00e2niei dup\u0103 ce a fost aprobat\u0103 solicitarea Statelor Unite de a utiliza infrastructura militar\u0103 de pe teritoriul \u021b\u0103rii pentru opera\u021biuni logistice legate de misiunile din Orientul Mijlociu. Purt\u0103torul de cuv\u00e2nt al Ministerului de Externe iranian, Esmail Baghaei, a declarat luni c\u0103 punerea bazelor rom\u00e2ne\u0219ti [&hellip;]<\/p>\n","protected":false},"author":1,"featured_media":0,"comment_status":"open","ping_status":"","sticky":false,"template":"","format":"standard","meta":{"footnotes":""},"categories":[89],"tags":[204,226],"class_list":["post-1829206","post","type-post","status-publish","format-standard","hentry","category-romania","tag-banatulmeu-ro","tag-crawlmanager"],"_links":{"self":[{"href":"https:\/\/analyse.optim.biz\/index.php?rest_route=\/wp\/v2\/posts\/1829206","targetHints":{"allow":["GET"]}}],"collection":[{"href":"https:\/\/analyse.optim.biz\/index.php?rest_route=\/wp\/v2\/posts"}],"about":[{"href":"https:\/\/analyse.optim.biz\/index.php?rest_route=\/wp\/v2\/types\/post"}],"author":[{"embeddable":true,"href":"https:\/\/analyse.optim.biz\/index.php?rest_route=\/wp\/v2\/users\/1"}],"replies":[{"embeddable":true,"href":"https:\/\/analyse.optim.biz\/index.php?rest_route=%2Fwp%2Fv2%2Fcomments&post=1829206"}],"version-history":[{"count":0,"href":"https:\/\/analyse.optim.biz\/index.php?rest_route=\/wp\/v2\/posts\/1829206\/revisions"}],"wp:attachment":[{"href":"https:\/\/analyse.optim.biz\/index.php?rest_route=%2Fwp%2Fv2%2Fmedia&parent=1829206"}],"wp:term":[{"taxonomy":"category","embeddable":true,"href":"https:\/\/analyse.optim.biz\/index.php?rest_route=%2Fwp%2Fv2%2Fcategories&post=1829206"},{"taxonomy":"post_tag","embeddable":true,"href":"https:\/\/analyse.optim.biz\/index.php?rest_route=%2Fwp%2Fv2%2Ftags&post=1829206"}],"curies":[{"name":"wp","href":"https:\/\/api.w.org\/{rel}","templated":true}]}}