{"id":182910,"date":"2015-04-22T05:19:36","date_gmt":"2015-04-22T02:19:36","guid":{"rendered":"https:\/\/analyse.optim.biz\/?p=182910"},"modified":"2015-04-22T05:19:36","modified_gmt":"2015-04-22T02:19:36","slug":"udmr-analizeaza-oportunitatea-caderii-guvernului","status":"publish","type":"post","link":"https:\/\/analyse.optim.biz\/?p=182910","title":{"rendered":"UDMR analizeaz\u0103 oportunitatea c\u0103derii guvernului"},"content":{"rendered":"<div class=\"entry data-app-meta data-app-meta-article\" data-embed-base-url-canonical=\"https:\/\/www.digi24.ro\/embed\/stiri\/actualitate\/politica\/udmr-analizeaza-oportunitatea-caderii-guvernului-383057\">\n<p data-index=\"1\">Pe l\u00e2ng\u0103 faptul c\u0103 nu exist\u0103 o majoritate care s\u0103 d\u0103r\u00e2me guvernul, Kelemen Hunor sus\u0163ine c\u0103 nu sunt nici politicieni dornici s\u0103 intre la guvernare. Iar \u00een cazul \u00een care o mo\u0163iune de cenzur\u0103 ar avea succes, liderul UDMR sus\u0163ine c\u0103 un executiv format din tehnocra\u0163i ar fi cea mai bun\u0103 solu\u0163ie p\u00e2n\u0103 la viitoarele alegeri.<\/p>\n<p data-index=\"2\">\u201e<span>Nu excludem o sus\u0163inere a unei mo\u0163iuni de cenzur\u0103, (&#8230;) dar nu avem majoritatea pentru a d\u0103r\u00e2ma guvernul. \u00centrebarea este dac\u0103 avem ce pune \u00een loc \u015fi avem cu cine. \u00cen acest moment am dubii serioase c\u0103 oamenii se \u00eenghesuie s\u0103 intre la guvernare. Nu am auzit, cu excep\u0163ia a dou\u0103-trei persoane, a\u015fa o dorin\u0163\u0103 extrordinar de mare de a intra la guvernare\u201d, a declarat pre\u0219edintele UDMR, <strong>Kelemen Hunor, <\/strong><a href=\"http:\/\/www.gandul.info\/stiri\/kelemen-hunor-la-gandul-live-in-romania-nu-se-poate-ajunge-la-alegeri-anticipate-un-guvern-de-tehnocrati-ar-fi-o-solutie-mai-buna-14135720\" target=\"_blank\" data-skip-linkfix=\"1\" rel=\"noopener\">la G\u00e2ndul live<\/a>.<\/span><\/p>\n<\/div>\n<p> Source URL: https:\/\/www.digi24.ro\/stiri\/actualitate\/politica\/udmr-analizeaza-oportunitatea-caderii-guvernului-383057<\/p>\n","protected":false},"excerpt":{"rendered":"<p>Pe l\u00e2ng\u0103 faptul c\u0103 nu exist\u0103 o majoritate care s\u0103 d\u0103r\u00e2me guvernul, Kelemen Hunor sus\u0163ine c\u0103 nu sunt nici politicieni dornici s\u0103 intre la guvernare. Iar \u00een cazul \u00een care o mo\u0163iune de cenzur\u0103 ar avea succes, liderul UDMR sus\u0163ine c\u0103 un executiv format din tehnocra\u0163i ar fi cea mai bun\u0103 solu\u0163ie p\u00e2n\u0103 la viitoarele [&hellip;]<\/p>\n","protected":false},"author":1,"featured_media":182911,"comment_status":"open","ping_status":"","sticky":false,"template":"","format":"standard","meta":{"footnotes":""},"categories":[2],"tags":[11],"class_list":["post-182910","post","type-post","status-publish","format-standard","has-post-thumbnail","hentry","category-politics","tag-digi24"],"_links":{"self":[{"href":"https:\/\/analyse.optim.biz\/index.php?rest_route=\/wp\/v2\/posts\/182910","targetHints":{"allow":["GET"]}}],"collection":[{"href":"https:\/\/analyse.optim.biz\/index.php?rest_route=\/wp\/v2\/posts"}],"about":[{"href":"https:\/\/analyse.optim.biz\/index.php?rest_route=\/wp\/v2\/types\/post"}],"author":[{"embeddable":true,"href":"https:\/\/analyse.optim.biz\/index.php?rest_route=\/wp\/v2\/users\/1"}],"replies":[{"embeddable":true,"href":"https:\/\/analyse.optim.biz\/index.php?rest_route=%2Fwp%2Fv2%2Fcomments&post=182910"}],"version-history":[{"count":0,"href":"https:\/\/analyse.optim.biz\/index.php?rest_route=\/wp\/v2\/posts\/182910\/revisions"}],"wp:featuredmedia":[{"embeddable":true,"href":"https:\/\/analyse.optim.biz\/index.php?rest_route=\/wp\/v2\/media\/182911"}],"wp:attachment":[{"href":"https:\/\/analyse.optim.biz\/index.php?rest_route=%2Fwp%2Fv2%2Fmedia&parent=182910"}],"wp:term":[{"taxonomy":"category","embeddable":true,"href":"https:\/\/analyse.optim.biz\/index.php?rest_route=%2Fwp%2Fv2%2Fcategories&post=182910"},{"taxonomy":"post_tag","embeddable":true,"href":"https:\/\/analyse.optim.biz\/index.php?rest_route=%2Fwp%2Fv2%2Ftags&post=182910"}],"curies":[{"name":"wp","href":"https:\/\/api.w.org\/{rel}","templated":true}]}}