{"id":1829031,"date":"2026-03-16T09:16:48","date_gmt":"2026-03-16T06:16:48","guid":{"rendered":"https:\/\/analyse.optim.biz\/?p=1829031"},"modified":"2026-03-16T09:16:48","modified_gmt":"2026-03-16T06:16:48","slug":"x-trial-des-nations-lespagne-sans-surprise","status":"publish","type":"post","link":"https:\/\/analyse.optim.biz\/?p=1829031","title":{"rendered":"X-Trial des Nations : L\u2019Espagne sans surprise"},"content":{"rendered":"<div class=\"entry-content\">\n<p><strong>Le X-Trial des Nations s\u2019est d\u00e9roul\u00e9 ce week-end \u00e0 S\u00e9ville et sans surprise l\u2019\u00e9quipe d\u2019Espagne, compos\u00e9e de Toni Bou et Gabriel Marcelli, a domin\u00e9 les d\u00e9bats. Domination sans partage, il s\u2019agit du 14<sup>\u00e8me<\/sup> titre par \u00e9quipe pour les espagnols. L\u2019\u00e9quipe de France, Beno\u00eet Bincaz et Hugo Dufrese, seconde l\u2019an pass\u00e9, reste cette fois au pied du podium. Les anglais Harry Hemingway et Jack Peace terminent deuxi\u00e8me devant les italiens Matteo Grattarola et Francesco Titli. \u00a0<\/strong><\/p>\n<p>\u00a0<\/p>\n<h3>ILS ONT DIT\u00a0:<\/h3>\n<h4><u>Espagne <\/u><\/h4>\n<p>Toni Bou\u00a0: \u00ab\u00a0<em>Participer au X-Trial des Nations est toujours une exp\u00e9rience diff\u00e9rente, et aujourd\u2019hui c\u2019\u00e9tait tr\u00e8s sp\u00e9cial car je l\u2019ai fait aux c\u00f4t\u00e9s de Gabi, mon co\u00e9quipier. Nous avons roul\u00e9 \u00e0 un tr\u00e8s haut niveau, surtout dans la finale et l\u2019ambiance \u00e0 S\u00e9ville \u00e9tait spectaculaire.<\/em>\u00a0\u00bb<\/p>\n<p>Gabriel Marcelli : <em>\u00ab Ma premi\u00e8re exp\u00e9rience dans cet \u00e9v\u00e9nement a \u00e9t\u00e9 fantastique.<\/em> <em>Avec Toni, c\u2019est facile.<\/em> <em>Je suis tr\u00e8s heureux d\u2019avoir fait \u00e9quipe avec lui et d\u2019avoir remport\u00e9 la victoire devant les supporters espagnols.<\/em> <em>\u00bb<\/em><\/p>\n<div id=\"attachment_724228\" style=\"width: 1210px\" class=\"wp-caption alignnone\"><img loading=\"lazy\" decoding=\"async\" aria-describedby=\"caption-attachment-724228\" class=\"wp-image-724228 size-full\" src=\"https:\/\/moto-station.com\/wp-content\/uploads\/2026\/03\/16\/1120020_Foto.1773526225.jpg\" alt=\"action Toni Bou X-Trial des Nations 2026\" width=\"1200\" height=\"799\"><\/p>\n<p id=\"caption-attachment-724228\" class=\"wp-caption-text\">Toni Bou encore et toujours l\u00e0\u2026 Pour une 14\u00e8me victoire sur les Nations indoor. \u00a9\u00a0DR<\/p>\n<\/div>\n<h4><u>Grande-Bretagne <\/u><\/h4>\n<p>Harry Hemingway\u00a0: \u00ab\u00a0<em>Je suis tr\u00e8s content car nous avons vraiment bien concouru.<\/em> <em>Nous avons termin\u00e9 deuxi\u00e8me \u00e0 chaque manche.<\/em> <em>En finale j\u2019ai fait une erreur, mais cela n\u2019a pas affect\u00e9 le r\u00e9sultat.<\/em> <em>Jack et moi avons tous les deux tr\u00e8s bien roul\u00e9.<\/em> <em>J\u2019esp\u00e8re que dans quelques ann\u00e9es, nous pourrons donner du fil \u00e0 retordre \u00e0 l\u2019Espagne.<\/em>\u00a0\u00bb<\/p>\n<p>Jack Peace\u00a0: <em>\u00ab\u00a0C\u2019\u00e9tait une bonne soir\u00e9e.<\/em> <em>Le niveau des zones \u00e9tait bon.<\/em> <em>On a bien roul\u00e9, l\u2019Italie nous poussant jusqu\u2019au bout.<\/em> <em>Il y a eu quelques erreurs, mais dans l\u2019ensemble c\u2019\u00e9tait une bonne soir\u00e9e.<\/em>\u00a0\u00bb<\/p>\n<div id=\"attachment_724229\" style=\"width: 1210px\" class=\"wp-caption alignnone\"><img loading=\"lazy\" decoding=\"async\" aria-describedby=\"caption-attachment-724229\" class=\"wp-image-724229 size-full\" src=\"https:\/\/moto-station.com\/wp-content\/uploads\/2026\/03\/16\/1120028_Foto.1773526222.jpg\" alt=\"action Jack Peace X-Trial des Nations 2026\" width=\"1200\" height=\"799\"><\/p>\n<p id=\"caption-attachment-724229\" class=\"wp-caption-text\">Les anglais de plus en plus solides, ici Jack Peace, deuxi\u00e8mes de ce X-Trial des Nations. \u00a9 DR<\/p>\n<\/div>\n<h4><u>Italie <\/u><\/h4>\n<p>Matteo Grattarola\u00a0: \u00ab <em>Nous \u00e9tions tr\u00e8s proches de la deuxi\u00e8me place et je suis content du r\u00e9sultat m\u00eame si nous avons termin\u00e9 \u00e0 deux points du but. Nous avons atteint la finale et nous aurions peut-\u00eatre pu faire un peu mieux, mais c\u2019est la course.<\/em> \u00bb<\/p>\n<p>Francesco Titli\u00a0: \u00ab\u00a0<em>Aujourd\u2019hui je n\u2019ai pas aussi bien roul\u00e9 que j\u2019aurais pu, mais nous avons tout de m\u00eame r\u00e9ussi \u00e0 atteindre la finale.<\/em> <em>Nous avons bien commenc\u00e9, mais j\u2019ai ensuite commis trop d\u2019erreurs.<\/em> <em>Malgr\u00e9 tout, remonter sur le podium est important.<\/em> <em>Nous essaierons de faire mieux l\u2019ann\u00e9e prochaine.<\/em>\u00a0\u00bb<\/p>\n<\/p>\n<div id=\"attachment_724230\" style=\"width: 1210px\" class=\"wp-caption alignnone\"><img loading=\"lazy\" decoding=\"async\" aria-describedby=\"caption-attachment-724230\" class=\"wp-image-724230 size-full\" src=\"https:\/\/moto-station.com\/wp-content\/uploads\/2026\/03\/16\/1120026_Foto.1773526223.jpg\" alt=\"action Titli X-Trial des Nations 206\" width=\"1200\" height=\"799\"><\/p>\n<p id=\"caption-attachment-724230\" class=\"wp-caption-text\">Ici le jeune italien Titli, associ\u00e9 au \u00ab\u00a0v\u00e9t\u00e9ran\u00a0\u00bb Grattarola, c\u2019est un podium final ! \u00a9 DR<\/p>\n<\/div>\n<div id=\"attachment_724231\" style=\"width: 1210px\" class=\"wp-caption alignnone\"><img loading=\"lazy\" decoding=\"async\" aria-describedby=\"caption-attachment-724231\" class=\"wp-image-724231 size-full\" src=\"https:\/\/moto-station.com\/wp-content\/uploads\/2026\/03\/16\/1120040_Foto.1773527278.jpg\" alt=\"action Dufrese X-Trial des Nations 2026\" width=\"1200\" height=\"799\"><\/p>\n<p id=\"caption-attachment-724231\" class=\"wp-caption-text\">Hugo Dufrese associ\u00e9 \u00e0 Benoit Bincaz, quatri\u00e8me place pour l\u2019\u00e9quipe de France. \u00a9\u00a0DR<\/p>\n<\/div>\n<p>\u00a0<\/p>\n<\/p>\n<div class=\"perfmatters-lazy-youtube\" data-src=\"https:\/\/www.youtube.com\/embed\/KeutqJ6OXt4\" data-id=\"KeutqJ6OXt4\" data-query=\"start=1&amp;feature=oembed\">\n<div><img loading=\"lazy\" decoding=\"async\" src=\"https:\/\/i.ytimg.com\/vi\/KeutqJ6OXt4\/hqdefault.jpg\" alt=\"YouTube video\" width=\"480\" height=\"360\" data-pin-nopin=\"true\"><\/p>\n<div class=\"play\"><\/div>\n<\/div>\n<\/div><\/div>\n","protected":false},"excerpt":{"rendered":"<p>Le X-Trial des Nations s\u2019est d\u00e9roul\u00e9 ce week-end \u00e0 S\u00e9ville et sans surprise l\u2019\u00e9quipe d\u2019Espagne, compos\u00e9e de Toni Bou et Gabriel Marcelli, a domin\u00e9 les d\u00e9bats. Domination sans partage, il s\u2019agit du 14\u00e8me titre par \u00e9quipe pour les espagnols. L\u2019\u00e9quipe de France, Beno\u00eet Bincaz et Hugo Dufrese, seconde l\u2019an pass\u00e9, reste cette fois au pied [&hellip;]<\/p>\n","protected":false},"author":1,"featured_media":0,"comment_status":"open","ping_status":"","sticky":false,"template":"","format":"standard","meta":{"footnotes":""},"categories":[1],"tags":[226,240],"class_list":["post-1829031","post","type-post","status-publish","format-standard","hentry","category-uncategorized","tag-crawlmanager","tag-moto-station-com"],"_links":{"self":[{"href":"https:\/\/analyse.optim.biz\/index.php?rest_route=\/wp\/v2\/posts\/1829031","targetHints":{"allow":["GET"]}}],"collection":[{"href":"https:\/\/analyse.optim.biz\/index.php?rest_route=\/wp\/v2\/posts"}],"about":[{"href":"https:\/\/analyse.optim.biz\/index.php?rest_route=\/wp\/v2\/types\/post"}],"author":[{"embeddable":true,"href":"https:\/\/analyse.optim.biz\/index.php?rest_route=\/wp\/v2\/users\/1"}],"replies":[{"embeddable":true,"href":"https:\/\/analyse.optim.biz\/index.php?rest_route=%2Fwp%2Fv2%2Fcomments&post=1829031"}],"version-history":[{"count":0,"href":"https:\/\/analyse.optim.biz\/index.php?rest_route=\/wp\/v2\/posts\/1829031\/revisions"}],"wp:attachment":[{"href":"https:\/\/analyse.optim.biz\/index.php?rest_route=%2Fwp%2Fv2%2Fmedia&parent=1829031"}],"wp:term":[{"taxonomy":"category","embeddable":true,"href":"https:\/\/analyse.optim.biz\/index.php?rest_route=%2Fwp%2Fv2%2Fcategories&post=1829031"},{"taxonomy":"post_tag","embeddable":true,"href":"https:\/\/analyse.optim.biz\/index.php?rest_route=%2Fwp%2Fv2%2Ftags&post=1829031"}],"curies":[{"name":"wp","href":"https:\/\/api.w.org\/{rel}","templated":true}]}}