{"id":182899,"date":"2015-04-22T10:56:01","date_gmt":"2015-04-22T07:56:01","guid":{"rendered":"https:\/\/analyse.optim.biz\/?p=182899"},"modified":"2015-04-22T10:56:01","modified_gmt":"2015-04-22T07:56:01","slug":"emil-hurezeanu-despre-demisia-tatianei-niculescu-bran-e-greu-sa-fii-purtatorul-de-cuvant-al-unui-sfinx","status":"publish","type":"post","link":"https:\/\/analyse.optim.biz\/?p=182899","title":{"rendered":"Emil Hurezeanu, despre demisia Tatianei Niculescu Bran: E greu s\u0103 fii purt\u0103torul de cuv\u00e2nt al unui Sfinx"},"content":{"rendered":"<div class=\"entry data-app-meta data-app-meta-article\" data-embed-base-url-canonical=\"https:\/\/www.digi24.ro\/embed\/stiri\/actualitate\/politica\/emil-hurezeanu-despre-demisia-tatianei-niculescu-bran-e-greu-sa-fii-purtatorul-de-cuvant-al-unui-sfinx-383129\">\n<p data-index=\"1\">\u00a0\u00a0<\/p>\n<p data-index=\"2\"><a href=\"https:\/\/www.digi24.ro\/Stiri\/Digi24\/Actualitate\/Politica\/Tatiana+Niculescu-Bran+si-a+dat+demisia+de+la+Cotroceni\" data-skip-linkfix=\"1\">Tatiana Niculescu Bran \u015fi-a motivat demisia de la Cotroceni prin lipsa unei comunic\u0103ri bune cu presa<\/a>. A fost o nepotrivire \u00eentre pre\u015fedinte \u015fi purt\u0103torul s\u0103u de cuv\u00e2nt, crede \u00eens\u0103 jurnalistul Emil Hurezeanu, care consider\u0103 c\u0103 lucrurile ar fi stat poate altfel dac\u0103 Tatiana Niculescu Bran l-ar fi cunoscut pe Klaus Iohannis \u00eenainte de a fi numit\u0103 consilier.<\/p>\n<p data-index=\"3\">\u201e<span>S-a al\u0103turat domnului Iohannis dintr-un impuls de solidarizare, f\u0103r\u0103 s\u0103 \u00eel cunoasc\u0103. Cred c\u0103 ultimele trei luni au fost o experien\u0163\u0103 de descoperire a unui oficiu problematic, acesta de a fi tot timpul \u00een fa\u0163a pre\u015fedintelui, \u00een vitrina preziden\u0163ial\u0103, reprezent\u00e2nd pre\u015fedintele. Domnul Iohannis comunic\u0103 \u00een sistemul Sfinxului. E greu s\u0103 fii purt\u0103torul de cuv\u00e2nt al unui Sfinx, care are un sistem de comunicare personal\u201d, a spus Emil Hurezeanu.<\/span><\/p>\n<h5>Citi\u021bi \u0219i<\/h5>\n<h5><a href=\"https:\/\/www.digi24.ro\/Stiri\/Digi24\/Actualitate\/Politica\/Reactia+lui+Cristian+Preda+dupa+demisia\" data-skip-linkfix=\"1\">Reac\u021bia lui Cristian Preda, dup\u0103 demisia purt\u0103torului de cuv\u00e2nt al pre\u0219edintelui Klaus Iohannis\u00a0<\/a><\/h5>\n<h5><a href=\"https:\/\/www.digi24.ro\/Stiri\/Digi24\/Actualitate\/Politica\/Emil+Hurezeanu+Klaus+Iohannis+e+cel+mai+singur+presedinte+din+ul\" data-skip-linkfix=\"1\">Emil Hurezeanu: Klaus Iohannis e cel mai singur pre\u015fedinte al Rom\u00e2niei din ultimii 25 de ani<\/a><\/h5>\n<\/div>\n<p> Source URL: https:\/\/www.digi24.ro\/stiri\/actualitate\/politica\/emil-hurezeanu-despre-demisia-tatianei-niculescu-bran-e-greu-sa-fii-purtatorul-de-cuvant-al-unui-sfinx-383129<\/p>\n","protected":false},"excerpt":{"rendered":"<p>\u00a0\u00a0 Tatiana Niculescu Bran \u015fi-a motivat demisia de la Cotroceni prin lipsa unei comunic\u0103ri bune cu presa. A fost o nepotrivire \u00eentre pre\u015fedinte \u015fi purt\u0103torul s\u0103u de cuv\u00e2nt, crede \u00eens\u0103 jurnalistul Emil Hurezeanu, care consider\u0103 c\u0103 lucrurile ar fi stat poate altfel dac\u0103 Tatiana Niculescu Bran l-ar fi cunoscut pe Klaus Iohannis \u00eenainte de a [&hellip;]<\/p>\n","protected":false},"author":1,"featured_media":182900,"comment_status":"open","ping_status":"","sticky":false,"template":"","format":"standard","meta":{"footnotes":""},"categories":[2],"tags":[11],"class_list":["post-182899","post","type-post","status-publish","format-standard","has-post-thumbnail","hentry","category-politics","tag-digi24"],"_links":{"self":[{"href":"https:\/\/analyse.optim.biz\/index.php?rest_route=\/wp\/v2\/posts\/182899","targetHints":{"allow":["GET"]}}],"collection":[{"href":"https:\/\/analyse.optim.biz\/index.php?rest_route=\/wp\/v2\/posts"}],"about":[{"href":"https:\/\/analyse.optim.biz\/index.php?rest_route=\/wp\/v2\/types\/post"}],"author":[{"embeddable":true,"href":"https:\/\/analyse.optim.biz\/index.php?rest_route=\/wp\/v2\/users\/1"}],"replies":[{"embeddable":true,"href":"https:\/\/analyse.optim.biz\/index.php?rest_route=%2Fwp%2Fv2%2Fcomments&post=182899"}],"version-history":[{"count":0,"href":"https:\/\/analyse.optim.biz\/index.php?rest_route=\/wp\/v2\/posts\/182899\/revisions"}],"wp:featuredmedia":[{"embeddable":true,"href":"https:\/\/analyse.optim.biz\/index.php?rest_route=\/wp\/v2\/media\/182900"}],"wp:attachment":[{"href":"https:\/\/analyse.optim.biz\/index.php?rest_route=%2Fwp%2Fv2%2Fmedia&parent=182899"}],"wp:term":[{"taxonomy":"category","embeddable":true,"href":"https:\/\/analyse.optim.biz\/index.php?rest_route=%2Fwp%2Fv2%2Fcategories&post=182899"},{"taxonomy":"post_tag","embeddable":true,"href":"https:\/\/analyse.optim.biz\/index.php?rest_route=%2Fwp%2Fv2%2Ftags&post=182899"}],"curies":[{"name":"wp","href":"https:\/\/api.w.org\/{rel}","templated":true}]}}