{"id":1828845,"date":"2026-03-15T08:07:23","date_gmt":"2026-03-15T05:07:23","guid":{"rendered":"https:\/\/analyse.optim.biz\/?p=1828845"},"modified":"2026-03-15T08:07:23","modified_gmt":"2026-03-15T05:07:23","slug":"decizie-in-premiera-absoluta-cum-s-au-angajat-mucea-si-zelenski-sa-rezolve-transnistria","status":"publish","type":"post","link":"https:\/\/analyse.optim.biz\/?p=1828845","title":{"rendered":"Decizie \u00een premier\u0103 absolut\u0103: cum s-au angajat MUCEA \u0219i Zelenski s\u0103 \u201drezolve\u201d Transnistria"},"content":{"rendered":"<p>[analyse_image type=&#8221;featured&#8221; src=&#8221;https:\/\/ortodoxinfo.ro\/wp-content\/uploads\/2026\/03\/nicusor-dan-zelenskii.jpg&#8221;]<\/p>\n<article id=\"post-216389\" class=\"post-216389 post type-post status-publish format-standard has-post-thumbnail category-asasinii-tarii\">\n<header class=\"single-header\">\n<h1 class=\"s-title fw-headline\">Decizie \u00een premier\u0103 absolut\u0103: cum s-au angajat MUCEA \u0219i Zelenski s\u0103 \u201drezolve\u201d Transnistria<\/h1>\n<div class=\"single-meta meta-s-default yes-0\">\n<div class=\"smeta-in\"><a class=\"meta-el meta-avatar\" href=\"https:\/\/ortodoxinfo.ro\/author\/redactor\/\"><img loading=\"lazy\" decoding=\"async\" alt=\"OrtodoxINFO\" src=\"https:\/\/secure.gravatar.com\/avatar\/21010332354a182ce4de6016685c5586f21c51866d0ec5bc8ef383240b3c3e02?s=120&amp;r=g\" class=\"avatar avatar-120 photo\" height=\"120\" width=\"120\"><\/a><\/p>\n<div class=\"smeta-sec\">\n<div class=\"p-meta\">\n<div class=\"meta-inner is-meta\"><span class=\"meta-el meta-date\"><time datetime=\"2026-03-15T10:07:23+02:00\">15 martie 2026<\/time><\/span><span class=\"meta-el meta-category meta-bold\"><a class=\"meta-separate category-19885\" href=\"https:\/\/ortodoxinfo.ro\/category\/anti-sistem\/anti-romanism\/asasinii-tarii\/\">Asasinii \u021b\u0103rii<\/a><\/span><span class=\"meta-el meta-view\">9.8k vizualiz\u0103ri\t\t<\/span><span class=\"meta-el meta-comment mobile-last-meta tablet-last-meta\"><a href=\"https:\/\/ortodoxinfo.ro\/2026\/03\/15\/decizie-in-premiera-absoluta-cum-s-au-angajat-mucea-si-zelenski-sa-rezolve-transnistria\/#comments\">2 comentarii<\/a><\/span><\/div>\n<\/div>\n<\/div>\n<\/div>\n<div class=\"smeta-extra\">\n<div class=\"t-shared-sec tooltips-n has-read-meta is-color\">\n<div class=\"t-shared-header is-meta\"><span class=\"share-label\">Share<\/span><\/div>\n<\/div>\n<div class=\"single-right-meta single-time-read is-meta\"><span class=\"meta-el meta-read\">5 Min Read<\/span><\/div>\n<\/div>\n<\/div>\n<\/header>\n<div class=\"grid-container\">\n<div class=\"s-ct\">\n<div class=\"s-feat-outer\">\n<div class=\"s-feat\">\n<div class=\"featured-lightbox-trigger\" data-source=\"https:\/\/ortodoxinfo.ro\/wp-content\/uploads\/2026\/03\/nicusor-dan-zelenskii.jpg\" data-caption data-attribution><img fetchpriority=\"high\" decoding=\"async\" width=\"860\" height=\"566\" src=\"https:\/\/ortodoxinfo.ro\/wp-content\/uploads\/2026\/03\/nicusor-dan-zelenskii-860x566.jpg\" class=\"attachment-foxiz_crop_o1 size-foxiz_crop_o1 wp-post-image\" alt loading=\"eager\"><\/div>\n<\/div>\n<\/div>\n<div class=\"s-ct-wrap has-lsl\">\n<div class=\"s-ct-inner\">\n<div class=\"l-shared-sec-outer show-mobile\">\n<div class=\"l-shared-sec\">\n<div class=\"l-shared-header meta-text\"><span class=\"share-label\">SHARE<\/span><\/div>\n<\/div>\n<\/div>\n<div class=\"e-ct-outer\">\n<div class=\"entry-content rbct clearfix is-highlight-shares\">\n<p>Declara\u021bia Comun\u0103 privind Stabilirea Parteneriatului Strategic \u00eentre Rom\u00e2nia \u0219i Ucraina, semnat\u0103 la Bucure\u0219ti \u00eentre Mucea Dan \u0219i Volodimir Zelenski con\u021bine un element \u00een premier\u0103 absolut\u0103 \u0219i care ridic\u0103 serioase semne de \u00eentrebare. Mai exact, e pentru prima oar\u0103 c\u00eend \u00een dialogul oficial rom\u00e2no-ucrainean apare numele Transnistriei, a c\u0103rei problem\u0103 cei doi pre\u0219edin\u021bi se angajeaz\u0103 s\u0103 o \u201drezolve\u201d, \u00een condi\u021biile \u00een care Moldova nici m\u0103car nu a avut reprezentan\u021bi la Bucure\u0219ti.<\/p>\n<div class=\"inline-single-ad ad_single_index alignfull\">\n<div class=\"ad-wrap ad-script-wrap\">\n<div class=\"ad-script non-adsense edge-padding\">\n<div>\n\u203c\ufe0f\u203c\ufe0f NU recunoa\u0219tem ca pre\u0219edinte al Rom\u00e2niei pe marioneta retard\u0103 Nicu\u0219or Dan! Rom\u00e2ni, boicota\u021bi aceast\u0103 f\u0103c\u0103tur\u0103, care ne face \u021bara de r\u00e2s! NU rom\u00e2nii l-au votat pe Nicusoro\u0219 &#8211; cu unele excep\u021bii de persoane infantile, manipulabile \u0219i chiar idioate &#8211; ci l-au ajutat Maia Soro\u0219, Emanuel Macrou \u0219i tr\u0103d\u0103torii de la B.E.C. \u0219i CCR!<br \/>\n La \u00eenchisoare cu cei care au fraudat alegerile!\n<\/div>\n<\/div>\n<\/div>\n<\/div>\n<p>Conform documentului semnat, Rom\u00e2nia \u0219i Ucraina \u201dVor sprijini eforturile \u00eendreptate spre realizarea unei solu\u021bii politice durabile a problemei transnistrene, \u00een deplin respect al independen\u021bei, suveranit\u0103\u021bii \u0219i integrit\u0103\u021bii teritoriale a Republicii Moldova \u00een frontierele sale recunoscute interna\u021bional \u0219i f\u0103r\u0103 a afecta procesul de integrare european\u0103 a Republicii Moldova. Ele vor r\u0103m\u00eene angajate s\u0103 sprijine \u00een continuare autorit\u0103\u021bile Republicii Moldova \u00een acest scop\u201d.<\/p>\n<p>Cum spuneam, este pentru prima oar\u0103 c\u00eend \u201eproblema transnistrean\u0103\u201d este numit\u0103 explicit, negru pe alb, \u00eentr-o declara\u021bie bilateral\u0103 la nivel preziden\u021bial \u00eentre Rom\u00e2nia \u0219i Ucraina.<\/p>\n<p>Nu s-a \u00eent\u00eemplat asta nici \u00een Declara\u021bia Comun\u0103 Iohannis\u2013Zelenski, Bucure\u0219ti, 10 octombrie 2023, cea care a decis ridicarea rela\u021biilor la nivel de Parteneriat Strategic, nici \u00een Acordul de Cooperare \u00een domeniul Securit\u0103\u021bii, Washington, 11 iulie 2024, nici \u00een Declara\u021bia comun\u0103 trilateral\u0103 a mini\u0219trilor de Externe + Ap\u0103rare din Rom\u00e2nia, Republica Moldova \u0219i Ucraina \u2013 13 aprilie 2023, la Bucure\u0219ti.<\/p>\n<p>Dup\u0103 cum se vede, Nicu\u0219or Dan \u0219i Zelenski au mers un pas mai departe \u0219i au pus pe h\u00eertie, negru pe alb, sprijinul explicit pentru solu\u021bionarea politic\u0103 a Transnistriei. S\u0103 o spunem pe \u0219leau, formularea \u201d\u00een deplin respect al independen\u021bei, suveranit\u0103\u021bii \u0219i integrit\u0103\u021bii teritoriale a Republicii Moldova \u00een frontierele sale recunoscute interna\u021bional\u201d \u00eenseamn\u0103 fix \u201dafar\u0103 cu ru\u0219ii de acolo\u201d.<br \/>\nDezirabil, dar greu realizabil.<\/p>\n<p>Problema transnistrean\u0103, reamintim pe scurt, este conflictul politic \u0219i teritorial dintre Republica Moldova \u0219i regiunea separatist\u0103 Transnistria, ap\u0103rut dup\u0103 destr\u0103marea URSS. \u00cen 1990, \u00een partea estic\u0103 a Moldovei (pe malul st\u00eeng al Nistrului), o elit\u0103 local\u0103 pro-sovietic\u0103 a proclamat unilateral \u201eRepublica Moldoveneasc\u0103 Nistrean\u0103\u201d, tem\u00eendu-se c\u0103 Moldova s-ar putea apropia de Rom\u00e2nia sau de Occident. Autorit\u0103\u021bile de la Chi\u0219in\u0103u nu au recunoscut aceast\u0103 separare.<\/p>\n<p>Conflictul a degenerat \u00eentr-un scurt r\u0103zboi \u00een 1992 \u00eentre for\u021bele moldovene \u0219i separati\u0219tii transnistreni, sprijini\u021bi de Rusia, inclusiv prin interven\u021bia Armatei a 14-a ruse. Luptele s-au \u00eencheiat printr-un armisti\u021biu, iar regiunea a r\u0103mas \u00een afara controlului Moldovei.<br \/>\nSitua\u021bia actual\u0103: Transnistria func\u021bioneaz\u0103 ca stat separat de facto, cu propriul guvern, armat\u0103, moned\u0103 \u0219i institu\u021bii. Nu este recunoscut\u0103 interna\u021bional; juridic apar\u021bine Republica Moldova. Pe teritoriul ei sunt sta\u021bionate trupe ruse.<\/p>\n<p>Solu\u021bionarea conflictului este discutat\u0103 \u00een formatul diplomatic 5+2 (Moldova, Transnistria, Rusia, Ucraina, OSCE + UE \u0219i SUA ca observatori), dar negocierile sunt blocate de mai mul\u021bi ani.<br \/>\nFaptul c\u0103 Declara\u021bia semnat\u0103 la Bucure\u0219ti plaseaz\u0103 \u00een premier\u0103 problema transnistrean\u0103, oficial \u0219i public, \u00een sarcina Rom\u00e2niei ar putea \u00eensemna c\u0103 Zelenski, care are grani\u021b\u0103 direct\u0103 cu Transnistria \u0219i tot o problem\u0103 direct\u0103 cu ru\u0219ii, a reu\u0219it s\u0103-l atrag\u0103 pe Nicu\u0219or Dan \u00een capcana semn\u0103rii documentului.<\/p>\n<p>Nu e \u00eent\u00eempl\u0103tor c\u0103 p\u00een\u0103 ieri liderii politici de la Bucure\u0219ti au fost rezerva\u021bi \u00een a vorbi despre problema transnistrean\u0103 \u00een documente oficiale, terenul fiind extrem de ml\u0103\u0219tinos. Ne amintim c\u00eet de enervat a fost Kremlinul c\u00eend B\u0103sescu a spus despre Marea Neagr\u0103 c\u0103 e \u201dlac rusesc\u201d, \u0219i nu era document oficial, ci vorb\u0103 \u00een v\u00eent.<\/p>\n<p>Diploma\u021bia discret\u0103 rom\u00e2neasc\u0103 \u00een problema transnistrean\u0103 \u2013 dac\u0103 a existat a\u0219a ceva p\u00een\u0103 acum, iese acum la lumin\u0103 \u0219i e previzibil c\u0103 Rusia nu va fi deloc \u00eenc\u00eentat\u0103.<br \/>\nR\u0103m\u00eene de v\u0103zut c\u00eet de \u00eenc\u00eentat\u0103 va fi Maia Sandu s\u0103 afle c\u0103 doi lideri str\u0103ini au promis m\u0103suri legate de \u021bara ei f\u0103r\u0103 s\u0103 fie prezent\u0103, ori m\u0103car invocat\u0103 \u00een declara\u021biile care au \u00eenso\u021bit evenimentul. (Bogdan Tiberiu Iacob)<\/p>\n<\/div>\n<\/div>\n<\/div>\n<div class=\"e-shared-sec entry-sec\">\n<div class=\"e-shared-header h4\"><span>Distribuie<\/span><\/div>\n<div class=\"rbbsl tooltips-n effect-fadeout is-bg\"><a class=\"share-action share-trigger icon-facebook\" aria-label=\"Share on Facebook\" href=\"https:\/\/www.facebook.com\/sharer.php?u=https%3A%2F%2Fortodoxinfo.ro%2F2026%2F03%2F15%2Fdecizie-in-premiera-absoluta-cum-s-au-angajat-mucea-si-zelenski-sa-rezolve-transnistria%2F\" data-title=\"Facebook\" rel=\"nofollow\"><span>Facebook<\/span><\/a><a class=\"share-action share-trigger icon-twitter\" aria-label=\"Share on X\" href=\"https:\/\/twitter.com\/intent\/tweet?text=Decizie+%C3%AEn+premier%C4%83+absolut%C4%83%3A+cum+s-au+angajat+MUCEA+%C8%99i+Zelenski+s%C4%83+%E2%80%9Drezolve%E2%80%9D+Transnistria&amp;url=https%3A%2F%2Fortodoxinfo.ro%2F2026%2F03%2F15%2Fdecizie-in-premiera-absoluta-cum-s-au-angajat-mucea-si-zelenski-sa-rezolve-transnistria%2F&amp;via=ortodoxinforo\" data-title=\"X\" rel=\"nofollow\"><span>X<\/span><\/a><a class=\"share-action icon-whatsapp is-web\" aria-label=\"Share on Whatsapp\" href=\"https:\/\/web.whatsapp.com\/send?text=Decizie+%C3%AEn+premier%C4%83+absolut%C4%83%3A+cum+s-au+angajat+MUCEA+%C8%99i+Zelenski+s%C4%83+%E2%80%9Drezolve%E2%80%9D+Transnistria%20%E2%98%9E%20https%3A%2F%2Fortodoxinfo.ro%2F2026%2F03%2F15%2Fdecizie-in-premiera-absoluta-cum-s-au-angajat-mucea-si-zelenski-sa-rezolve-transnistria%2F\" target=\"_blank\" data-title=\"WhatsApp\" rel=\"nofollow\"><span>Whatsapp<\/span><\/a><a class=\"share-action icon-whatsapp is-mobile\" aria-label=\"Share on Whatsapp\" href=\"\/\/send?text=Decizie+%C3%AEn+premier%C4%83+absolut%C4%83%3A+cum+s-au+angajat+MUCEA+%C8%99i+Zelenski+s%C4%83+%E2%80%9Drezolve%E2%80%9D+Transnistria%20%E2%98%9E%20https%3A%2F%2Fortodoxinfo.ro%2F2026%2F03%2F15%2Fdecizie-in-premiera-absoluta-cum-s-au-angajat-mucea-si-zelenski-sa-rezolve-transnistria%2F\" target=\"_blank\" data-title=\"WhatsApp\" rel=\"nofollow\"><span>Whatsapp<\/span><\/a><a class=\"share-action share-trigger icon-telegram\" aria-label=\"Share on Telegram\" href=\"https:\/\/t.me\/share\/?url=https%3A%2F%2Fortodoxinfo.ro%2F2026%2F03%2F15%2Fdecizie-in-premiera-absoluta-cum-s-au-angajat-mucea-si-zelenski-sa-rezolve-transnistria%2F&amp;text=Decizie+%C3%AEn+premier%C4%83+absolut%C4%83%3A+cum+s-au+angajat+MUCEA+%C8%99i+Zelenski+s%C4%83+%E2%80%9Drezolve%E2%80%9D+Transnistria\" data-title=\"Telegram\" rel=\"nofollow\"><span>Telegram<\/span><\/a><a class=\"share-action icon-copy copy-trigger\" aria-label=\"Copy Link\" href=\"https:\/\/ortodoxinfo.ro\/2026\/03\/15\/decizie-in-premiera-absoluta-cum-s-au-angajat-mucea-si-zelenski-sa-rezolve-transnistria\/\" data-copied=\"Copied!\" data-link=\"https:\/\/ortodoxinfo.ro\/2026\/03\/15\/decizie-in-premiera-absoluta-cum-s-au-angajat-mucea-si-zelenski-sa-rezolve-transnistria\/\" rel=\"nofollow\" data-copy=\"Copy Link\"><span>Copy Link<\/span><\/a><a class=\"share-action icon-print\" aria-label=\"Print\" rel=\"nofollow\" data-title=\"Print\"><span>Print<\/span><\/a><\/div>\n<\/div>\n<\/div>\n<div id=\"tabs\" class=\"dntplgn_form_wrapper\"><span><\/p>\n<h2>\u0218tirile sunt sub cenzur\u0103! Sprijini\u021bi OrtodoxINFO!<\/h2>\n<p>Guvernul nu dore\u0219te aflarea adev\u0103rului despre lovitura de stat \u0219i \u00eengenuncherea Rom\u00e2niei. \u00cencerc\u0103m s\u0103 men\u021binem viu acest site \u0219i s\u0103 v\u0103 punem la dispozi\u021bie informa\u021bii care s\u0103 fac\u0103 lumin\u0103 \u00een cea mai mare provocare pe care o tr\u0103im. Jurnalismul independent al portalului OrtodoxINFO func\u021bioneaz\u0103 strict cu ajutorul cititorilor.<br \/>\nNe pute\u021bi sprijini printr-o <b><a href=\"https:\/\/ortodoxinfo.ro\/donatii\/\">dona\u021bie bancar\u0103<\/a> sau prin PayPal, complet\u00e2nd formularul de mai jos.<\/b><\/span><\/p>\n<ul>\n<li><a href=\"https:\/\/ortodoxinfo.ro\/2026\/03\/15\/decizie-in-premiera-absoluta-cum-s-au-angajat-mucea-si-zelenski-sa-rezolve-transnistria\/#tabs-1\">Dona\u021bie lunar\u0103<\/a><\/li>\n<li><a href=\"https:\/\/ortodoxinfo.ro\/2026\/03\/15\/decizie-in-premiera-absoluta-cum-s-au-angajat-mucea-si-zelenski-sa-rezolve-transnistria\/#tabs-2\">Doar acum<\/a><\/li>\n<\/ul>\n<div id=\"tabs-1\"><img loading=\"lazy\" decoding=\"async\" alt border=\"0\" src=\"https:\/\/www.paypalobjects.com\/en_US\/i\/scr\/pixel.gif\" width=\"1\" height=\"1\"><\/div>\n<div id=\"tabs-2\">\n<p>\t\t     \u20ac<\/p>\n<p>\t\t    <img loading=\"lazy\" decoding=\"async\" alt border=\"0\" src=\"https:\/\/www.paypalobjects.com\/en_US\/i\/scr\/pixel.gif\" width=\"1\" height=\"1\"><\/div>\n<p>Mul\u021bumim celor care ne-au ajutat p\u00e2n\u0103 acum!\n\t<\/p><\/div>\n<div class=\"comment-box-wrap entry-sec\">\n<div class=\"comment-box-header\"><span class=\"h3\">2 comentarii<\/span><\/div>\n<div class=\"comment-holder\">\n<div id=\"comments\" class=\"comments-area\">\n<div class=\"rb-section\">\n<ul class=\"comment-list entry\">\n<li id=\"comment-244272\" class=\"comment even thread-even depth-1\">\n<article id=\"div-comment-244272\" class=\"comment-body\">\n<footer class=\"comment-meta\">\n<div class=\"comment-author vcard\"><img loading=\"lazy\" decoding=\"async\" alt src=\"https:\/\/secure.gravatar.com\/avatar\/39c54047ac4c70a5d3a1e7c9c9117f01e85fc08fbeace82d22a846b384cd0c4f?s=100&amp;r=g\" class=\"avatar avatar-100 photo\" height=\"100\" width=\"100\"><b class=\"fn\">cosmin<\/b><span class=\"says\">spune:<\/span><\/div>\n<div class=\"comment-metadata\"><a href=\"https:\/\/ortodoxinfo.ro\/2026\/03\/15\/decizie-in-premiera-absoluta-cum-s-au-angajat-mucea-si-zelenski-sa-rezolve-transnistria\/#comment-244272\"><time datetime=\"2026-03-15T15:58:34+02:00\">15 martie 2026 la 15:58<\/time><\/a><\/div>\n<\/footer>\n<div class=\"comment-content\">\n<p>In poza, oligofrenul zici ca face faza aia a lui Michael Jackson cand se apleaca drept la un unghi imposibil.<\/p>\n<\/div>\n<div class=\"reply\"><a rel=\"nofollow\" class=\"comment-reply-link\" href=\"https:\/\/ortodoxinfo.ro\/2026\/03\/15\/decizie-in-premiera-absoluta-cum-s-au-angajat-mucea-si-zelenski-sa-rezolve-transnistria\/?replytocom=244272#respond\" data-commentid=\"244272\" data-postid=\"216389\" data-belowelement=\"div-comment-244272\" data-respondelement=\"respond\" data-replyto=\"R\u0103spunde-i lui cosmin\" aria-label=\"R\u0103spunde-i lui cosmin\">R\u0103spunde<\/a><\/div>\n<\/article>\n<\/li>\n<li id=\"comment-244281\" class=\"comment odd alt thread-odd thread-alt depth-1\">\n<article id=\"div-comment-244281\" class=\"comment-body\">\n<footer class=\"comment-meta\">\n<div class=\"comment-author vcard\"><img loading=\"lazy\" decoding=\"async\" alt src=\"https:\/\/secure.gravatar.com\/avatar\/8c2b2f5e4e1b31f14a9afd1f73a90f80df6fb7ee5f00a4916edc61a3ef813ec8?s=100&amp;r=g\" class=\"avatar avatar-100 photo\" height=\"100\" width=\"100\"><b class=\"fn\">Sin<\/b><span class=\"says\">spune:<\/span><\/div>\n<div class=\"comment-metadata\"><a href=\"https:\/\/ortodoxinfo.ro\/2026\/03\/15\/decizie-in-premiera-absoluta-cum-s-au-angajat-mucea-si-zelenski-sa-rezolve-transnistria\/#comment-244281\"><time datetime=\"2026-03-15T17:13:55+02:00\">15 martie 2026 la 17:13<\/time><\/a><\/div>\n<\/footer>\n<div class=\"comment-content\">\n<p>Who cares despre ce behaie Oaiasandu, pres-e-dinta unei strutocamile inventata si promovata de cremlin ?!Moldova va fi iar una, in granitele Romaniei, pen\u2019 ca va fi singura solutie zonala posibila.Ca vor, ca nu vor ursii.<\/p>\n<\/div>\n<div class=\"reply\"><a rel=\"nofollow\" class=\"comment-reply-link\" href=\"https:\/\/ortodoxinfo.ro\/2026\/03\/15\/decizie-in-premiera-absoluta-cum-s-au-angajat-mucea-si-zelenski-sa-rezolve-transnistria\/?replytocom=244281#respond\" data-commentid=\"244281\" data-postid=\"216389\" data-belowelement=\"div-comment-244281\" data-respondelement=\"respond\" data-replyto=\"R\u0103spunde-i lui Sin\" aria-label=\"R\u0103spunde-i lui Sin\">R\u0103spunde<\/a><\/div>\n<\/article>\n<\/li>\n<\/ul>\n<\/div>\n<div id=\"respond\" class=\"comment-respond\">\n<h3 id=\"reply-title\" class=\"comment-reply-title\">Las\u0103 un r\u0103spuns <small><a rel=\"nofollow\" id=\"cancel-comment-reply-link\" href=\"https:\/\/ortodoxinfo.ro\/2026\/03\/15\/decizie-in-premiera-absoluta-cum-s-au-angajat-mucea-si-zelenski-sa-rezolve-transnistria\/#respond\">Anuleaz\u0103 r\u0103spunsul<\/a><\/small><\/h3>\n<p class=\"comment-notes\"><span id=\"email-notes\">Adresa ta de email nu va fi publicat\u0103.<\/span><span class=\"required-field-message\">C\u00e2mpurile obligatorii sunt marcate cu <span class=\"required\">*<\/span><\/span><\/p>\n<\/div>\n<\/div>\n<\/div>\n<\/div>\n<\/div>\n<div class=\"sidebar-wrap single-sidebar\">\n<div class=\"sidebar-inner clearfix\">\n<div id=\"widget-post-2\" class=\"widget rb-section w-sidebar clearfix widget-post\">\n<div class=\"block-h widget-heading heading-layout-1\">\n<div class=\"heading-inner\">\n<h4 class=\"heading-title\"><span>Articole recente<\/span><\/h4>\n<\/div>\n<\/div>\n<div class=\"widget-p-listing\">\n<div class=\"p-wrap p-small p-list-small-2\" data-pid=\"216551\">\n<div class=\"feat-holder\">\n<div class=\"p-featured ratio-v1\"><a class=\"p-flink\" href=\"https:\/\/ortodoxinfo.ro\/2026\/03\/15\/bugetul-2026-planul-lui-bolojaf-de-razbunare-pe-votantii-partidelor-suveraniste\/\" title=\"Bugetul 2026 \u2013 Planul lui Bolojaf de r\u0103zbunare pe votan\u021bii partidelor suveraniste\"><img decoding=\"async\" width=\"150\" height=\"150\" src=\"https:\/\/ortodoxinfo.ro\/wp-content\/uploads\/2026\/03\/bolo-taxe-150x150.jpg\" class=\"featured-img wp-post-image\" alt loading=\"lazy\"><\/a><\/div>\n<\/div>\n<div class=\"p-content\">\n<h5 class=\"entry-title\"><a class=\"p-url\" href=\"https:\/\/ortodoxinfo.ro\/2026\/03\/15\/bugetul-2026-planul-lui-bolojaf-de-razbunare-pe-votantii-partidelor-suveraniste\/\" rel=\"bookmark\">Bugetul 2026 \u2013 Planul lui Bolojaf de r\u0103zbunare pe votan\u021bii partidelor suveraniste<\/a><\/h5>\n<div class=\"p-meta\">\n<div class=\"meta-inner is-meta\"><span class=\"meta-el meta-date\"><time datetime=\"2026-03-15T20:43:16+02:00\">15 martie 2026<\/time><\/span><span class=\"meta-el meta-category meta-bold\"><a class=\"meta-separate category-19885\" href=\"https:\/\/ortodoxinfo.ro\/category\/anti-sistem\/anti-romanism\/asasinii-tarii\/\">Asasinii \u021b\u0103rii<\/a><\/span><span class=\"meta-el meta-view\">7.7k vizualiz\u0103ri\t\t<\/span><\/div>\n<\/div>\n<\/div>\n<\/div>\n<div class=\"p-wrap p-small p-list-small-2\" data-pid=\"216537\">\n<div class=\"feat-holder\">\n<div class=\"p-featured ratio-v1\"><a class=\"p-flink\" href=\"https:\/\/ortodoxinfo.ro\/2026\/03\/15\/tucker-carlson-sustine-ca-ar-putea-fi-acuzat-de-sua-ca-agent-strain-dupa-ce-cia-i-ar-fi-citit-mesajele-despre-iran\/\" title=\"Tucker Carlson sus\u021bine c\u0103 ar putea fi acuzat de SUA ca \u201eagent str\u0103in\u201d dup\u0103 ce CIA i-ar fi citit mesajele despre Iran\"><img decoding=\"async\" width=\"150\" height=\"150\" src=\"https:\/\/ortodoxinfo.ro\/wp-content\/uploads\/2026\/03\/Tuccccc-1200x670-1-150x150.jpg\" class=\"featured-img wp-post-image\" alt loading=\"lazy\"><\/a><\/div>\n<\/div>\n<div class=\"p-content\">\n<h5 class=\"entry-title\"><a class=\"p-url\" href=\"https:\/\/ortodoxinfo.ro\/2026\/03\/15\/tucker-carlson-sustine-ca-ar-putea-fi-acuzat-de-sua-ca-agent-strain-dupa-ce-cia-i-ar-fi-citit-mesajele-despre-iran\/\" rel=\"bookmark\">Tucker Carlson sus\u021bine c\u0103 ar putea fi acuzat de SUA ca \u201eagent str\u0103in\u201d dup\u0103 ce CIA i-ar fi citit mesajele despre Iran<\/a><\/h5>\n<div class=\"p-meta\">\n<div class=\"meta-inner is-meta\"><span class=\"meta-el meta-date\"><time datetime=\"2026-03-15T17:55:09+02:00\">15 martie 2026<\/time><\/span><span class=\"meta-el meta-category meta-bold\"><a class=\"meta-separate category-1549\" href=\"https:\/\/ortodoxinfo.ro\/category\/anti-sistem\/abuzurile-politiei\/\">Abuzurile poli\u021biei<\/a><\/span><span class=\"meta-el meta-view\">4.3k vizualiz\u0103ri\t\t<\/span><\/div>\n<\/div>\n<\/div>\n<\/div>\n<div class=\"p-wrap p-small p-list-small-2\" data-pid=\"216508\">\n<div class=\"feat-holder\">\n<div class=\"p-featured ratio-v1\"><a class=\"p-flink\" href=\"https:\/\/ortodoxinfo.ro\/2026\/03\/15\/israelul-le-a-spus-americanilor-ca-stocurile-sale-de-interceptori-au-ajuns-la-un-nivel-critic\/\" title=\"Israelul le-a spus americanilor c\u0103 stocurile sale de interceptori au ajuns la un nivel \u201ecritic\u201d\"><img decoding=\"async\" width=\"150\" height=\"150\" src=\"https:\/\/ortodoxinfo.ro\/wp-content\/uploads\/2026\/03\/israel1.webp-150x150.webp\" class=\"featured-img wp-post-image\" alt loading=\"lazy\"><\/a><\/div>\n<\/div>\n<div class=\"p-content\">\n<h5 class=\"entry-title\"><a class=\"p-url\" href=\"https:\/\/ortodoxinfo.ro\/2026\/03\/15\/israelul-le-a-spus-americanilor-ca-stocurile-sale-de-interceptori-au-ajuns-la-un-nivel-critic\/\" rel=\"bookmark\">Israelul le-a spus americanilor c\u0103 stocurile sale de interceptori au ajuns la un nivel \u201ecritic\u201d<\/a><\/h5>\n<div class=\"p-meta\">\n<div class=\"meta-inner is-meta\"><span class=\"meta-el meta-date\"><time datetime=\"2026-03-15T13:59:16+02:00\">15 martie 2026<\/time><\/span><span class=\"meta-el meta-category meta-bold\"><a class=\"meta-separate category-15871\" href=\"https:\/\/ortodoxinfo.ro\/category\/anti-sistem\/al-iii-lea-razboi-mondial\/ucraina\/\">Ucraina<\/a><\/span><span class=\"meta-el meta-view\">8k vizualiz\u0103ri\t\t<\/span><\/div>\n<\/div>\n<\/div>\n<\/div>\n<div class=\"p-wrap p-small p-list-small-2\" data-pid=\"216473\">\n<div class=\"feat-holder\">\n<div class=\"p-featured ratio-v1\"><a class=\"p-flink\" href=\"https:\/\/ortodoxinfo.ro\/2026\/03\/15\/economistul-radu-georgescu-guvernul-bolojan-nu-mai-poate-sa-se-imprumute-intr-o-luna-romania-intra-in-incapacitate-de-plata\/\" title=\"Economistul Radu Georgescu: Guvernul Bolojan nu mai poate s\u0103 se \u00eemprumute. \u00centr-o lun\u0103, Rom\u00e2nia intr\u0103 \u00een incapacitate de plat\u0103\"><img decoding=\"async\" width=\"150\" height=\"150\" src=\"https:\/\/ortodoxinfo.ro\/wp-content\/uploads\/2026\/03\/radu-georgescu-150x150.png\" class=\"featured-img wp-post-image\" alt loading=\"lazy\"><\/a><\/div>\n<\/div>\n<div class=\"p-content\">\n<h5 class=\"entry-title\"><a class=\"p-url\" href=\"https:\/\/ortodoxinfo.ro\/2026\/03\/15\/economistul-radu-georgescu-guvernul-bolojan-nu-mai-poate-sa-se-imprumute-intr-o-luna-romania-intra-in-incapacitate-de-plata\/\" rel=\"bookmark\">Economistul Radu Georgescu: Guvernul Bolojan nu mai poate s\u0103 se \u00eemprumute. \u00centr-o lun\u0103, Rom\u00e2nia intr\u0103 \u00een incapacitate de plat\u0103<\/a><\/h5>\n<div class=\"p-meta\">\n<div class=\"meta-inner is-meta\"><span class=\"meta-el meta-date\"><time datetime=\"2026-03-15T10:08:16+02:00\">15 martie 2026<\/time><\/span><span class=\"meta-el meta-category meta-bold\"><a class=\"meta-separate category-19885\" href=\"https:\/\/ortodoxinfo.ro\/category\/anti-sistem\/anti-romanism\/asasinii-tarii\/\">Asasinii \u021b\u0103rii<\/a><\/span><span class=\"meta-el meta-view\">13.9k vizualiz\u0103ri\t\t<\/span><\/div>\n<\/div>\n<\/div>\n<\/div>\n<\/div>\n<\/div>\n<div id=\"custom_html-2\" class=\"widget_text widget rb-section w-sidebar clearfix widget_custom_html\">\n<div class=\"block-h widget-heading heading-layout-1\">\n<div class=\"heading-inner\">\n<h4 class=\"heading-title\"><span>DONA\u021aII \u00een cont bancar<\/span><\/h4>\n<\/div>\n<\/div>\n<div class=\"textwidget custom-html-widget\">\n<table class=\"donatii\">\n<tbody>\n<tr>\n<th colspan=\"2\"><strong><span>ASMIB<\/span><\/strong><\/th>\n<\/tr>\n<tr>\n<th>Cont LEI<\/th>\n<td>RO67CECEB00030RON2081955<\/td>\n<\/tr>\n<tr>\n<th>Cont EURO<\/th>\n<td>RO33CECEB000C1EUR2081978<\/td>\n<\/tr>\n<tr>\n<th>Cod SWIFT<\/th>\n<td>CECEROBU<\/td>\n<\/tr>\n<tr>\n<th colspan=\"2\"><strong>CEC BANK SA<\/strong><\/th>\n<\/tr>\n<\/tbody>\n<\/table>\n<\/div>\n<\/div>\n<\/div>\n<\/div>\n<\/div>\n<\/article>\n<div class=\"entry-content rbct clearfix is-highlight-shares\">\n<p>Declara\u021bia Comun\u0103 privind Stabilirea Parteneriatului Strategic \u00eentre Rom\u00e2nia \u0219i Ucraina, semnat\u0103 la Bucure\u0219ti \u00eentre Mucea Dan \u0219i Volodimir Zelenski con\u021bine un element \u00een premier\u0103 absolut\u0103 \u0219i care ridic\u0103 serioase semne de \u00eentrebare. Mai exact, e pentru prima oar\u0103 c\u00eend \u00een dialogul oficial rom\u00e2no-ucrainean apare numele Transnistriei, a c\u0103rei problem\u0103 cei doi pre\u0219edin\u021bi se angajeaz\u0103 s\u0103 o \u201drezolve\u201d, \u00een condi\u021biile \u00een care Moldova nici m\u0103car nu a avut reprezentan\u021bi la Bucure\u0219ti.<\/p>\n<div class=\"inline-single-ad ad_single_index alignfull\">\n<div class=\"ad-wrap ad-script-wrap\">\n<div class=\"ad-script non-adsense edge-padding\">\n<div>\n\u203c\ufe0f\u203c\ufe0f NU recunoa\u0219tem ca pre\u0219edinte al Rom\u00e2niei pe marioneta retard\u0103 Nicu\u0219or Dan! Rom\u00e2ni, boicota\u021bi aceast\u0103 f\u0103c\u0103tur\u0103, care ne face \u021bara de r\u00e2s! NU rom\u00e2nii l-au votat pe Nicusoro\u0219 &#8211; cu unele excep\u021bii de persoane infantile, manipulabile \u0219i chiar idioate &#8211; ci l-au ajutat Maia Soro\u0219, Emanuel Macrou \u0219i tr\u0103d\u0103torii de la B.E.C. \u0219i CCR!<br \/>\n La \u00eenchisoare cu cei care au fraudat alegerile!\n<\/div>\n<\/div>\n<\/div>\n<\/div>\n<p>Conform documentului semnat, Rom\u00e2nia \u0219i Ucraina \u201dVor sprijini eforturile \u00eendreptate spre realizarea unei solu\u021bii politice durabile a problemei transnistrene, \u00een deplin respect al independen\u021bei, suveranit\u0103\u021bii \u0219i integrit\u0103\u021bii teritoriale a Republicii Moldova \u00een frontierele sale recunoscute interna\u021bional \u0219i f\u0103r\u0103 a afecta procesul de integrare european\u0103 a Republicii Moldova. Ele vor r\u0103m\u00eene angajate s\u0103 sprijine \u00een continuare autorit\u0103\u021bile Republicii Moldova \u00een acest scop\u201d.<\/p>\n<p>Cum spuneam, este pentru prima oar\u0103 c\u00eend \u201eproblema transnistrean\u0103\u201d este numit\u0103 explicit, negru pe alb, \u00eentr-o declara\u021bie bilateral\u0103 la nivel preziden\u021bial \u00eentre Rom\u00e2nia \u0219i Ucraina.<\/p>\n<p>Nu s-a \u00eent\u00eemplat asta nici \u00een Declara\u021bia Comun\u0103 Iohannis\u2013Zelenski, Bucure\u0219ti, 10 octombrie 2023, cea care a decis ridicarea rela\u021biilor la nivel de Parteneriat Strategic, nici \u00een Acordul de Cooperare \u00een domeniul Securit\u0103\u021bii, Washington, 11 iulie 2024, nici \u00een Declara\u021bia comun\u0103 trilateral\u0103 a mini\u0219trilor de Externe + Ap\u0103rare din Rom\u00e2nia, Republica Moldova \u0219i Ucraina \u2013 13 aprilie 2023, la Bucure\u0219ti.<\/p>\n<p>Dup\u0103 cum se vede, Nicu\u0219or Dan \u0219i Zelenski au mers un pas mai departe \u0219i au pus pe h\u00eertie, negru pe alb, sprijinul explicit pentru solu\u021bionarea politic\u0103 a Transnistriei. S\u0103 o spunem pe \u0219leau, formularea \u201d\u00een deplin respect al independen\u021bei, suveranit\u0103\u021bii \u0219i integrit\u0103\u021bii teritoriale a Republicii Moldova \u00een frontierele sale recunoscute interna\u021bional\u201d \u00eenseamn\u0103 fix \u201dafar\u0103 cu ru\u0219ii de acolo\u201d.<br \/>\nDezirabil, dar greu realizabil.<\/p>\n<p>Problema transnistrean\u0103, reamintim pe scurt, este conflictul politic \u0219i teritorial dintre Republica Moldova \u0219i regiunea separatist\u0103 Transnistria, ap\u0103rut dup\u0103 destr\u0103marea URSS. \u00cen 1990, \u00een partea estic\u0103 a Moldovei (pe malul st\u00eeng al Nistrului), o elit\u0103 local\u0103 pro-sovietic\u0103 a proclamat unilateral \u201eRepublica Moldoveneasc\u0103 Nistrean\u0103\u201d, tem\u00eendu-se c\u0103 Moldova s-ar putea apropia de Rom\u00e2nia sau de Occident. Autorit\u0103\u021bile de la Chi\u0219in\u0103u nu au recunoscut aceast\u0103 separare.<\/p>\n<p>Conflictul a degenerat \u00eentr-un scurt r\u0103zboi \u00een 1992 \u00eentre for\u021bele moldovene \u0219i separati\u0219tii transnistreni, sprijini\u021bi de Rusia, inclusiv prin interven\u021bia Armatei a 14-a ruse. Luptele s-au \u00eencheiat printr-un armisti\u021biu, iar regiunea a r\u0103mas \u00een afara controlului Moldovei.<br \/>\nSitua\u021bia actual\u0103: Transnistria func\u021bioneaz\u0103 ca stat separat de facto, cu propriul guvern, armat\u0103, moned\u0103 \u0219i institu\u021bii. Nu este recunoscut\u0103 interna\u021bional; juridic apar\u021bine Republica Moldova. Pe teritoriul ei sunt sta\u021bionate trupe ruse.<\/p>\n<p>Solu\u021bionarea conflictului este discutat\u0103 \u00een formatul diplomatic 5+2 (Moldova, Transnistria, Rusia, Ucraina, OSCE + UE \u0219i SUA ca observatori), dar negocierile sunt blocate de mai mul\u021bi ani.<br \/>\nFaptul c\u0103 Declara\u021bia semnat\u0103 la Bucure\u0219ti plaseaz\u0103 \u00een premier\u0103 problema transnistrean\u0103, oficial \u0219i public, \u00een sarcina Rom\u00e2niei ar putea \u00eensemna c\u0103 Zelenski, care are grani\u021b\u0103 direct\u0103 cu Transnistria \u0219i tot o problem\u0103 direct\u0103 cu ru\u0219ii, a reu\u0219it s\u0103-l atrag\u0103 pe Nicu\u0219or Dan \u00een capcana semn\u0103rii documentului.<\/p>\n<p>Nu e \u00eent\u00eempl\u0103tor c\u0103 p\u00een\u0103 ieri liderii politici de la Bucure\u0219ti au fost rezerva\u021bi \u00een a vorbi despre problema transnistrean\u0103 \u00een documente oficiale, terenul fiind extrem de ml\u0103\u0219tinos. Ne amintim c\u00eet de enervat a fost Kremlinul c\u00eend B\u0103sescu a spus despre Marea Neagr\u0103 c\u0103 e \u201dlac rusesc\u201d, \u0219i nu era document oficial, ci vorb\u0103 \u00een v\u00eent.<\/p>\n<p>Diploma\u021bia discret\u0103 rom\u00e2neasc\u0103 \u00een problema transnistrean\u0103 \u2013 dac\u0103 a existat a\u0219a ceva p\u00een\u0103 acum, iese acum la lumin\u0103 \u0219i e previzibil c\u0103 Rusia nu va fi deloc \u00eenc\u00eentat\u0103.<br \/>\nR\u0103m\u00eene de v\u0103zut c\u00eet de \u00eenc\u00eentat\u0103 va fi Maia Sandu s\u0103 afle c\u0103 doi lideri str\u0103ini au promis m\u0103suri legate de \u021bara ei f\u0103r\u0103 s\u0103 fie prezent\u0103, ori m\u0103car invocat\u0103 \u00een declara\u021biile care au \u00eenso\u021bit evenimentul. (Bogdan Tiberiu Iacob)<\/p>\n<\/div>\n<p>[analyse_source url=&#8221;https:\/\/ortodoxinfo.ro\/2026\/03\/15\/decizie-in-premiera-absoluta-cum-s-au-angajat-mucea-si-zelenski-sa-rezolve-transnistria\/&#8221;]<\/p>\n","protected":false},"excerpt":{"rendered":"<p>[analyse_image type=&#8221;featured&#8221; src=&#8221;https:\/\/ortodoxinfo.ro\/wp-content\/uploads\/2026\/03\/nicusor-dan-zelenskii.jpg&#8221;] Decizie \u00een premier\u0103 absolut\u0103: cum s-au angajat MUCEA \u0219i Zelenski s\u0103 \u201drezolve\u201d Transnistria 15 martie 2026Asasinii \u021b\u0103rii9.8k vizualiz\u0103ri 2 comentarii Share 5 Min Read SHARE Declara\u021bia Comun\u0103 privind Stabilirea Parteneriatului Strategic \u00eentre Rom\u00e2nia \u0219i Ucraina, semnat\u0103 la Bucure\u0219ti \u00eentre Mucea Dan \u0219i Volodimir Zelenski con\u021bine un element \u00een premier\u0103 absolut\u0103 \u0219i care [&hellip;]<\/p>\n","protected":false},"author":1,"featured_media":0,"comment_status":"open","ping_status":"","sticky":false,"template":"","format":"standard","meta":{"footnotes":""},"categories":[89],"tags":[226,94],"class_list":["post-1828845","post","type-post","status-publish","format-standard","hentry","category-romania","tag-crawlmanager","tag-ortodoxinfo-ro"],"_links":{"self":[{"href":"https:\/\/analyse.optim.biz\/index.php?rest_route=\/wp\/v2\/posts\/1828845","targetHints":{"allow":["GET"]}}],"collection":[{"href":"https:\/\/analyse.optim.biz\/index.php?rest_route=\/wp\/v2\/posts"}],"about":[{"href":"https:\/\/analyse.optim.biz\/index.php?rest_route=\/wp\/v2\/types\/post"}],"author":[{"embeddable":true,"href":"https:\/\/analyse.optim.biz\/index.php?rest_route=\/wp\/v2\/users\/1"}],"replies":[{"embeddable":true,"href":"https:\/\/analyse.optim.biz\/index.php?rest_route=%2Fwp%2Fv2%2Fcomments&post=1828845"}],"version-history":[{"count":0,"href":"https:\/\/analyse.optim.biz\/index.php?rest_route=\/wp\/v2\/posts\/1828845\/revisions"}],"wp:attachment":[{"href":"https:\/\/analyse.optim.biz\/index.php?rest_route=%2Fwp%2Fv2%2Fmedia&parent=1828845"}],"wp:term":[{"taxonomy":"category","embeddable":true,"href":"https:\/\/analyse.optim.biz\/index.php?rest_route=%2Fwp%2Fv2%2Fcategories&post=1828845"},{"taxonomy":"post_tag","embeddable":true,"href":"https:\/\/analyse.optim.biz\/index.php?rest_route=%2Fwp%2Fv2%2Ftags&post=1828845"}],"curies":[{"name":"wp","href":"https:\/\/api.w.org\/{rel}","templated":true}]}}