{"id":1827836,"date":"2026-03-15T09:18:26","date_gmt":"2026-03-15T06:18:26","guid":{"rendered":"https:\/\/analyse.optim.biz\/?p=1827836"},"modified":"2026-03-15T09:18:26","modified_gmt":"2026-03-15T06:18:26","slug":"lucrari-aquatim-intreruperi-si-presiune-scazuta-a-apei-la-inceput-de-saptamana-in-mai-multe-localitati-din-timis","status":"publish","type":"post","link":"https:\/\/analyse.optim.biz\/?p=1827836","title":{"rendered":"Lucr\u0103ri Aquatim. \u00centreruperi \u0219i presiune sc\u0103zut\u0103 a apei la \u00eenceput de s\u0103pt\u0103m\u00e2n\u0103 \u00een mai multe localit\u0103\u021bi din Timi\u0219"},"content":{"rendered":"<p>[analyse_image type=&#8221;featured&#8221; src=&#8221;http:\/\/www.banatulmeu.ro\/wp-content\/uploads\/2024\/07\/robinet.jpg&#8221;]<\/p>\n<div class=\"post-content-bd\">\n<p>Mai multe localit\u0103\u021bi din jude\u021bul Timi\u0219 vor fi afectate \u00een perioada 16\u201321 martie de \u00eentreruperi ale aliment\u0103rii cu ap\u0103 sau de reducerea presiunii, ca urmare a unor lucr\u0103ri de sp\u0103lare a bazinelor de \u00eenmagazinare \u0219i a re\u021belelor de distribu\u021bie. Interven\u021biile vor avea loc, \u00een general, \u00een intervalul 08:00\u201315:00, potrivit Aquatim.<span class=\"Apple-converted-space\">\u00a0<\/span><\/p>\n<p>Conform programului anun\u021bat, \u00eentre 16 \u0219i 20 martie alimentarea cu ap\u0103 va fi oprit\u0103 \u00een localitatea Jebel. \u00cen 17 martie, presiunea apei va fi redus\u0103 \u00een Dr\u0103goie\u0219ti \u0219i Bacova, iar \u00een 17 \u0219i 18 martie furnizarea apei va fi \u00eentrerupt\u0103 \u00een Buzia\u0219 \u0219i Liebling.<span class=\"Apple-converted-space\">\u00a0<\/span><\/p>\n<p>Pe 18 martie, apa va fi oprit\u0103 \u00een Saco\u0219u Turcesc, iar \u00een Dr\u0103goie\u0219ti \u0219i Cerna presiunea va fi redus\u0103. \u00cen 19 martie, alimentarea cu ap\u0103 va fi \u00eentrerupt\u0103 \u00een Icloda, iar presiunea va sc\u0103dea \u00een S\u00e2rbova, Racovi\u021ba, Saco\u0219u Turcesc \u0219i Iosif. Totodat\u0103, \u00een 19 \u0219i 20 martie presiunea va fi redus\u0103 \u00een Buzia\u0219 \u0219i Silagiu, iar apa va fi oprit\u0103 \u00een P\u0103dureni.<span class=\"Apple-converted-space\">\u00a0<\/span><\/p>\n<p>\u00cen 20 martie, presiunea va fi redus\u0103 \u00een Voiteg \u0219i Hitia\u0219, iar \u00een 21 martie \u00een Silagiu. De asemenea, \u00een 16 martie, \u00eentre orele 09:00 \u0219i 17:00, alimentarea cu ap\u0103 va fi \u00eentrerupt\u0103 \u00een C\u0103rpini\u0219, pentru sp\u0103larea rezervorului de acumulare.<span class=\"Apple-converted-space\">\u00a0<\/span><\/p>\n<p>\u201c<em>Lucr\u0103rile de sp\u0103lare urm\u0103resc s\u0103 asigure o calitate corespunz\u0103toare a apei potabile \u0219i sunt o parte a activit\u0103\u021bii desf\u0103\u0219urate de Aquatim \u00een cadrul mentenan\u021bei preventive a re\u021belelor de distribu\u021bie. La reluarea aliment\u0103rii cu ap\u0103 \u00een regim normal este posibil ca la robinete s\u0103 curg\u0103 ap\u0103 tulbure. Deoarece aceast\u0103 perturbare va fi de scurt\u0103 durat\u0103, recomand\u0103m clien\u021bilor s\u0103 nu foloseasc\u0103 apa \u00een scopuri menajere, p\u00e2n\u0103 la limpezirea complet\u0103. Rug\u0103m, de asemenea, consumatorii s\u0103 ia m\u0103suri de stocare a unor cantit\u0103\u021bi de ap\u0103 care s\u0103 le acopere necesarul pe perioada anun\u021bat\u0103<\/em>\u201c, a transmis Aquatim.<\/p>\n<\/div>\n<p>[analyse_source url=&#8221;https:\/\/www.banatulmeu.ro\/lucrari-aquatim-intreruperi-si-presiune-scazuta-a-apei-la-inceput-de-saptamana-in-mai-multe-localitati-din-timis\/&#8221;]<\/p>\n","protected":false},"excerpt":{"rendered":"<p>[analyse_image type=&#8221;featured&#8221; src=&#8221;http:\/\/www.banatulmeu.ro\/wp-content\/uploads\/2024\/07\/robinet.jpg&#8221;] Mai multe localit\u0103\u021bi din jude\u021bul Timi\u0219 vor fi afectate \u00een perioada 16\u201321 martie de \u00eentreruperi ale aliment\u0103rii cu ap\u0103 sau de reducerea presiunii, ca urmare a unor lucr\u0103ri de sp\u0103lare a bazinelor de \u00eenmagazinare \u0219i a re\u021belelor de distribu\u021bie. Interven\u021biile vor avea loc, \u00een general, \u00een intervalul 08:00\u201315:00, potrivit Aquatim.\u00a0 Conform programului [&hellip;]<\/p>\n","protected":false},"author":1,"featured_media":0,"comment_status":"open","ping_status":"","sticky":false,"template":"","format":"standard","meta":{"footnotes":""},"categories":[89],"tags":[204,226],"class_list":["post-1827836","post","type-post","status-publish","format-standard","hentry","category-romania","tag-banatulmeu-ro","tag-crawlmanager"],"_links":{"self":[{"href":"https:\/\/analyse.optim.biz\/index.php?rest_route=\/wp\/v2\/posts\/1827836","targetHints":{"allow":["GET"]}}],"collection":[{"href":"https:\/\/analyse.optim.biz\/index.php?rest_route=\/wp\/v2\/posts"}],"about":[{"href":"https:\/\/analyse.optim.biz\/index.php?rest_route=\/wp\/v2\/types\/post"}],"author":[{"embeddable":true,"href":"https:\/\/analyse.optim.biz\/index.php?rest_route=\/wp\/v2\/users\/1"}],"replies":[{"embeddable":true,"href":"https:\/\/analyse.optim.biz\/index.php?rest_route=%2Fwp%2Fv2%2Fcomments&post=1827836"}],"version-history":[{"count":0,"href":"https:\/\/analyse.optim.biz\/index.php?rest_route=\/wp\/v2\/posts\/1827836\/revisions"}],"wp:attachment":[{"href":"https:\/\/analyse.optim.biz\/index.php?rest_route=%2Fwp%2Fv2%2Fmedia&parent=1827836"}],"wp:term":[{"taxonomy":"category","embeddable":true,"href":"https:\/\/analyse.optim.biz\/index.php?rest_route=%2Fwp%2Fv2%2Fcategories&post=1827836"},{"taxonomy":"post_tag","embeddable":true,"href":"https:\/\/analyse.optim.biz\/index.php?rest_route=%2Fwp%2Fv2%2Ftags&post=1827836"}],"curies":[{"name":"wp","href":"https:\/\/api.w.org\/{rel}","templated":true}]}}