{"id":1827812,"date":"2026-03-13T20:39:15","date_gmt":"2026-03-13T17:39:15","guid":{"rendered":"https:\/\/analyse.optim.biz\/?p=1827812"},"modified":"2026-03-13T20:39:15","modified_gmt":"2026-03-13T17:39:15","slug":"auditul-extern-al-consiliului-judetean-pe-final","status":"publish","type":"post","link":"https:\/\/analyse.optim.biz\/?p=1827812","title":{"rendered":"Auditul extern al Consiliului Jude\u0163ean pe final"},"content":{"rendered":"<p>[analyse_image type=&#8221;featured&#8221; src=&#8221;https:\/\/www.tvbuzau.ro\/wp-content\/uploads\/2026\/03\/hqdefault-21.jpghttps:\/\/www.tvbuzau.ro\/wp-content\/uploads\/2026\/03\/hqdefault-21.jpg&#8221;]<\/p>\n<div class=\"td-ss-main-content\">\n<article id=\"post-118354\" class=\"post-118354 post type-post status-publish format-video has-post-thumbnail hentry category-actualitate post_format-post-format-video\">\n<div class=\"td-post-header\">\n<ul class=\"td-category\">\n<li class=\"entry-category\"><a href=\"https:\/\/www.tvbuzau.ro\/category\/actualitate\/\">Actualitate<\/a><\/li>\n<\/ul>\n<header class=\"td-post-title\">\n<h1 class=\"entry-title\">Auditul extern al Consiliului Jude\u0163ean pe final<\/h1>\n<div class=\"td-module-meta-info\">\n<div class=\"td-post-author-name\">De c\u0103tre <a href=\"https:\/\/www.tvbuzau.ro\/author\/mihai-vasilescu\/\">TV Buz\u0103u<\/a> &#8211; <\/div>\n<p><span class=\"td-post-date\"><time class=\"entry-date updated td-module-date\" datetime=\"2026-03-13T20:39:15+00:00\">martie 13, 2026<\/time><\/span><\/p>\n<div class=\"td-post-comments\"><a href=\"https:\/\/www.tvbuzau.ro\/auditul-extern-al-consiliului-judetean-pe-final\/#respond\">0<\/a><\/div>\n<div class=\"td-post-views\"><span class=\"td-nr-views-118354\">19<\/span><\/div>\n<\/div>\n<\/header>\n<\/div>\n<div class=\"td-post-sharing td-post-sharing-top td-with-like\">\n<div class=\"td-default-sharing\"><a class=\"td-social-sharing-buttons td-social-facebook\" href=\"http:\/\/www.facebook.com\/sharer.php?u=https%3A%2F%2Fwww.tvbuzau.ro%2Fauditul-extern-al-consiliului-judetean-pe-final%2F\"><\/p>\n<div class=\"td-social-but-text\">Distribui\u021bi pe Facebook<\/div>\n<p><\/a><a class=\"td-social-sharing-buttons td-social-twitter\" href=\"https:\/\/twitter.com\/intent\/tweet?text=Auditul+extern+al+Consiliului+Jude%C5%A3ean+pe+final&amp;url=https%3A%2F%2Fwww.tvbuzau.ro%2Fauditul-extern-al-consiliului-judetean-pe-final%2F&amp;via=TV+Buz%C4%83u\"><\/p>\n<div class=\"td-social-but-text\">Distribui\u021bi pe Twitter<\/div>\n<p><\/a><\/div>\n<div class=\"td-classic-sharing\">\n<ul>\n<li class=\"td-classic-facebook\"><iframe frameborder src=\"https:\/\/www.facebook.com\/plugins\/like.php?href=https:\/\/www.tvbuzau.ro\/auditul-extern-al-consiliului-judetean-pe-final\/&amp;layout=button_count&amp;show_faces=false&amp;width=105&amp;action=like&amp;colorscheme=light&amp;height=21\"><\/iframe><\/li>\n<li class=\"td-classic-twitter\"><a href=\"https:\/\/twitter.com\/share\" class=\"twitter-share-button\" data-url=\"https:\/\/www.tvbuzau.ro\/auditul-extern-al-consiliului-judetean-pe-final\/\" data-text=\"Auditul extern al Consiliului Jude\u0163ean pe final\" data-via data-lang=\"en\">tweet<\/a><\/li>\n<\/ul>\n<\/div>\n<\/div>\n<div class=\"td-post-content\">\n<div class=\"td-featured-image-rec\">\n<div class=\"wpb_video_wrapper\">\n                    <iframe loading=\"lazy\" id=\"td_youtube_player\" width=\"600\" height=\"560\" src=\"https:\/\/www.youtube.com\/embed\/7ka08AQHlKY?enablejsapi=1&amp;feature=oembed&amp;wmode=opaque&amp;vq=hd720\" frameborder allowfullscreen><\/iframe><\/p><\/div>\n<\/div>\n<p>Conducerea CJ dore\u015fte \u015fedin\u0163e suplimentare cu consilierii<br \/>\nAuditul exter comandat de coducerea Consiliului Jude\u0163ean la nivelul aparatului propriu \u015fi al istitu\u0163iilor din subordine este aproape de final. Documentul menit s\u0103 scoat\u0103 la iveal\u0103 eventuale probleme de management \u015fi solu\u0163ii de eficientizare va urma s\u0103 fie prezentat public de c\u0103tre institu\u0163ie. P\u00e2n\u0103 atunci \u00eens\u0103, pre\u015fedintele Consiliului, Marcel Ciolacu le-a transmis consilierilor jude\u0163eni, la ultima \u015fedin\u0163\u0103 c\u0103 \u015fi-ar dori \u00eent\u00e2lniri suplimentare, fa\u0163\u0103 de cele lunare stabilite.<br \/>\n\u00cen contextul discu\u0163iilor, pre\u015fedintele CJ le-a transmis consilerilor jude\u0163eni c\u0103 s-au f\u0103cut pa\u015fi \u00een direc\u0163ia consor\u0163iului jude\u0163ean din s\u0103n\u0103tate \u015fi cel privind colaborarea dintre Spitalul Jude\u0163ean \u015fi Spitalul Universitar de Urgen\u0163\u0103 Bucure\u015fti.<br \/>\nCele dou\u0103 consor\u0163ii din s\u0103n\u0103tate ar urma s\u0103 contribuie at\u00e2t la dezvoltarea unui sistem de management unitar la nivelul tuturor spitalelor din jude\u0163 c\u00e2t \u015fi la crearea unui parteriat cu Spitalul Universitar din Bucure\u015fti.<\/p>\n<div class=\"post-views post-118354 entry-meta\"><span class=\"post-views-label\">Post Views: <\/span><span class=\"post-views-count\">222<\/span><\/div>\n<\/div>\n<footer>\n<div class=\"td-post-sharing td-post-sharing-bottom td-with-like\"><span class=\"td-post-share-title\">DISTRIBUI\u021aI<\/span><\/p>\n<div class=\"td-default-sharing\"><a class=\"td-social-sharing-buttons td-social-facebook\" href=\"http:\/\/www.facebook.com\/sharer.php?u=https%3A%2F%2Fwww.tvbuzau.ro%2Fauditul-extern-al-consiliului-judetean-pe-final%2F\"><\/p>\n<div class=\"td-social-but-text\">Facebook<\/div>\n<p><\/a><a class=\"td-social-sharing-buttons td-social-twitter\" href=\"https:\/\/twitter.com\/intent\/tweet?text=Auditul+extern+al+Consiliului+Jude%C5%A3ean+pe+final&amp;url=https%3A%2F%2Fwww.tvbuzau.ro%2Fauditul-extern-al-consiliului-judetean-pe-final%2F&amp;via=TV+Buz%C4%83u\"><\/p>\n<div class=\"td-social-but-text\">Twitter<\/div>\n<p><\/a><\/div>\n<div class=\"td-classic-sharing\">\n<ul>\n<li class=\"td-classic-facebook\"><iframe frameborder src=\"https:\/\/www.facebook.com\/plugins\/like.php?href=https:\/\/www.tvbuzau.ro\/auditul-extern-al-consiliului-judetean-pe-final\/&amp;layout=button_count&amp;show_faces=false&amp;width=105&amp;action=like&amp;colorscheme=light&amp;height=21\"><\/iframe><\/li>\n<li class=\"td-classic-twitter\"><a href=\"https:\/\/twitter.com\/share\" class=\"twitter-share-button\" data-url=\"https:\/\/www.tvbuzau.ro\/auditul-extern-al-consiliului-judetean-pe-final\/\" data-text=\"Auditul extern al Consiliului Jude\u0163ean pe final\" data-via data-lang=\"en\">tweet<\/a><\/li>\n<\/ul>\n<\/div>\n<\/div>\n<div class=\"td-author-name vcard author\"><span class=\"fn\"><a href=\"https:\/\/www.tvbuzau.ro\/author\/mihai-vasilescu\/\">TV Buz\u0103u<\/a><\/span><\/div>\n<p><span><\/span><span><span><\/span><\/span><span><\/span><\/footer>\n<\/article>\n<div class=\"td_block_wrap td_block_related_posts td_uid_1_69b6877b2fbb2_rand td_with_ajax_pagination td-pb-border-top\" data-td-block-uid=\"td_uid_1_69b6877b2fbb2\">\n<h4 class=\"td-related-title\"><a id=\"td_uid_2_69b6877b34ea8\" class=\"td-related-left td-cur-simple-item\" data-td_filter_value data-td_block_id=\"td_uid_1_69b6877b2fbb2\" href=\"https:\/\/www.tvbuzau.ro\/auditul-extern-al-consiliului-judetean-pe-final\/\">ARTICOLE SIMILARE<\/a><a id=\"td_uid_3_69b6877b34ee1\" class=\"td-related-right\" data-td_filter_value=\"td_related_more_from_author\" data-td_block_id=\"td_uid_1_69b6877b2fbb2\" href=\"https:\/\/www.tvbuzau.ro\/auditul-extern-al-consiliului-judetean-pe-final\/\">DE LA ACELA\u0218I AUTOR<\/a><\/h4>\n<div id=\"td_uid_1_69b6877b2fbb2\" class=\"td_block_inner\">\n<div class=\"td-related-row\">\n<div class=\"td-related-span4\">\n<div class=\"td_module_related_posts td-animation-stack td_mod_related_posts\">\n<div class=\"td-module-image\">\n<div class=\"td-module-thumb\"><a href=\"https:\/\/www.tvbuzau.ro\/discutii-cu-privire-la-consortiul-medical-din-judetul-buzau\/\" rel=\"bookmark\" title=\"Discu\u0163ii cu privire la consor\u0163iul medical din jude\u0163ul Buz\u0103u\"><img loading=\"lazy\" decoding=\"async\" width=\"218\" height=\"150\" class=\"entry-thumb\" src=\"https:\/\/www.tvbuzau.ro\/wp-content\/uploads\/2026\/03\/hqdefault-23-218x150.jpg\" alt title=\"Discu\u0163ii cu privire la consor\u0163iul medical din jude\u0163ul Buz\u0103u\"><span class=\"td-video-play-ico\"><img loading=\"lazy\" decoding=\"async\" width=\"40\" height=\"40\" class=\"td-retina\" src=\"https:\/\/www.tvbuzau.ro\/wp-content\/themes\/Newspaper\/images\/icons\/ico-video-large.png\" alt=\"video\"><\/span><\/a><\/div>\n<p><a href=\"https:\/\/www.tvbuzau.ro\/category\/actualitate\/\" class=\"td-post-category\">Actualitate<\/a><\/div>\n<div class=\"item-details\">\n<h3 class=\"entry-title td-module-title\"><a href=\"https:\/\/www.tvbuzau.ro\/discutii-cu-privire-la-consortiul-medical-din-judetul-buzau\/\" rel=\"bookmark\" title=\"Discu\u0163ii cu privire la consor\u0163iul medical din jude\u0163ul Buz\u0103u\">Discu\u0163ii cu privire la consor\u0163iul medical din jude\u0163ul Buz\u0103u<\/a><\/h3>\n<\/div>\n<\/div>\n<\/div>\n<div class=\"td-related-span4\">\n<div class=\"td_module_related_posts td-animation-stack td_mod_related_posts\">\n<div class=\"td-module-image\">\n<div class=\"td-module-thumb\"><a href=\"https:\/\/www.tvbuzau.ro\/consiliul-judetean-buzau-investeste-la-monteoru\/\" rel=\"bookmark\" title=\"Consiliul Jude\u0163ean Buz\u0103u investe\u015fte la Monteoru\"><img loading=\"lazy\" decoding=\"async\" width=\"218\" height=\"150\" class=\"entry-thumb\" src=\"https:\/\/www.tvbuzau.ro\/wp-content\/uploads\/2026\/03\/sddefault-25-218x150.jpg\" alt title=\"Consiliul Jude\u0163ean Buz\u0103u investe\u015fte la Monteoru\"><span class=\"td-video-play-ico\"><img loading=\"lazy\" decoding=\"async\" width=\"40\" height=\"40\" class=\"td-retina\" src=\"https:\/\/www.tvbuzau.ro\/wp-content\/themes\/Newspaper\/images\/icons\/ico-video-large.png\" alt=\"video\"><\/span><\/a><\/div>\n<p><a href=\"https:\/\/www.tvbuzau.ro\/category\/actualitate\/\" class=\"td-post-category\">Actualitate<\/a><\/div>\n<div class=\"item-details\">\n<h3 class=\"entry-title td-module-title\"><a href=\"https:\/\/www.tvbuzau.ro\/consiliul-judetean-buzau-investeste-la-monteoru\/\" rel=\"bookmark\" title=\"Consiliul Jude\u0163ean Buz\u0103u investe\u015fte la Monteoru\">Consiliul Jude\u0163ean Buz\u0103u investe\u015fte la Monteoru<\/a><\/h3>\n<\/div>\n<\/div>\n<\/div>\n<div class=\"td-related-span4\">\n<div class=\"td_module_related_posts td-animation-stack td_mod_related_posts\">\n<div class=\"td-module-image\">\n<div class=\"td-module-thumb\"><a href=\"https:\/\/www.tvbuzau.ro\/compania-de-apa-buzau-emite-alerte-prin-telefon\/\" rel=\"bookmark\" title=\"Compania de Ap\u0103 Buz\u0103u emite alerte prin telefon\"><img loading=\"lazy\" decoding=\"async\" width=\"218\" height=\"150\" class=\"entry-thumb\" src=\"https:\/\/www.tvbuzau.ro\/wp-content\/uploads\/2026\/03\/hqdefault-22-218x150.jpg\" alt title=\"Compania de Ap\u0103 Buz\u0103u emite alerte prin telefon\"><span class=\"td-video-play-ico\"><img loading=\"lazy\" decoding=\"async\" width=\"40\" height=\"40\" class=\"td-retina\" src=\"https:\/\/www.tvbuzau.ro\/wp-content\/themes\/Newspaper\/images\/icons\/ico-video-large.png\" alt=\"video\"><\/span><\/a><\/div>\n<p><a href=\"https:\/\/www.tvbuzau.ro\/category\/actualitate\/\" class=\"td-post-category\">Actualitate<\/a><\/div>\n<div class=\"item-details\">\n<h3 class=\"entry-title td-module-title\"><a href=\"https:\/\/www.tvbuzau.ro\/compania-de-apa-buzau-emite-alerte-prin-telefon\/\" rel=\"bookmark\" title=\"Compania de Ap\u0103 Buz\u0103u emite alerte prin telefon\">Compania de Ap\u0103 Buz\u0103u emite alerte prin telefon<\/a><\/h3>\n<\/div>\n<\/div>\n<\/div>\n<\/div>\n<div class=\"td-related-row\">\n<div class=\"td-related-span4\">\n<div class=\"td_module_related_posts td-animation-stack td_mod_related_posts\">\n<div class=\"td-module-image\">\n<div class=\"td-module-thumb\"><a href=\"https:\/\/www.tvbuzau.ro\/de-cand-exista-politia-vizitatorii-au-aflat-la-centrul-muzeal-i-c-bratianu\/\" rel=\"bookmark\" title=\"De c\u00e2nd exist\u0103 Poli\u0163ia? Vizitatorii au aflat la Centrul Muzeal \u201cI.C. Br\u0103tianu\u201d\"><img loading=\"lazy\" decoding=\"async\" width=\"218\" height=\"150\" class=\"entry-thumb\" src=\"https:\/\/www.tvbuzau.ro\/wp-content\/uploads\/2026\/03\/maxresdefault-4-218x150.jpg\" alt title=\"De c\u00e2nd exist\u0103 Poli\u0163ia? Vizitatorii au aflat la Centrul Muzeal \u201cI.C. Br\u0103tianu\u201d\"><span class=\"td-video-play-ico\"><img loading=\"lazy\" decoding=\"async\" width=\"40\" height=\"40\" class=\"td-retina\" src=\"https:\/\/www.tvbuzau.ro\/wp-content\/themes\/Newspaper\/images\/icons\/ico-video-large.png\" alt=\"video\"><\/span><\/a><\/div>\n<p><a href=\"https:\/\/www.tvbuzau.ro\/category\/actualitate\/\" class=\"td-post-category\">Actualitate<\/a><\/div>\n<div class=\"item-details\">\n<h3 class=\"entry-title td-module-title\"><a href=\"https:\/\/www.tvbuzau.ro\/de-cand-exista-politia-vizitatorii-au-aflat-la-centrul-muzeal-i-c-bratianu\/\" rel=\"bookmark\" title=\"De c\u00e2nd exist\u0103 Poli\u0163ia? Vizitatorii au aflat la Centrul Muzeal \u201cI.C. Br\u0103tianu\u201d\">De c\u00e2nd exist\u0103 Poli\u0163ia? Vizitatorii au aflat la Centrul Muzeal \u201cI.C. Br\u0103tianu\u201d<\/a><\/h3>\n<\/div>\n<\/div>\n<\/div>\n<div class=\"td-related-span4\">\n<div class=\"td_module_related_posts td-animation-stack td_mod_related_posts\">\n<div class=\"td-module-image\">\n<div class=\"td-module-thumb\"><a href=\"https:\/\/www.tvbuzau.ro\/unul-dintre-cele-mai-moderne-parcuri-industriale-la-ramnicu-sarat\/\" rel=\"bookmark\" title=\"Unul dintre cele mai moderne parcuri industriale, la R\u00e2mnicu S\u0103rat\"><img loading=\"lazy\" decoding=\"async\" width=\"218\" height=\"150\" class=\"entry-thumb\" src=\"https:\/\/www.tvbuzau.ro\/wp-content\/uploads\/2026\/03\/maxresdefault-3-218x150.jpg\" alt title=\"Unul dintre cele mai moderne parcuri industriale, la R\u00e2mnicu S\u0103rat\"><span class=\"td-video-play-ico\"><img loading=\"lazy\" decoding=\"async\" width=\"40\" height=\"40\" class=\"td-retina\" src=\"https:\/\/www.tvbuzau.ro\/wp-content\/themes\/Newspaper\/images\/icons\/ico-video-large.png\" alt=\"video\"><\/span><\/a><\/div>\n<p><a href=\"https:\/\/www.tvbuzau.ro\/category\/actualitate\/\" class=\"td-post-category\">Actualitate<\/a><\/div>\n<div class=\"item-details\">\n<h3 class=\"entry-title td-module-title\"><a href=\"https:\/\/www.tvbuzau.ro\/unul-dintre-cele-mai-moderne-parcuri-industriale-la-ramnicu-sarat\/\" rel=\"bookmark\" title=\"Unul dintre cele mai moderne parcuri industriale, la R\u00e2mnicu S\u0103rat\">Unul dintre cele mai moderne parcuri industriale, la R\u00e2mnicu S\u0103rat<\/a><\/h3>\n<\/div>\n<\/div>\n<\/div>\n<div class=\"td-related-span4\">\n<div class=\"td_module_related_posts td-animation-stack td_mod_related_posts\">\n<div class=\"td-module-image\">\n<div class=\"td-module-thumb\"><a href=\"https:\/\/www.tvbuzau.ro\/cum-va-fi-impartit-bugetul-consiliului-judetean-in-2026\/\" rel=\"bookmark\" title=\"Cum va fi \u00eemp\u0103r\u0163it bugetul Consiliului Jude\u0163ean \u00een 2026\"><img loading=\"lazy\" decoding=\"async\" width=\"218\" height=\"150\" class=\"entry-thumb\" src=\"https:\/\/www.tvbuzau.ro\/wp-content\/uploads\/2026\/03\/sddefault-24-218x150.jpg\" alt title=\"Cum va fi \u00eemp\u0103r\u0163it bugetul Consiliului Jude\u0163ean \u00een 2026\"><span class=\"td-video-play-ico\"><img loading=\"lazy\" decoding=\"async\" width=\"40\" height=\"40\" class=\"td-retina\" src=\"https:\/\/www.tvbuzau.ro\/wp-content\/themes\/Newspaper\/images\/icons\/ico-video-large.png\" alt=\"video\"><\/span><\/a><\/div>\n<p><a href=\"https:\/\/www.tvbuzau.ro\/category\/actualitate\/\" class=\"td-post-category\">Actualitate<\/a><\/div>\n<div class=\"item-details\">\n<h3 class=\"entry-title td-module-title\"><a href=\"https:\/\/www.tvbuzau.ro\/cum-va-fi-impartit-bugetul-consiliului-judetean-in-2026\/\" rel=\"bookmark\" title=\"Cum va fi \u00eemp\u0103r\u0163it bugetul Consiliului Jude\u0163ean \u00een 2026\">Cum va fi \u00eemp\u0103r\u0163it bugetul Consiliului Jude\u0163ean \u00een 2026<\/a><\/h3>\n<\/div>\n<\/div>\n<\/div>\n<\/div>\n<\/div>\n<\/div>\n<div class=\"comments\" id=\"comments\">\n<div id=\"respond\" class=\"comment-respond\">\n<h3 id=\"reply-title\" class=\"comment-reply-title\">L\u0102SA\u021aI UN MESAJ <small><a rel=\"nofollow\" id=\"cancel-comment-reply-link\" href=\"https:\/\/www.tvbuzau.ro\/auditul-extern-al-consiliului-judetean-pe-final\/#respond\">Renun\u021ba\u021bi la r\u0103spuns<\/a><\/small><\/h3>\n<\/div>\n<\/div>\n<\/div>\n<div class=\"td-post-content\">\n<div class=\"td-featured-image-rec\">\n<div class=\"wpb_video_wrapper\">\n                    <iframe loading=\"lazy\" id=\"td_youtube_player\" width=\"600\" height=\"560\" src=\"https:\/\/www.youtube.com\/embed\/7ka08AQHlKY?enablejsapi=1&amp;feature=oembed&amp;wmode=opaque&amp;vq=hd720\" frameborder allowfullscreen><\/iframe><\/p><\/div>\n<\/div>\n<p>Conducerea CJ dore\u015fte \u015fedin\u0163e suplimentare cu consilierii<br \/>\nAuditul exter comandat de coducerea Consiliului Jude\u0163ean la nivelul aparatului propriu \u015fi al istitu\u0163iilor din subordine este aproape de final. Documentul menit s\u0103 scoat\u0103 la iveal\u0103 eventuale probleme de management \u015fi solu\u0163ii de eficientizare va urma s\u0103 fie prezentat public de c\u0103tre institu\u0163ie. P\u00e2n\u0103 atunci \u00eens\u0103, pre\u015fedintele Consiliului, Marcel Ciolacu le-a transmis consilierilor jude\u0163eni, la ultima \u015fedin\u0163\u0103 c\u0103 \u015fi-ar dori \u00eent\u00e2lniri suplimentare, fa\u0163\u0103 de cele lunare stabilite.<br \/>\n\u00cen contextul discu\u0163iilor, pre\u015fedintele CJ le-a transmis consilerilor jude\u0163eni c\u0103 s-au f\u0103cut pa\u015fi \u00een direc\u0163ia consor\u0163iului jude\u0163ean din s\u0103n\u0103tate \u015fi cel privind colaborarea dintre Spitalul Jude\u0163ean \u015fi Spitalul Universitar de Urgen\u0163\u0103 Bucure\u015fti.<br \/>\nCele dou\u0103 consor\u0163ii din s\u0103n\u0103tate ar urma s\u0103 contribuie at\u00e2t la dezvoltarea unui sistem de management unitar la nivelul tuturor spitalelor din jude\u0163 c\u00e2t \u015fi la crearea unui parteriat cu Spitalul Universitar din Bucure\u015fti.<\/p>\n<div class=\"post-views post-118354 entry-meta\"><span class=\"post-views-label\">Post Views: <\/span><span class=\"post-views-count\">222<\/span><\/div>\n<\/div>\n<p>[analyse_source url=&#8221;https:\/\/www.tvbuzau.ro\/auditul-extern-al-consiliului-judetean-pe-final\/&#8221;]<\/p>\n","protected":false},"excerpt":{"rendered":"<p>[analyse_image type=&#8221;featured&#8221; src=&#8221;https:\/\/www.tvbuzau.ro\/wp-content\/uploads\/2026\/03\/hqdefault-21.jpghttps:\/\/www.tvbuzau.ro\/wp-content\/uploads\/2026\/03\/hqdefault-21.jpg&#8221;] Actualitate Auditul extern al Consiliului Jude\u0163ean pe final De c\u0103tre TV Buz\u0103u &#8211; martie 13, 2026 0 19 Distribui\u021bi pe Facebook Distribui\u021bi pe Twitter tweet Conducerea CJ dore\u015fte \u015fedin\u0163e suplimentare cu consilierii Auditul exter comandat de coducerea Consiliului Jude\u0163ean la nivelul aparatului propriu \u015fi al istitu\u0163iilor din subordine este aproape de final. [&hellip;]<\/p>\n","protected":false},"author":1,"featured_media":0,"comment_status":"open","ping_status":"","sticky":false,"template":"","format":"standard","meta":{"footnotes":""},"categories":[2],"tags":[226,116],"class_list":["post-1827812","post","type-post","status-publish","format-standard","hentry","category-politics","tag-crawlmanager","tag-tvbuzau-ro"],"_links":{"self":[{"href":"https:\/\/analyse.optim.biz\/index.php?rest_route=\/wp\/v2\/posts\/1827812","targetHints":{"allow":["GET"]}}],"collection":[{"href":"https:\/\/analyse.optim.biz\/index.php?rest_route=\/wp\/v2\/posts"}],"about":[{"href":"https:\/\/analyse.optim.biz\/index.php?rest_route=\/wp\/v2\/types\/post"}],"author":[{"embeddable":true,"href":"https:\/\/analyse.optim.biz\/index.php?rest_route=\/wp\/v2\/users\/1"}],"replies":[{"embeddable":true,"href":"https:\/\/analyse.optim.biz\/index.php?rest_route=%2Fwp%2Fv2%2Fcomments&post=1827812"}],"version-history":[{"count":0,"href":"https:\/\/analyse.optim.biz\/index.php?rest_route=\/wp\/v2\/posts\/1827812\/revisions"}],"wp:attachment":[{"href":"https:\/\/analyse.optim.biz\/index.php?rest_route=%2Fwp%2Fv2%2Fmedia&parent=1827812"}],"wp:term":[{"taxonomy":"category","embeddable":true,"href":"https:\/\/analyse.optim.biz\/index.php?rest_route=%2Fwp%2Fv2%2Fcategories&post=1827812"},{"taxonomy":"post_tag","embeddable":true,"href":"https:\/\/analyse.optim.biz\/index.php?rest_route=%2Fwp%2Fv2%2Ftags&post=1827812"}],"curies":[{"name":"wp","href":"https:\/\/api.w.org\/{rel}","templated":true}]}}