{"id":1827708,"date":"2026-03-10T08:40:48","date_gmt":"2026-03-10T05:40:48","guid":{"rendered":"https:\/\/analyse.optim.biz\/?p=1827708"},"modified":"2026-03-10T08:40:48","modified_gmt":"2026-03-10T05:40:48","slug":"serviciul-public-de-salubrizare-in-atentia-primarului-sardarescu","status":"publish","type":"post","link":"https:\/\/analyse.optim.biz\/?p=1827708","title":{"rendered":"Serviciul public de salubrizare, \u00een aten\u021bia primarului S\u0103rd\u0103rescu"},"content":{"rendered":"<p>[analyse_image type=&#8221;featured&#8221; src=&#8221;https:\/\/www.curierul.ro\/wp-content\/uploads\/2026\/03\/masina-gunoi-e1773131956571.jpghttps:\/\/i0.wp.com\/www.curierul.ro\/wp-content\/uploads\/2026\/03\/masina-gunoi-e1773131956571.jpg?fit=810%2C607&amp;ssl=1&#8243;]<\/p>\n<article id=\"196598\" class=\"post-196598 post type-post status-publish format-standard has-post-thumbnail hentry category-actualitate category-politica tag-primar-sardarescu tag-serviciul-public-salubrizare\">\n<header class=\"post-header\">\n<ul class=\"breadcrumbs\">\n<li><a href=\"https:\/\/www.curierul.ro\">Home<\/a><\/li>\n<li class=\"breadcrumbs-active .category-actualitate\"><a href=\"https:\/\/www.curierul.ro\/index.php?cat=1615\">Actualitate<\/a><\/li>\n<li class=\"breadcrumbs-active .category-actualitate\">Serviciul public de salubrizare, \u00een aten\u021bia primarului S\u0103rd\u0103rescu<\/li>\n<\/ul>\n<div class=\"featured-photo\"><img loading=\"lazy\" decoding=\"async\" width=\"810\" height=\"607\" src=\"https:\/\/i0.wp.com\/www.curierul.ro\/wp-content\/uploads\/2026\/03\/masina-gunoi-e1773131956571.jpg?fit=300%2C225&amp;ssl=1\" class=\"attachment-single size-single wp-post-image\" alt><\/div>\n<h1 class=\"headline\">Serviciul public de salubrizare, \u00een aten\u021bia primarului S\u0103rd\u0103rescu<\/h1>\n<p class=\"byline\">\n\t\tScris de<a href=\"https:\/\/www.curierul.ro\/author\/curierul\/\">Curierul de Valcea<\/a>, \t\t10 martie 2026\t\t\t\t<\/p>\n<hr>\n<\/header>\n<p><strong>Anun\u021b referitor la elaborarea unui proiect de hot\u0103r\u00e2re<\/strong><\/p>\n<p>Vineri,\u00a0 06 martie 2026, Primarul orasului Horezu a anun\u021bat deschiderea procedurii de transparen\u021b\u0103 decizional\u0103 a procesului de elaborare a urm\u0103torului act administrativ cu caracter normativ \u2013 <em>\u201eProiect de hot\u0103r\u00e2re <\/em><em>privind aprobarea Regulamentului propriu de organizare \u0219i func\u0163ionare al serviciului public de salubrizare din jude\u021bul V\u00e2lcea \u201d.<\/em><\/p>\n<p>\u00a0Documenta\u021bia\u00a0 poate fi consultat\u0103:<\/p>\n<ul>\n<li>pe pagina de internet a Primariei orasului Horezu(www.orasul-horezu.ro, sec\u021biunea Proiecte de hotarari)<\/li>\n<li>la sediul Primariei orasului Horezu, strada 1 Decembrie,nr.7, orasul Horezu, judetul Valcea.<\/li>\n<li>proiectul de hot\u0103r\u00e2re se poate ob\u0163ine, \u00een copie, pe baz\u0103 de cerere depus\u0103 la Primaria orasului Horezu.<\/li>\n<\/ul>\n<p>Propuneri, sugestii, opinii cu valoare de recomandare privind proiectul de act administrativ cu caracter normativ supus procedurii de transparen\u021b\u0103 decizional\u0103 se pot depune p\u00e2n\u0103 la data de 20.03.2026.<\/p>\n<p>\u2013 ca mesaj \u00een format electronic la adresa:primaria@orasul-horezu.ro.;<\/p>\n<p>\u2013 prin po\u0219t\u0103 la adresa: la sediul Primariei orasului Horezu, strada\u00a0 1 Decembrie,nr.7,orasul Horezu, judetul Valcea , \u00eentre orele 8-16<sup>30 <\/sup>de luni p\u00e2n\u0103-joi, iar vineri \u00eentre orele 8-14<sup>00<\/sup>.<\/p>\n<p>Materialele transmise vor purta men\u021biunea: Propuneri referitoare la <em>Proiect de hot\u0103r\u00e2re <\/em><em>privind aprobarea Regulamentului propriu de organizare \u0219i func\u0163ionare al serviciului public de salubrizare din jude\u021bul V\u00e2lcea \u201d.<\/em><\/p>\n<p>Propunerile, sugestiile, opiniile cu valoare de recomandare vor fi publicate pe pagina de internet a institu\u021biei, sau la sediul institu\u021biei.<\/p>\n<p>Nepreluarea recomand\u0103rilor formulate \u015fi \u00eenaintate \u00een scris va fi justificat\u0103 \u00een scris.<\/p>\n<p>Pentru informa\u021bii suplimentare, institu\u021bia public\u0103 din Horezu v\u0103 st\u0103 la dispozi\u021bie la urm\u0103toarele date de contact : telefon 0744597482, persoana responsabil\u0103 pentru rela\u0163ia cu societatea civil\u0103 : Ogrezeanu Daniela.<\/p>\n<div class=\"sharedaddy sd-sharing-enabled\">\n<div class=\"robots-nocontent sd-block sd-social sd-social-official sd-sharing\">\n<h3 class=\"sd-title\">Distribuie pe:<\/h3>\n<div class=\"sd-content\">\n<ul>\n<li class=\"share-facebook\">\n<li class=\"share-twitter\"><a href=\"https:\/\/twitter.com\/share\" class=\"twitter-share-button\" data-url=\"https:\/\/www.curierul.ro\/serviciul-public-de-salubrizare-in-atentia-primarului-sardarescu\/\" data-text=\"Serviciul public de salubrizare, \u00een aten\u021bia primarului S\u0103rd\u0103rescu\" data-via=\"curierulvl\">Tweet<\/a><\/li>\n<li class=\"share-jetpack-whatsapp\"><a rel=\"nofollow noopener noreferrer\" data-shared=\"sharing-whatsapp-196598\" class=\"share-jetpack-whatsapp sd-button\" href=\"https:\/\/www.curierul.ro\/serviciul-public-de-salubrizare-in-atentia-primarului-sardarescu\/?share=jetpack-whatsapp\" target=\"_blank\" aria-labelledby=\"sharing-whatsapp-196598\"><span id=\"sharing-whatsapp-196598\" hidden>Partajeaz\u0103 prin WhatsApp(Se deschide \u00eentr-o fereastr\u0103 nou\u0103)<\/span><span>WhatsApp<\/span><\/a><\/li>\n<li><a href=\"https:\/\/www.curierul.ro\/serviciul-public-de-salubrizare-in-atentia-primarului-sardarescu\/\" class=\"sharing-anchor sd-button share-more\"><span>Mai mult<\/span><\/a><\/li>\n<li class=\"share-end\"><\/ul>\n<div class=\"sharing-hidden\">\n<div class=\"inner\">\n<ul>\n<li class=\"share-email\"><a rel=\"nofollow noopener noreferrer\" data-shared=\"sharing-email-196598\" class=\"share-email sd-button\" href=\"mailto:?subject=%5BArticol%20partajat%5D%20Serviciul%20public%20de%20salubrizare%2C%20%C3%AEn%20aten%C8%9Bia%20primarului%20S%C4%83rd%C4%83rescu&amp;body=https%3A%2F%2Fwww.curierul.ro%2Fserviciul-public-de-salubrizare-in-atentia-primarului-sardarescu%2F&amp;share=email\" target=\"_blank\" aria-labelledby=\"sharing-email-196598\" data-email-share-error-title=\"\u021ai-ai configurat emailul?\" data-email-share-error-text=\"Dac\u0103 ai probleme la partajarea prin email, probabil nu ai configurat emailul pentru navigator. Poate trebuie s\u0103 creezi singur un email nou.\" data-email-share-nonce=\"3fca14f018\" data-email-share-track-url=\"https:\/\/www.curierul.ro\/serviciul-public-de-salubrizare-in-atentia-primarului-sardarescu\/?share=email\"><span id=\"sharing-email-196598\" hidden>Trimite unui prieten un email cu o leg\u0103tur\u0103(Se deschide \u00eentr-o fereastr\u0103 nou\u0103)<\/span><span>Email<\/span><\/a><\/li>\n<li class=\"share-print\"><a rel=\"nofollow noopener noreferrer\" data-shared=\"sharing-print-196598\" class=\"share-print sd-button\" href=\"https:\/\/www.curierul.ro\/serviciul-public-de-salubrizare-in-atentia-primarului-sardarescu\/#print?share=print\" target=\"_blank\" aria-labelledby=\"sharing-print-196598\"><span id=\"sharing-print-196598\" hidden>Imprimare(Se deschide \u00eentr-o fereastr\u0103 nou\u0103)<\/span><span>Imprimare<\/span><\/a><\/li>\n<li class=\"share-end\"><\/ul>\n<\/div>\n<\/div>\n<\/div>\n<\/div>\n<\/div>\n<div id=\"jp-relatedposts\" class=\"jp-relatedposts\">\n<h3 class=\"jp-relatedposts-headline\"><em>Similare<\/em><\/h3>\n<\/div>\n<footer class=\"post-footer\">\n<p class=\"tags\"><strong>Tags: <\/strong><a href=\"https:\/\/www.curierul.ro\/tag\/primar-sardarescu\/\" rel=\"tag\">primar S\u0103rd\u0103rescu<\/a>, <a href=\"https:\/\/www.curierul.ro\/tag\/serviciul-public-salubrizare\/\" rel=\"tag\">serviciul public salubrizare<\/a><\/p>\n<div class=\"post-navigation clearfix\">\n<div class=\"previous-post\">\n<div class=\"featured-photo\"><img loading=\"lazy\" decoding=\"async\" width=\"1219\" height=\"1966\" src=\"https:\/\/i0.wp.com\/www.curierul.ro\/wp-content\/uploads\/2026\/03\/Clasament-L3-S6-Et19.jpeg?fit=186%2C300&amp;ssl=1\" class=\"attachment-post-thumbnail size-post-thumbnail wp-post-image\" alt><\/div>\n<p class=\"paginate-title\">\u00ab\u00ab <a href=\"https:\/\/www.curierul.ro\/liga-3-seria-6-rezumat-etapa-19scm-ramnicu-valcea-creste-avansul-farcasesti-intrerupe-seria-victorioasa-a-minerului-lupeni\/\" rel=\"prev\"><i>LIGA 3, SERIA 6, REZUMAT ETAPA 19:<\/i><br \/>SCM R\u00c2MNICU V\u00c2LCEA CRE\u0218TE AVANSUL. F\u0102RC\u0102\u0218E\u0218TI \u00ceNTRERUPE SERIA VICTORIOAS\u0102 A MINERULUI LUPENI<\/a><\/p>\n<\/div>\n<div class=\"next-post\">\n<div class=\"featured-photo\"><img decoding=\"async\" width=\"2560\" height=\"1707\" src=\"https:\/\/i0.wp.com\/www.curierul.ro\/wp-content\/uploads\/2026\/03\/somaj-bani-scaled.jpg?fit=300%2C200&amp;ssl=1\" class=\"attachment-post-thumbnail size-post-thumbnail wp-post-image\" alt loading=\"lazy\"><\/div>\n<p class=\"paginate-title\"><a href=\"https:\/\/www.curierul.ro\/16-miliarde-de-lei-vechi-de-la-somaj-au-luat-drumul-spre-lapusata-ilegal\/\" rel=\"next\">16 miliarde de lei vechi de la \u0218omaj au luat drumul spre L\u0103pu\u0219ata\u2026ilegal<\/a> \u00bb\u00bb<\/p>\n<\/div>\n<\/div>\n<div id=\"comments\" class=\"comments-area\">\n<div id=\"respond\" class=\"comment-respond\">\n<h3 id=\"reply-title\" class=\"comment-reply-title\">Po\u021bi comenta aici<small><a rel=\"nofollow\" id=\"cancel-comment-reply-link\" href=\"https:\/\/www.curierul.ro\/serviciul-public-de-salubrizare-in-atentia-primarului-sardarescu\/#respond\">Anuleaz\u0103 r\u0103spunsul<\/a><\/small><\/h3>\n<\/div>\n<p class=\"akismet_comment_form_privacy_notice\">Acest site folose\u0219te Akismet pentru a reduce spamul. <a href=\"https:\/\/akismet.com\/privacy\/\" target=\"_blank\" rel=\"nofollow noopener\">Afl\u0103 cum sunt procesate datele comentariilor tale<\/a>.<\/p>\n<\/div>\n<section class=\"latest-category clearfix\">\n<h2 class=\"title\">More Stories From Actualitate<\/h2>\n<div class=\"stories-container\">\n<article id=\"related-196630\" class=\"story post-196630 post type-post status-publish format-standard has-post-thumbnail hentry category-actualitate category-economie category-headlines category-politica tag-deputat tag-drum-expres tag-eugen-neata tag-rm-valcea-tigveni tag-urgenta-2\">\n<div class=\"photo\"><img decoding=\"async\" width=\"735\" height=\"440\" src=\"https:\/\/i0.wp.com\/www.curierul.ro\/wp-content\/uploads\/2026\/03\/neata_autostrada.jpg?fit=300%2C240&amp;ssl=1\" class=\"attachment-giornalismo-single size-giornalismo-single wp-post-image\" alt loading=\"lazy\"><\/div>\n<p class=\"headline\"><a href=\"https:\/\/www.curierul.ro\/deputat-eugen-neata-20-de-km-periculosi-epuizanti-spre-autostrada-drumul-expres-rm-valcea-tigveni-este-o-urgenta\/\">Deputat Eugen Nea\u021b\u0103: \u201e20 de km periculo\u0219i, epuizan\u021bi spre autostrad\u0103. Drumul Expres Rm. V\u00e2lcea\u00a0\u2013 Tigveni este o urgen\u021b\u0103!!!\u201d<\/a><\/p>\n<\/article>\n<article id=\"related-196608\" class=\"story post-196608 post type-post status-publish format-standard has-post-thumbnail hentry category-actualitate category-impact category-politica tag-fara-apa tag-firme tag-nordul-ramnicului-2\">\n<div class=\"photo\"><img decoding=\"async\" width=\"735\" height=\"440\" src=\"https:\/\/i0.wp.com\/www.curierul.ro\/wp-content\/uploads\/2023\/06\/se-opreste-apa-640x400-1.png?fit=300%2C174&amp;ssl=1\" class=\"attachment-giornalismo-single size-giornalismo-single wp-post-image\" alt loading=\"lazy\"><\/div>\n<p class=\"headline\"><a href=\"https:\/\/www.curierul.ro\/sapte-firme-mari-din-nordul-ramnicului-raman-fara-apa-cand-cat%f0%9f%91%87%f0%9f%8f%bb%f0%9f%91%87%f0%9f%8f%bb%f0%9f%91%87%f0%9f%8f%bb\/\">\u0218apte firme mari din Nordul R\u00e2mnicului r\u0103m\u00e2n f\u0103r\u0103 ap\u0103. C\u00e2nd, c\u00e2t?\ud83d\udc47\ud83c\udffb\ud83d\udc47\ud83c\udffb\ud83d\udc47\ud83c\udffb<\/a><\/p>\n<\/article>\n<article id=\"related-196594\" class=\"story post-196594 post type-post status-publish format-standard has-post-thumbnail hentry category-actualitate category-politica tag-colectare tag-deseuri-2 tag-oras-horezu tag-separat tag-transport\">\n<div class=\"photo\"><img decoding=\"async\" width=\"487\" height=\"353\" src=\"https:\/\/i0.wp.com\/www.curierul.ro\/wp-content\/uploads\/2023\/11\/NICOLAE-SARDARESCU.jpg?fit=300%2C217&amp;ssl=1\" class=\"attachment-giornalismo-single size-giornalismo-single wp-post-image\" alt loading=\"lazy\"><\/div>\n<p class=\"headline\"><a href=\"https:\/\/www.curierul.ro\/orasul-horezu-este-pentru-colectarea-si-transportul-separat-al-deseurilor\/\">Ora\u0219ul Horezu este pentru colectarea \u0219i transportul separat al de\u0219eurilor<\/a><\/p>\n<\/article>\n<\/div>\n<\/section>\n<section class=\"author-bio clearfix\">\n<div class=\"mug-shot\"><img decoding=\"async\" alt src=\"https:\/\/secure.gravatar.com\/avatar\/2a58d181c1d85262357d59db6fc29158130ca794fc45057783762a4c0eb9167f?s=96&amp;d=mm&amp;r=g\" class=\"avatar avatar-96 photo\" height=\"96\" width=\"96\" loading=\"lazy\"><\/div>\n<div class=\"author-info\">\n<p class=\"title\">About Curierul de Valcea, <\/p>\n<div class=\"author-social-area\"><a href=\"mailto:curierul@curierul.ro\"><span class=\"fal fa-envelope\"><span class=\"screen-reader-text\">Email the Author<\/span><\/span><\/a><\/div>\n<\/div>\n<\/section>\n<\/footer>\n<\/article>\n<article id=\"196598\" class=\"post-196598 post type-post status-publish format-standard has-post-thumbnail hentry category-actualitate category-politica tag-primar-sardarescu tag-serviciul-public-salubrizare\">\n<header class=\"post-header\">\n<ul class=\"breadcrumbs\">\n<li><a href=\"https:\/\/www.curierul.ro\">Home<\/a><\/li>\n<li class=\"breadcrumbs-active .category-actualitate\"><a href=\"https:\/\/www.curierul.ro\/index.php?cat=1615\">Actualitate<\/a><\/li>\n<li class=\"breadcrumbs-active .category-actualitate\">Serviciul public de salubrizare, \u00een aten\u021bia primarului S\u0103rd\u0103rescu<\/li>\n<\/ul>\n<div class=\"featured-photo\"><img loading=\"lazy\" decoding=\"async\" width=\"810\" height=\"607\" src=\"https:\/\/i0.wp.com\/www.curierul.ro\/wp-content\/uploads\/2026\/03\/masina-gunoi-e1773131956571.jpg?fit=300%2C225&amp;ssl=1\" class=\"attachment-single size-single wp-post-image\" alt><\/div>\n<h1 class=\"headline\">Serviciul public de salubrizare, \u00een aten\u021bia primarului S\u0103rd\u0103rescu<\/h1>\n<p class=\"byline\">\n\t\tScris de<a href=\"https:\/\/www.curierul.ro\/author\/curierul\/\">Curierul de Valcea<\/a>, \t\t10 martie 2026\t\t\t\t<\/p>\n<hr>\n<\/header>\n<p><strong>Anun\u021b referitor la elaborarea unui proiect de hot\u0103r\u00e2re<\/strong><\/p>\n<p>Vineri,\u00a0 06 martie 2026, Primarul orasului Horezu a anun\u021bat deschiderea procedurii de transparen\u021b\u0103 decizional\u0103 a procesului de elaborare a urm\u0103torului act administrativ cu caracter normativ \u2013 <em>\u201eProiect de hot\u0103r\u00e2re <\/em><em>privind aprobarea Regulamentului propriu de organizare \u0219i func\u0163ionare al serviciului public de salubrizare din jude\u021bul V\u00e2lcea \u201d.<\/em><\/p>\n<p>\u00a0Documenta\u021bia\u00a0 poate fi consultat\u0103:<\/p>\n<ul>\n<li>pe pagina de internet a Primariei orasului Horezu(www.orasul-horezu.ro, sec\u021biunea Proiecte de hotarari)<\/li>\n<li>la sediul Primariei orasului Horezu, strada 1 Decembrie,nr.7, orasul Horezu, judetul Valcea.<\/li>\n<li>proiectul de hot\u0103r\u00e2re se poate ob\u0163ine, \u00een copie, pe baz\u0103 de cerere depus\u0103 la Primaria orasului Horezu.<\/li>\n<\/ul>\n<p>Propuneri, sugestii, opinii cu valoare de recomandare privind proiectul de act administrativ cu caracter normativ supus procedurii de transparen\u021b\u0103 decizional\u0103 se pot depune p\u00e2n\u0103 la data de 20.03.2026.<\/p>\n<p>\u2013 ca mesaj \u00een format electronic la adresa:primaria@orasul-horezu.ro.;<\/p>\n<p>\u2013 prin po\u0219t\u0103 la adresa: la sediul Primariei orasului Horezu, strada\u00a0 1 Decembrie,nr.7,orasul Horezu, judetul Valcea , \u00eentre orele 8-16<sup>30 <\/sup>de luni p\u00e2n\u0103-joi, iar vineri \u00eentre orele 8-14<sup>00<\/sup>.<\/p>\n<p>Materialele transmise vor purta men\u021biunea: Propuneri referitoare la <em>Proiect de hot\u0103r\u00e2re <\/em><em>privind aprobarea Regulamentului propriu de organizare \u0219i func\u0163ionare al serviciului public de salubrizare din jude\u021bul V\u00e2lcea \u201d.<\/em><\/p>\n<p>Propunerile, sugestiile, opiniile cu valoare de recomandare vor fi publicate pe pagina de internet a institu\u021biei, sau la sediul institu\u021biei.<\/p>\n<p>Nepreluarea recomand\u0103rilor formulate \u015fi \u00eenaintate \u00een scris va fi justificat\u0103 \u00een scris.<\/p>\n<p>Pentru informa\u021bii suplimentare, institu\u021bia public\u0103 din Horezu v\u0103 st\u0103 la dispozi\u021bie la urm\u0103toarele date de contact : telefon 0744597482, persoana responsabil\u0103 pentru rela\u0163ia cu societatea civil\u0103 : Ogrezeanu Daniela.<\/p>\n<div class=\"sharedaddy sd-sharing-enabled\">\n<div class=\"robots-nocontent sd-block sd-social sd-social-official sd-sharing\">\n<h3 class=\"sd-title\">Distribuie pe:<\/h3>\n<div class=\"sd-content\">\n<ul>\n<li class=\"share-facebook\">\n<li class=\"share-twitter\"><a href=\"https:\/\/twitter.com\/share\" class=\"twitter-share-button\" data-url=\"https:\/\/www.curierul.ro\/serviciul-public-de-salubrizare-in-atentia-primarului-sardarescu\/\" data-text=\"Serviciul public de salubrizare, \u00een aten\u021bia primarului S\u0103rd\u0103rescu\" data-via=\"curierulvl\">Tweet<\/a><\/li>\n<li class=\"share-jetpack-whatsapp\"><a rel=\"nofollow noopener noreferrer\" data-shared=\"sharing-whatsapp-196598\" class=\"share-jetpack-whatsapp sd-button\" href=\"https:\/\/www.curierul.ro\/serviciul-public-de-salubrizare-in-atentia-primarului-sardarescu\/?share=jetpack-whatsapp\" target=\"_blank\" aria-labelledby=\"sharing-whatsapp-196598\"><span id=\"sharing-whatsapp-196598\" hidden>Partajeaz\u0103 prin WhatsApp(Se deschide \u00eentr-o fereastr\u0103 nou\u0103)<\/span><span>WhatsApp<\/span><\/a><\/li>\n<li><a href=\"https:\/\/www.curierul.ro\/serviciul-public-de-salubrizare-in-atentia-primarului-sardarescu\/\" class=\"sharing-anchor sd-button share-more\"><span>Mai mult<\/span><\/a><\/li>\n<li class=\"share-end\"><\/ul>\n<div class=\"sharing-hidden\">\n<div class=\"inner\">\n<ul>\n<li class=\"share-email\"><a rel=\"nofollow noopener noreferrer\" data-shared=\"sharing-email-196598\" class=\"share-email sd-button\" href=\"mailto:?subject=%5BArticol%20partajat%5D%20Serviciul%20public%20de%20salubrizare%2C%20%C3%AEn%20aten%C8%9Bia%20primarului%20S%C4%83rd%C4%83rescu&amp;body=https%3A%2F%2Fwww.curierul.ro%2Fserviciul-public-de-salubrizare-in-atentia-primarului-sardarescu%2F&amp;share=email\" target=\"_blank\" aria-labelledby=\"sharing-email-196598\" data-email-share-error-title=\"\u021ai-ai configurat emailul?\" data-email-share-error-text=\"Dac\u0103 ai probleme la partajarea prin email, probabil nu ai configurat emailul pentru navigator. Poate trebuie s\u0103 creezi singur un email nou.\" data-email-share-nonce=\"3fca14f018\" data-email-share-track-url=\"https:\/\/www.curierul.ro\/serviciul-public-de-salubrizare-in-atentia-primarului-sardarescu\/?share=email\"><span id=\"sharing-email-196598\" hidden>Trimite unui prieten un email cu o leg\u0103tur\u0103(Se deschide \u00eentr-o fereastr\u0103 nou\u0103)<\/span><span>Email<\/span><\/a><\/li>\n<li class=\"share-print\"><a rel=\"nofollow noopener noreferrer\" data-shared=\"sharing-print-196598\" class=\"share-print sd-button\" href=\"https:\/\/www.curierul.ro\/serviciul-public-de-salubrizare-in-atentia-primarului-sardarescu\/#print?share=print\" target=\"_blank\" aria-labelledby=\"sharing-print-196598\"><span id=\"sharing-print-196598\" hidden>Imprimare(Se deschide \u00eentr-o fereastr\u0103 nou\u0103)<\/span><span>Imprimare<\/span><\/a><\/li>\n<li class=\"share-end\"><\/ul>\n<\/div>\n<\/div>\n<\/div>\n<\/div>\n<\/div>\n<div id=\"jp-relatedposts\" class=\"jp-relatedposts\">\n<h3 class=\"jp-relatedposts-headline\"><em>Similare<\/em><\/h3>\n<\/div>\n<footer class=\"post-footer\">\n<p class=\"tags\"><strong>Tags: <\/strong><a href=\"https:\/\/www.curierul.ro\/tag\/primar-sardarescu\/\" rel=\"tag\">primar S\u0103rd\u0103rescu<\/a>, <a href=\"https:\/\/www.curierul.ro\/tag\/serviciul-public-salubrizare\/\" rel=\"tag\">serviciul public salubrizare<\/a><\/p>\n<div class=\"post-navigation clearfix\">\n<div class=\"previous-post\">\n<div class=\"featured-photo\"><img loading=\"lazy\" decoding=\"async\" width=\"1219\" height=\"1966\" src=\"https:\/\/i0.wp.com\/www.curierul.ro\/wp-content\/uploads\/2026\/03\/Clasament-L3-S6-Et19.jpeg?fit=186%2C300&amp;ssl=1\" class=\"attachment-post-thumbnail size-post-thumbnail wp-post-image\" alt><\/div>\n<p class=\"paginate-title\">\u00ab\u00ab <a href=\"https:\/\/www.curierul.ro\/liga-3-seria-6-rezumat-etapa-19scm-ramnicu-valcea-creste-avansul-farcasesti-intrerupe-seria-victorioasa-a-minerului-lupeni\/\" rel=\"prev\"><i>LIGA 3, SERIA 6, REZUMAT ETAPA 19:<\/i><br \/>SCM R\u00c2MNICU V\u00c2LCEA CRE\u0218TE AVANSUL. F\u0102RC\u0102\u0218E\u0218TI \u00ceNTRERUPE SERIA VICTORIOAS\u0102 A MINERULUI LUPENI<\/a><\/p>\n<\/div>\n<div class=\"next-post\">\n<div class=\"featured-photo\"><img decoding=\"async\" width=\"2560\" height=\"1707\" src=\"https:\/\/i0.wp.com\/www.curierul.ro\/wp-content\/uploads\/2026\/03\/somaj-bani-scaled.jpg?fit=300%2C200&amp;ssl=1\" class=\"attachment-post-thumbnail size-post-thumbnail wp-post-image\" alt loading=\"lazy\"><\/div>\n<p class=\"paginate-title\"><a href=\"https:\/\/www.curierul.ro\/16-miliarde-de-lei-vechi-de-la-somaj-au-luat-drumul-spre-lapusata-ilegal\/\" rel=\"next\">16 miliarde de lei vechi de la \u0218omaj au luat drumul spre L\u0103pu\u0219ata\u2026ilegal<\/a> \u00bb\u00bb<\/p>\n<\/div>\n<\/div>\n<div id=\"comments\" class=\"comments-area\">\n<div id=\"respond\" class=\"comment-respond\">\n<h3 id=\"reply-title\" class=\"comment-reply-title\">Po\u021bi comenta aici<small><a rel=\"nofollow\" id=\"cancel-comment-reply-link\" href=\"https:\/\/www.curierul.ro\/serviciul-public-de-salubrizare-in-atentia-primarului-sardarescu\/#respond\">Anuleaz\u0103 r\u0103spunsul<\/a><\/small><\/h3>\n<\/div>\n<p class=\"akismet_comment_form_privacy_notice\">Acest site folose\u0219te Akismet pentru a reduce spamul. <a href=\"https:\/\/akismet.com\/privacy\/\" target=\"_blank\" rel=\"nofollow noopener\">Afl\u0103 cum sunt procesate datele comentariilor tale<\/a>.<\/p>\n<\/div>\n<section class=\"latest-category clearfix\">\n<h2 class=\"title\">More Stories From Actualitate<\/h2>\n<div class=\"stories-container\">\n<article id=\"related-196630\" class=\"story post-196630 post type-post status-publish format-standard has-post-thumbnail hentry category-actualitate category-economie category-headlines category-politica tag-deputat tag-drum-expres tag-eugen-neata tag-rm-valcea-tigveni tag-urgenta-2\">\n<div class=\"photo\"><img decoding=\"async\" width=\"735\" height=\"440\" src=\"https:\/\/i0.wp.com\/www.curierul.ro\/wp-content\/uploads\/2026\/03\/neata_autostrada.jpg?fit=300%2C240&amp;ssl=1\" class=\"attachment-giornalismo-single size-giornalismo-single wp-post-image\" alt loading=\"lazy\"><\/div>\n<p class=\"headline\"><a href=\"https:\/\/www.curierul.ro\/deputat-eugen-neata-20-de-km-periculosi-epuizanti-spre-autostrada-drumul-expres-rm-valcea-tigveni-este-o-urgenta\/\">Deputat Eugen Nea\u021b\u0103: \u201e20 de km periculo\u0219i, epuizan\u021bi spre autostrad\u0103. Drumul Expres Rm. V\u00e2lcea\u00a0\u2013 Tigveni este o urgen\u021b\u0103!!!\u201d<\/a><\/p>\n<\/article>\n<article id=\"related-196608\" class=\"story post-196608 post type-post status-publish format-standard has-post-thumbnail hentry category-actualitate category-impact category-politica tag-fara-apa tag-firme tag-nordul-ramnicului-2\">\n<div class=\"photo\"><img decoding=\"async\" width=\"735\" height=\"440\" src=\"https:\/\/i0.wp.com\/www.curierul.ro\/wp-content\/uploads\/2023\/06\/se-opreste-apa-640x400-1.png?fit=300%2C174&amp;ssl=1\" class=\"attachment-giornalismo-single size-giornalismo-single wp-post-image\" alt loading=\"lazy\"><\/div>\n<p class=\"headline\"><a href=\"https:\/\/www.curierul.ro\/sapte-firme-mari-din-nordul-ramnicului-raman-fara-apa-cand-cat%f0%9f%91%87%f0%9f%8f%bb%f0%9f%91%87%f0%9f%8f%bb%f0%9f%91%87%f0%9f%8f%bb\/\">\u0218apte firme mari din Nordul R\u00e2mnicului r\u0103m\u00e2n f\u0103r\u0103 ap\u0103. C\u00e2nd, c\u00e2t?\ud83d\udc47\ud83c\udffb\ud83d\udc47\ud83c\udffb\ud83d\udc47\ud83c\udffb<\/a><\/p>\n<\/article>\n<article id=\"related-196594\" class=\"story post-196594 post type-post status-publish format-standard has-post-thumbnail hentry category-actualitate category-politica tag-colectare tag-deseuri-2 tag-oras-horezu tag-separat tag-transport\">\n<div class=\"photo\"><img decoding=\"async\" width=\"487\" height=\"353\" src=\"https:\/\/i0.wp.com\/www.curierul.ro\/wp-content\/uploads\/2023\/11\/NICOLAE-SARDARESCU.jpg?fit=300%2C217&amp;ssl=1\" class=\"attachment-giornalismo-single size-giornalismo-single wp-post-image\" alt loading=\"lazy\"><\/div>\n<p class=\"headline\"><a href=\"https:\/\/www.curierul.ro\/orasul-horezu-este-pentru-colectarea-si-transportul-separat-al-deseurilor\/\">Ora\u0219ul Horezu este pentru colectarea \u0219i transportul separat al de\u0219eurilor<\/a><\/p>\n<\/article>\n<\/div>\n<\/section>\n<section class=\"author-bio clearfix\">\n<div class=\"mug-shot\"><img decoding=\"async\" alt src=\"https:\/\/secure.gravatar.com\/avatar\/2a58d181c1d85262357d59db6fc29158130ca794fc45057783762a4c0eb9167f?s=96&amp;d=mm&amp;r=g\" class=\"avatar avatar-96 photo\" height=\"96\" width=\"96\" loading=\"lazy\"><\/div>\n<div class=\"author-info\">\n<p class=\"title\">About Curierul de Valcea, <\/p>\n<div class=\"author-social-area\"><a href=\"mailto:curierul@curierul.ro\"><span class=\"fal fa-envelope\"><span class=\"screen-reader-text\">Email the Author<\/span><\/span><\/a><\/div>\n<\/div>\n<\/section>\n<\/footer>\n<\/article>\n<article id=\"related-196630\" class=\"story post-196630 post type-post status-publish format-standard has-post-thumbnail hentry category-actualitate category-economie category-headlines category-politica tag-deputat tag-drum-expres tag-eugen-neata tag-rm-valcea-tigveni tag-urgenta-2\">\n<div class=\"photo\"><img decoding=\"async\" width=\"735\" height=\"440\" src=\"https:\/\/i0.wp.com\/www.curierul.ro\/wp-content\/uploads\/2026\/03\/neata_autostrada.jpg?fit=300%2C240&amp;ssl=1\" class=\"attachment-giornalismo-single size-giornalismo-single wp-post-image\" alt loading=\"lazy\"><\/div>\n<p class=\"headline\"><a href=\"https:\/\/www.curierul.ro\/deputat-eugen-neata-20-de-km-periculosi-epuizanti-spre-autostrada-drumul-expres-rm-valcea-tigveni-este-o-urgenta\/\">Deputat Eugen Nea\u021b\u0103: \u201e20 de km periculo\u0219i, epuizan\u021bi spre autostrad\u0103. Drumul Expres Rm. V\u00e2lcea\u00a0\u2013 Tigveni este o urgen\u021b\u0103!!!\u201d<\/a><\/p>\n<\/article>\n<article id=\"related-196608\" class=\"story post-196608 post type-post status-publish format-standard has-post-thumbnail hentry category-actualitate category-impact category-politica tag-fara-apa tag-firme tag-nordul-ramnicului-2\">\n<div class=\"photo\"><img decoding=\"async\" width=\"735\" height=\"440\" src=\"https:\/\/i0.wp.com\/www.curierul.ro\/wp-content\/uploads\/2023\/06\/se-opreste-apa-640x400-1.png?fit=300%2C174&amp;ssl=1\" class=\"attachment-giornalismo-single size-giornalismo-single wp-post-image\" alt loading=\"lazy\"><\/div>\n<p class=\"headline\"><a href=\"https:\/\/www.curierul.ro\/sapte-firme-mari-din-nordul-ramnicului-raman-fara-apa-cand-cat%f0%9f%91%87%f0%9f%8f%bb%f0%9f%91%87%f0%9f%8f%bb%f0%9f%91%87%f0%9f%8f%bb\/\">\u0218apte firme mari din Nordul R\u00e2mnicului r\u0103m\u00e2n f\u0103r\u0103 ap\u0103. C\u00e2nd, c\u00e2t?\ud83d\udc47\ud83c\udffb\ud83d\udc47\ud83c\udffb\ud83d\udc47\ud83c\udffb<\/a><\/p>\n<\/article>\n<article id=\"related-196594\" class=\"story post-196594 post type-post status-publish format-standard has-post-thumbnail hentry category-actualitate category-politica tag-colectare tag-deseuri-2 tag-oras-horezu tag-separat tag-transport\">\n<div class=\"photo\"><img decoding=\"async\" width=\"487\" height=\"353\" src=\"https:\/\/i0.wp.com\/www.curierul.ro\/wp-content\/uploads\/2023\/11\/NICOLAE-SARDARESCU.jpg?fit=300%2C217&amp;ssl=1\" class=\"attachment-giornalismo-single size-giornalismo-single wp-post-image\" alt loading=\"lazy\"><\/div>\n<p class=\"headline\"><a href=\"https:\/\/www.curierul.ro\/orasul-horezu-este-pentru-colectarea-si-transportul-separat-al-deseurilor\/\">Ora\u0219ul Horezu este pentru colectarea \u0219i transportul separat al de\u0219eurilor<\/a><\/p>\n<\/article>\n<p>[analyse_source url=&#8221;https:\/\/www.curierul.ro\/serviciul-public-de-salubrizare-in-atentia-primarului-sardarescu\/&#8221;]<\/p>\n","protected":false},"excerpt":{"rendered":"<p>[analyse_image type=&#8221;featured&#8221; src=&#8221;https:\/\/www.curierul.ro\/wp-content\/uploads\/2026\/03\/masina-gunoi-e1773131956571.jpghttps:\/\/i0.wp.com\/www.curierul.ro\/wp-content\/uploads\/2026\/03\/masina-gunoi-e1773131956571.jpg?fit=810%2C607&amp;ssl=1&#8243;] Home Actualitate Serviciul public de salubrizare, \u00een aten\u021bia primarului S\u0103rd\u0103rescu Serviciul public de salubrizare, \u00een aten\u021bia primarului S\u0103rd\u0103rescu Scris deCurierul de Valcea, 10 martie 2026 Anun\u021b referitor la elaborarea unui proiect de hot\u0103r\u00e2re Vineri,\u00a0 06 martie 2026, Primarul orasului Horezu a anun\u021bat deschiderea procedurii de transparen\u021b\u0103 decizional\u0103 a procesului de elaborare a [&hellip;]<\/p>\n","protected":false},"author":1,"featured_media":0,"comment_status":"open","ping_status":"","sticky":false,"template":"","format":"standard","meta":{"footnotes":""},"categories":[89],"tags":[226,213],"class_list":["post-1827708","post","type-post","status-publish","format-standard","hentry","category-romania","tag-crawlmanager","tag-curierul-ro"],"_links":{"self":[{"href":"https:\/\/analyse.optim.biz\/index.php?rest_route=\/wp\/v2\/posts\/1827708","targetHints":{"allow":["GET"]}}],"collection":[{"href":"https:\/\/analyse.optim.biz\/index.php?rest_route=\/wp\/v2\/posts"}],"about":[{"href":"https:\/\/analyse.optim.biz\/index.php?rest_route=\/wp\/v2\/types\/post"}],"author":[{"embeddable":true,"href":"https:\/\/analyse.optim.biz\/index.php?rest_route=\/wp\/v2\/users\/1"}],"replies":[{"embeddable":true,"href":"https:\/\/analyse.optim.biz\/index.php?rest_route=%2Fwp%2Fv2%2Fcomments&post=1827708"}],"version-history":[{"count":0,"href":"https:\/\/analyse.optim.biz\/index.php?rest_route=\/wp\/v2\/posts\/1827708\/revisions"}],"wp:attachment":[{"href":"https:\/\/analyse.optim.biz\/index.php?rest_route=%2Fwp%2Fv2%2Fmedia&parent=1827708"}],"wp:term":[{"taxonomy":"category","embeddable":true,"href":"https:\/\/analyse.optim.biz\/index.php?rest_route=%2Fwp%2Fv2%2Fcategories&post=1827708"},{"taxonomy":"post_tag","embeddable":true,"href":"https:\/\/analyse.optim.biz\/index.php?rest_route=%2Fwp%2Fv2%2Ftags&post=1827708"}],"curies":[{"name":"wp","href":"https:\/\/api.w.org\/{rel}","templated":true}]}}