{"id":1827702,"date":"2026-03-06T07:29:44","date_gmt":"2026-03-06T04:29:44","guid":{"rendered":"https:\/\/analyse.optim.biz\/?p=1827702"},"modified":"2026-03-06T07:29:44","modified_gmt":"2026-03-06T04:29:44","slug":"deputatul-eugen-neata-reuseste-sa-includa-valcea-in-programul-pentru-investitii-si-locuri-de-munca","status":"publish","type":"post","link":"https:\/\/analyse.optim.biz\/?p=1827702","title":{"rendered":"Deputatul Eugen Nea\u021b\u0103 reu\u0219e\u0219te s\u0103 includ\u0103 V\u00e2lcea \u00een programul pentru investi\u021bii \u0219i locuri de munc\u0103"},"content":{"rendered":"<p>[analyse_image type=&#8221;featured&#8221; src=&#8221;https:\/\/www.curierul.ro\/wp-content\/uploads\/2026\/03\/Neata_lege-e1773302023777.jpghttps:\/\/i0.wp.com\/www.curierul.ro\/wp-content\/uploads\/2026\/03\/Neata_lege-e1773302023777.jpg?fit=1200%2C702&amp;ssl=1&#8243;]<\/p>\n<article id=\"196625\" class=\"post-196625 post type-post status-publish format-standard has-post-thumbnail hentry category-actualitate category-economie category-politica tag-deputat tag-eugen-neata tag-investitii-2 tag-locuri-de-munca-2 tag-program tag-valcea-2\">\n<header class=\"post-header\">\n<ul class=\"breadcrumbs\">\n<li><a href=\"https:\/\/www.curierul.ro\">Home<\/a><\/li>\n<li class=\"breadcrumbs-active .category-actualitate\"><a href=\"https:\/\/www.curierul.ro\/index.php?cat=1615\">Actualitate<\/a><\/li>\n<li class=\"breadcrumbs-active .category-actualitate\">Deputatul Eugen Nea\u021b\u0103 reu\u0219e\u0219te s\u0103 includ\u0103 V\u00e2lcea \u00een programul pentru investi\u021bii \u0219i locuri de munc\u0103<\/li>\n<\/ul>\n<div class=\"featured-photo\"><img loading=\"lazy\" decoding=\"async\" width=\"1710\" height=\"1000\" src=\"https:\/\/i0.wp.com\/www.curierul.ro\/wp-content\/uploads\/2026\/03\/Neata_lege-e1773302023777.jpg?fit=300%2C175&amp;ssl=1\" class=\"attachment-single size-single wp-post-image\" alt><\/div>\n<h1 class=\"headline\">Deputatul Eugen Nea\u021b\u0103 reu\u0219e\u0219te s\u0103 includ\u0103 V\u00e2lcea \u00een programul pentru investi\u021bii \u0219i locuri de munc\u0103<\/h1>\n<p class=\"byline\">\n\t\tScris de<a href=\"https:\/\/www.curierul.ro\/author\/alin\/\">Alin Emilian Tudoroiu<\/a>, \t\t6 martie 2026\t\t\t\t<\/p>\n<hr>\n<\/header>\n<div class=\"xdj266r x14z9mp xat24cr x1lziwak x1vvkbs x126k92a\">\u00a0<\/div>\n<div class=\"x14z9mp xat24cr x1lziwak x1vvkbs xtlvy1s x126k92a\">\n<div dir=\"auto\">Recent, a ap\u0103rut pe traseul legislativ o lege de aprobare a unui Program pentru investi\u021bii \u0219i locuri de munc\u0103 \u00een c\u00e2teva jude\u021be din Rom\u00e2nia. \u00cen forma ini\u021bial\u0103 propus\u0103, printre acestea, jude\u021bul V\u00e2lcea nu era specificat. Iar dac\u0103 vorbim de ini\u021biative legislative, ne \u00eentoarcem instant cu privirea c\u0103tre forul legislativ al \u021b\u0103rii \u2013 Parlamentul, care este un produc\u0103tor de norme, care fac s\u0103 func\u021bioneze societatea rom\u00e2neasc\u0103. \u0218i aproape involuntar ne-am oprit la Deputatul v\u00e2lcean, Eugen Nea\u021b\u0103, cel care, urm\u0103rindu-i activit\u0103\u021bile din Parlament, am v\u0103zut c\u0103 a avut o reac\u021bie \u00een leg\u0103tur\u0103 cu aceast\u0103 ini\u021biativ\u0103. Imediat l\u0103murim despre ce este vorba\u2026 \u201e<em>Dup\u0103 ce am parcurs textul acestei legi, m-am \u00eentrebat \u2013 cum este \u0219i firesc \u2013 cu ce sunt acele jude\u021be mai \u00eendrept\u0103\u021bite dec\u00e2t altele s\u0103 figureze printre beneficiarii unui astfel de program. Astfel c\u0103, \u00eempreun\u0103 cu colegii Adrian Solomon, deputat de Vaslui \u0219i Marius Constantin Bud\u0103i, deputat de Boto\u0219ani, am formulat un amendament la aceast\u0103 ini\u021biativ\u0103 pentru a introduce printre jude\u021bele vizate de ini\u021biatori \u0219i pe cele pe care le reprezent\u0103m \u00een Parlamentul Rom\u00e2niei: V\u00e2lcea, Vaslui \u0219i Boto\u0219ani<\/em>.<\/div>\n<div dir=\"auto\">\u00a0<\/div>\n<div dir=\"auto\"><img loading=\"lazy\" decoding=\"async\" class=\"aligncenter wp-image-196628 size-full\" src=\"https:\/\/i0.wp.com\/www.curierul.ro\/wp-content\/uploads\/2026\/03\/Valcea-e1773302092332.jpg?fit=300%2C169&amp;ssl=1\" alt width=\"1920\" height=\"1080\"><br \/><em>Toate trei \u0219i fiecare \u00een parte func\u021bioneaz\u0103 \u00een limite economice \u0219i sociale care au nevoie de programe suport, cum este cel \u00een curs de legalizare \u00een parlament. \u0218i am adus \u0219i o serie de argumente \u00een favoarea ini\u021biativei noastre.<\/em><\/div>\n<div dir=\"auto\"><em>V\u00e2lcea este mai degrab\u0103 printre ultimele plasate economic \u0219i cunoa\u0219te un nivel al veniturilor salariale destul de sc\u0103zut. Vaslui, chiar mai jos dec\u00e2t at\u00e2t \u0219i Boto\u0219ani undeva \u00eentre ele. Este vorba despre jude\u021be care au cunoscut un declin industrial major dup\u0103 1989, cu consecin\u021be care s-au rostogolit \u00een sens negativ p\u00e2n\u0103 \u00een zilele noastre. Niciunul dintre aceste jude\u021be nu poate lipsi de pe o list\u0103 \u2013 oric\u00e2t de scurt\u0103 \u2013 a regiunilor care au \u00eenc\u0103 nevoie de un sprijin masiv al statului rom\u00e2n. \u00cen ceea ce m\u0103 prive\u0219te, \u0219tiu V\u00e2lcea de la un cap\u0103t la altul, pas cu pas. Cunosc \u00eendeaproape efortul pe care l-au f\u0103cut antreprenorii v\u00e2lceni pentru a construi o economie func\u021bional\u0103 \u0219i generoas\u0103 \u00een locuri de munc\u0103 pentru v\u00e2lceni. Reconversia profesional\u0103 a fost un fenomen complicat \u00eens\u0103. Mii \u0219i mii de oameni, care activau \u00een industrii disp\u0103rute \u00eentre timp, au traversat cu greu drumul c\u0103tre servicii \u0219i industrii noi al c\u0103ror loc pe pia\u021ba de desfacere s-a c\u00e2\u0219tigat cu pa\u0219i foarte mici. Cele aproape patru decenii care au trecut de la un sistem economic la cel de acum n-au condus \u0219i la nivelul de prosperitate pe care ni-l dorim. Este nevoie \u00eenc\u0103 de suportul statului rom\u00e2n pentru a continua cre\u0219terile lente la nivel economic \u0219i social. Capacit\u0103\u021bi economice mai multe \u0219i mai puternice, locuri de munc\u0103 pentru c\u00e2t mai mul\u021bi v\u00e2lceni la un nivel de venituri acoperitor pentru nivelul de via\u021b\u0103 al secolului \u00een care tr\u0103im\u201d<\/em>, a precizat deputatul social democrat, Eugen Nea\u021b\u0103.<\/div>\n<div dir=\"auto\">\u00a0<\/div>\n<\/div>\n<div class=\"sharedaddy sd-sharing-enabled\">\n<div class=\"robots-nocontent sd-block sd-social sd-social-official sd-sharing\">\n<h3 class=\"sd-title\">Distribuie pe:<\/h3>\n<div class=\"sd-content\">\n<ul>\n<li class=\"share-facebook\">\n<li class=\"share-twitter\"><a href=\"https:\/\/twitter.com\/share\" class=\"twitter-share-button\" data-url=\"https:\/\/www.curierul.ro\/deputatul-eugen-neata-reuseste-sa-includa-valcea-in-programul-pentru-investitii-si-locuri-de-munca\/\" data-text=\"Deputatul Eugen Nea\u021b\u0103 reu\u0219e\u0219te s\u0103 includ\u0103 V\u00e2lcea \u00een programul pentru investi\u021bii \u0219i locuri de munc\u0103\" data-via=\"curierulvl\">Tweet<\/a><\/li>\n<li class=\"share-jetpack-whatsapp\"><a rel=\"nofollow noopener noreferrer\" data-shared=\"sharing-whatsapp-196625\" class=\"share-jetpack-whatsapp sd-button\" href=\"https:\/\/www.curierul.ro\/deputatul-eugen-neata-reuseste-sa-includa-valcea-in-programul-pentru-investitii-si-locuri-de-munca\/?share=jetpack-whatsapp\" target=\"_blank\" aria-labelledby=\"sharing-whatsapp-196625\"><span id=\"sharing-whatsapp-196625\" hidden>Partajeaz\u0103 prin WhatsApp(Se deschide \u00eentr-o fereastr\u0103 nou\u0103)<\/span><span>WhatsApp<\/span><\/a><\/li>\n<li><a href=\"https:\/\/www.curierul.ro\/deputatul-eugen-neata-reuseste-sa-includa-valcea-in-programul-pentru-investitii-si-locuri-de-munca\/\" class=\"sharing-anchor sd-button share-more\"><span>Mai mult<\/span><\/a><\/li>\n<li class=\"share-end\"><\/ul>\n<div class=\"sharing-hidden\">\n<div class=\"inner\">\n<ul>\n<li class=\"share-email\"><a rel=\"nofollow noopener noreferrer\" data-shared=\"sharing-email-196625\" class=\"share-email sd-button\" href=\"mailto:?subject=%5BArticol%20partajat%5D%20Deputatul%20Eugen%20Nea%C8%9B%C4%83%20reu%C8%99e%C8%99te%20s%C4%83%20includ%C4%83%20V%C3%A2lcea%20%C3%AEn%20programul%20pentru%20investi%C8%9Bii%20%C8%99i%20locuri%20de%20munc%C4%83&amp;body=https%3A%2F%2Fwww.curierul.ro%2Fdeputatul-eugen-neata-reuseste-sa-includa-valcea-in-programul-pentru-investitii-si-locuri-de-munca%2F&amp;share=email\" target=\"_blank\" aria-labelledby=\"sharing-email-196625\" data-email-share-error-title=\"\u021ai-ai configurat emailul?\" data-email-share-error-text=\"Dac\u0103 ai probleme la partajarea prin email, probabil nu ai configurat emailul pentru navigator. Poate trebuie s\u0103 creezi singur un email nou.\" data-email-share-nonce=\"d7353b6d60\" data-email-share-track-url=\"https:\/\/www.curierul.ro\/deputatul-eugen-neata-reuseste-sa-includa-valcea-in-programul-pentru-investitii-si-locuri-de-munca\/?share=email\"><span id=\"sharing-email-196625\" hidden>Trimite unui prieten un email cu o leg\u0103tur\u0103(Se deschide \u00eentr-o fereastr\u0103 nou\u0103)<\/span><span>Email<\/span><\/a><\/li>\n<li class=\"share-print\"><a rel=\"nofollow noopener noreferrer\" data-shared=\"sharing-print-196625\" class=\"share-print sd-button\" href=\"https:\/\/www.curierul.ro\/deputatul-eugen-neata-reuseste-sa-includa-valcea-in-programul-pentru-investitii-si-locuri-de-munca\/#print?share=print\" target=\"_blank\" aria-labelledby=\"sharing-print-196625\"><span id=\"sharing-print-196625\" hidden>Imprimare(Se deschide \u00eentr-o fereastr\u0103 nou\u0103)<\/span><span>Imprimare<\/span><\/a><\/li>\n<li class=\"share-end\"><\/ul>\n<\/div>\n<\/div>\n<\/div>\n<\/div>\n<\/div>\n<div id=\"jp-relatedposts\" class=\"jp-relatedposts\">\n<h3 class=\"jp-relatedposts-headline\"><em>Similare<\/em><\/h3>\n<\/div>\n<footer class=\"post-footer\">\n<p class=\"tags\"><strong>Tags: <\/strong><a href=\"https:\/\/www.curierul.ro\/tag\/deputat\/\" rel=\"tag\">deputat<\/a>, <a href=\"https:\/\/www.curierul.ro\/tag\/eugen-neata\/\" rel=\"tag\">Eugen Nea\u021b\u0103<\/a>, <a href=\"https:\/\/www.curierul.ro\/tag\/investitii-2\/\" rel=\"tag\">investi\u021bii<\/a>, <a href=\"https:\/\/www.curierul.ro\/tag\/locuri-de-munca-2\/\" rel=\"tag\">locuri de munc\u0103<\/a>, <a href=\"https:\/\/www.curierul.ro\/tag\/program\/\" rel=\"tag\">program<\/a>, <a href=\"https:\/\/www.curierul.ro\/tag\/valcea-2\/\" rel=\"tag\">V\u00e2lcea<\/a><\/p>\n<div class=\"post-navigation clearfix\">\n<div class=\"previous-post\">\n<div class=\"featured-photo\"><img decoding=\"async\" width=\"895\" height=\"1066\" src=\"https:\/\/i0.wp.com\/www.curierul.ro\/wp-content\/uploads\/2026\/03\/IMG-20260219-WA0017.jpg?fit=252%2C300&amp;ssl=1\" class=\"attachment-post-thumbnail size-post-thumbnail wp-post-image\" alt loading=\"lazy\"><\/div>\n<p class=\"paginate-title\">\u00ab\u00ab <a href=\"https:\/\/www.curierul.ro\/politia-circulatie-se-inchide-vineri-si-sambata\/\" rel=\"prev\">Poli\u021bia Circula\u021biei se \u00eenchide vineri \u0219i s\u00e2mb\u0103t\u0103<\/a><\/p>\n<\/div>\n<div class=\"next-post\">\n<div class=\"featured-photo\"><img decoding=\"async\" width=\"1080\" height=\"1350\" src=\"https:\/\/i0.wp.com\/www.curierul.ro\/wp-content\/uploads\/2026\/03\/Valcea-Tg-Jiu.jpeg?fit=240%2C300&amp;ssl=1\" class=\"attachment-post-thumbnail size-post-thumbnail wp-post-image\" alt loading=\"lazy\"><\/div>\n<p class=\"paginate-title\"><a href=\"https:\/\/www.curierul.ro\/liga-3-seria-6in-zavoi-scm-ramnicu-valcea-csm-targu-jiu-la-ora-15\/\" rel=\"next\">LIGA 3, SERIA 6:<br \/>\u00ceN Z\u0102VOI, SCM R\u00c2MNICU V\u00c2LCEA \u2013 CSM T\u00c2RGU JIU LA ORA 15<\/a> \u00bb\u00bb<\/p>\n<\/div>\n<\/div>\n<div id=\"comments\" class=\"comments-area\">\n<div id=\"respond\" class=\"comment-respond\">\n<h3 id=\"reply-title\" class=\"comment-reply-title\">Po\u021bi comenta aici<small><a rel=\"nofollow\" id=\"cancel-comment-reply-link\" href=\"https:\/\/www.curierul.ro\/deputatul-eugen-neata-reuseste-sa-includa-valcea-in-programul-pentru-investitii-si-locuri-de-munca\/#respond\">Anuleaz\u0103 r\u0103spunsul<\/a><\/small><\/h3>\n<\/div>\n<p class=\"akismet_comment_form_privacy_notice\">Acest site folose\u0219te Akismet pentru a reduce spamul. <a href=\"https:\/\/akismet.com\/privacy\/\" target=\"_blank\" rel=\"nofollow noopener\">Afl\u0103 cum sunt procesate datele comentariilor tale<\/a>.<\/p>\n<\/div>\n<section class=\"related-stories\">\n<h2>Related Stories<\/h2>\n<div class=\"stories-container\">\n<article id=\"latest-196630\" class=\"story post-196630 post type-post status-publish format-standard has-post-thumbnail hentry category-actualitate category-economie category-headlines category-politica tag-deputat tag-drum-expres tag-eugen-neata tag-rm-valcea-tigveni tag-urgenta-2\">\n<div class=\"photo\"><img decoding=\"async\" width=\"735\" height=\"440\" src=\"https:\/\/i0.wp.com\/www.curierul.ro\/wp-content\/uploads\/2026\/03\/neata_autostrada.jpg?fit=300%2C240&amp;ssl=1\" class=\"attachment-giornalismo-single size-giornalismo-single wp-post-image\" alt loading=\"lazy\"><\/div>\n<p class=\"headline\"><a href=\"https:\/\/www.curierul.ro\/deputat-eugen-neata-20-de-km-periculosi-epuizanti-spre-autostrada-drumul-expres-rm-valcea-tigveni-este-o-urgenta\/\">Deputat Eugen Nea\u021b\u0103: \u201e20 de km periculo\u0219i, epuizan\u021bi spre autostrad\u0103. Drumul Expres Rm. V\u00e2lcea\u00a0\u2013 Tigveni este o urgen\u021b\u0103!!!\u201d<\/a><\/p>\n<\/article>\n<article id=\"latest-196282\" class=\"story post-196282 post type-post status-publish format-standard has-post-thumbnail hentry category-actualitate category-headlines category-politica category-psd tag-buget tag-comunitatea-valceana tag-deputat tag-eugen-neata tag-probleme tag-romania-2\">\n<div class=\"photo\"><img decoding=\"async\" width=\"720\" height=\"440\" src=\"https:\/\/i0.wp.com\/www.curierul.ro\/wp-content\/uploads\/2026\/02\/Neata_buget.jpg?fit=300%2C225&amp;ssl=1\" class=\"attachment-giornalismo-single size-giornalismo-single wp-post-image\" alt loading=\"lazy\"><\/div>\n<p class=\"headline\"><a href=\"https:\/\/www.curierul.ro\/deputatul-eugen-neata-astept-de-la-bugetul-romaniei-sa-dea-un-semn-ca-este-interesat-de-una-dintre-cele-mai-serioase-probleme-cu-care-se-confrunta-comunitatea-valceana\/\">Deputatul Eugen Nea\u021b\u0103: \u201eA\u0219tept de la bugetul Rom\u00e2niei s\u0103 dea un semn c\u0103 este interesat de una dintre cele mai serioase probleme cu care se confrunt\u0103 comunitatea v\u00e2lcean\u0103\u201d<\/a><\/p>\n<\/article>\n<article id=\"latest-195946\" class=\"story post-195946 post type-post status-publish format-standard has-post-thumbnail hentry category-actualitate category-politica category-psd tag-autostrada-sibiu-pitesti-2 tag-deputat tag-drum-expres tag-eugen-neata\">\n<div class=\"photo\"><img decoding=\"async\" width=\"645\" height=\"440\" src=\"https:\/\/i0.wp.com\/www.curierul.ro\/wp-content\/uploads\/2026\/01\/neata-autostrada-e1768298477801.jpg?fit=300%2C293&amp;ssl=1\" class=\"attachment-giornalismo-single size-giornalismo-single wp-post-image\" alt loading=\"lazy\"><\/div>\n<p class=\"headline\"><a href=\"https:\/\/www.curierul.ro\/tema-pentru-2026-a-deputatului-eugen-neata-drumul-expres-spre-autostrada-sibiu-pitesti\/\">Tema pentru 2026 a deputatului Eugen Nea\u021b\u0103: Drumul Expres spre autostrada Sibiu-Pite\u0219ti<\/a><\/p>\n<\/article>\n<\/div>\n<\/section>\n<section class=\"latest-category clearfix\">\n<h2 class=\"title\">More Stories From Actualitate<\/h2>\n<div class=\"stories-container\">\n<article id=\"related-196630\" class=\"story post-196630 post type-post status-publish format-standard has-post-thumbnail hentry category-actualitate category-economie category-headlines category-politica tag-deputat tag-drum-expres tag-eugen-neata tag-rm-valcea-tigveni tag-urgenta-2\">\n<div class=\"photo\"><img decoding=\"async\" width=\"735\" height=\"440\" src=\"https:\/\/i0.wp.com\/www.curierul.ro\/wp-content\/uploads\/2026\/03\/neata_autostrada.jpg?fit=300%2C240&amp;ssl=1\" class=\"attachment-giornalismo-single size-giornalismo-single wp-post-image\" alt loading=\"lazy\"><\/div>\n<p class=\"headline\"><a href=\"https:\/\/www.curierul.ro\/deputat-eugen-neata-20-de-km-periculosi-epuizanti-spre-autostrada-drumul-expres-rm-valcea-tigveni-este-o-urgenta\/\">Deputat Eugen Nea\u021b\u0103: \u201e20 de km periculo\u0219i, epuizan\u021bi spre autostrad\u0103. Drumul Expres Rm. V\u00e2lcea\u00a0\u2013 Tigveni este o urgen\u021b\u0103!!!\u201d<\/a><\/p>\n<\/article>\n<article id=\"related-196608\" class=\"story post-196608 post type-post status-publish format-standard has-post-thumbnail hentry category-actualitate category-impact category-politica tag-fara-apa tag-firme tag-nordul-ramnicului-2\">\n<div class=\"photo\"><img decoding=\"async\" width=\"735\" height=\"440\" src=\"https:\/\/i0.wp.com\/www.curierul.ro\/wp-content\/uploads\/2023\/06\/se-opreste-apa-640x400-1.png?fit=300%2C174&amp;ssl=1\" class=\"attachment-giornalismo-single size-giornalismo-single wp-post-image\" alt loading=\"lazy\"><\/div>\n<p class=\"headline\"><a href=\"https:\/\/www.curierul.ro\/sapte-firme-mari-din-nordul-ramnicului-raman-fara-apa-cand-cat%f0%9f%91%87%f0%9f%8f%bb%f0%9f%91%87%f0%9f%8f%bb%f0%9f%91%87%f0%9f%8f%bb\/\">\u0218apte firme mari din Nordul R\u00e2mnicului r\u0103m\u00e2n f\u0103r\u0103 ap\u0103. C\u00e2nd, c\u00e2t?\ud83d\udc47\ud83c\udffb\ud83d\udc47\ud83c\udffb\ud83d\udc47\ud83c\udffb<\/a><\/p>\n<\/article>\n<article id=\"related-196598\" class=\"story post-196598 post type-post status-publish format-standard has-post-thumbnail hentry category-actualitate category-politica tag-primar-sardarescu tag-serviciul-public-salubrizare\">\n<div class=\"photo\"><img decoding=\"async\" width=\"735\" height=\"440\" src=\"https:\/\/i0.wp.com\/www.curierul.ro\/wp-content\/uploads\/2026\/03\/masina-gunoi-e1773131956571.jpg?fit=300%2C225&amp;ssl=1\" class=\"attachment-giornalismo-single size-giornalismo-single wp-post-image\" alt loading=\"lazy\"><\/div>\n<p class=\"headline\"><a href=\"https:\/\/www.curierul.ro\/serviciul-public-de-salubrizare-in-atentia-primarului-sardarescu\/\">Serviciul public de salubrizare, \u00een aten\u021bia primarului S\u0103rd\u0103rescu<\/a><\/p>\n<\/article>\n<\/div>\n<\/section>\n<section class=\"author-bio clearfix\">\n<div class=\"mug-shot\"><img decoding=\"async\" alt src=\"https:\/\/secure.gravatar.com\/avatar\/ae634844e12be63a4f063a6c7bef885da670fd420e0dedd39ed80eacd6e6979c?s=96&amp;d=mm&amp;r=g\" class=\"avatar avatar-96 photo\" height=\"96\" width=\"96\" loading=\"lazy\"><\/div>\n<div class=\"author-info\">\n<p class=\"title\">About Alin Emilian Tudoroiu, <\/p>\n<div class=\"author-social-area\"><a href=\"mailto:alintudoroiu@curierul.ro\"><span class=\"fal fa-envelope\"><span class=\"screen-reader-text\">Email the Author<\/span><\/span><\/a><\/div>\n<\/div>\n<\/section>\n<\/footer>\n<\/article>\n<article id=\"196625\" class=\"post-196625 post type-post status-publish format-standard has-post-thumbnail hentry category-actualitate category-economie category-politica tag-deputat tag-eugen-neata tag-investitii-2 tag-locuri-de-munca-2 tag-program tag-valcea-2\">\n<header class=\"post-header\">\n<ul class=\"breadcrumbs\">\n<li><a href=\"https:\/\/www.curierul.ro\">Home<\/a><\/li>\n<li class=\"breadcrumbs-active .category-actualitate\"><a href=\"https:\/\/www.curierul.ro\/index.php?cat=1615\">Actualitate<\/a><\/li>\n<li class=\"breadcrumbs-active .category-actualitate\">Deputatul Eugen Nea\u021b\u0103 reu\u0219e\u0219te s\u0103 includ\u0103 V\u00e2lcea \u00een programul pentru investi\u021bii \u0219i locuri de munc\u0103<\/li>\n<\/ul>\n<div class=\"featured-photo\"><img loading=\"lazy\" decoding=\"async\" width=\"1710\" height=\"1000\" src=\"https:\/\/i0.wp.com\/www.curierul.ro\/wp-content\/uploads\/2026\/03\/Neata_lege-e1773302023777.jpg?fit=300%2C175&amp;ssl=1\" class=\"attachment-single size-single wp-post-image\" alt><\/div>\n<h1 class=\"headline\">Deputatul Eugen Nea\u021b\u0103 reu\u0219e\u0219te s\u0103 includ\u0103 V\u00e2lcea \u00een programul pentru investi\u021bii \u0219i locuri de munc\u0103<\/h1>\n<p class=\"byline\">\n\t\tScris de<a href=\"https:\/\/www.curierul.ro\/author\/alin\/\">Alin Emilian Tudoroiu<\/a>, \t\t6 martie 2026\t\t\t\t<\/p>\n<hr>\n<\/header>\n<div class=\"xdj266r x14z9mp xat24cr x1lziwak x1vvkbs x126k92a\">\u00a0<\/div>\n<div class=\"x14z9mp xat24cr x1lziwak x1vvkbs xtlvy1s x126k92a\">\n<div dir=\"auto\">Recent, a ap\u0103rut pe traseul legislativ o lege de aprobare a unui Program pentru investi\u021bii \u0219i locuri de munc\u0103 \u00een c\u00e2teva jude\u021be din Rom\u00e2nia. \u00cen forma ini\u021bial\u0103 propus\u0103, printre acestea, jude\u021bul V\u00e2lcea nu era specificat. Iar dac\u0103 vorbim de ini\u021biative legislative, ne \u00eentoarcem instant cu privirea c\u0103tre forul legislativ al \u021b\u0103rii \u2013 Parlamentul, care este un produc\u0103tor de norme, care fac s\u0103 func\u021bioneze societatea rom\u00e2neasc\u0103. \u0218i aproape involuntar ne-am oprit la Deputatul v\u00e2lcean, Eugen Nea\u021b\u0103, cel care, urm\u0103rindu-i activit\u0103\u021bile din Parlament, am v\u0103zut c\u0103 a avut o reac\u021bie \u00een leg\u0103tur\u0103 cu aceast\u0103 ini\u021biativ\u0103. Imediat l\u0103murim despre ce este vorba\u2026 \u201e<em>Dup\u0103 ce am parcurs textul acestei legi, m-am \u00eentrebat \u2013 cum este \u0219i firesc \u2013 cu ce sunt acele jude\u021be mai \u00eendrept\u0103\u021bite dec\u00e2t altele s\u0103 figureze printre beneficiarii unui astfel de program. Astfel c\u0103, \u00eempreun\u0103 cu colegii Adrian Solomon, deputat de Vaslui \u0219i Marius Constantin Bud\u0103i, deputat de Boto\u0219ani, am formulat un amendament la aceast\u0103 ini\u021biativ\u0103 pentru a introduce printre jude\u021bele vizate de ini\u021biatori \u0219i pe cele pe care le reprezent\u0103m \u00een Parlamentul Rom\u00e2niei: V\u00e2lcea, Vaslui \u0219i Boto\u0219ani<\/em>.<\/div>\n<div dir=\"auto\">\u00a0<\/div>\n<div dir=\"auto\"><img loading=\"lazy\" decoding=\"async\" class=\"aligncenter wp-image-196628 size-full\" src=\"https:\/\/i0.wp.com\/www.curierul.ro\/wp-content\/uploads\/2026\/03\/Valcea-e1773302092332.jpg?fit=300%2C169&amp;ssl=1\" alt width=\"1920\" height=\"1080\"><br \/><em>Toate trei \u0219i fiecare \u00een parte func\u021bioneaz\u0103 \u00een limite economice \u0219i sociale care au nevoie de programe suport, cum este cel \u00een curs de legalizare \u00een parlament. \u0218i am adus \u0219i o serie de argumente \u00een favoarea ini\u021biativei noastre.<\/em><\/div>\n<div dir=\"auto\"><em>V\u00e2lcea este mai degrab\u0103 printre ultimele plasate economic \u0219i cunoa\u0219te un nivel al veniturilor salariale destul de sc\u0103zut. Vaslui, chiar mai jos dec\u00e2t at\u00e2t \u0219i Boto\u0219ani undeva \u00eentre ele. Este vorba despre jude\u021be care au cunoscut un declin industrial major dup\u0103 1989, cu consecin\u021be care s-au rostogolit \u00een sens negativ p\u00e2n\u0103 \u00een zilele noastre. Niciunul dintre aceste jude\u021be nu poate lipsi de pe o list\u0103 \u2013 oric\u00e2t de scurt\u0103 \u2013 a regiunilor care au \u00eenc\u0103 nevoie de un sprijin masiv al statului rom\u00e2n. \u00cen ceea ce m\u0103 prive\u0219te, \u0219tiu V\u00e2lcea de la un cap\u0103t la altul, pas cu pas. Cunosc \u00eendeaproape efortul pe care l-au f\u0103cut antreprenorii v\u00e2lceni pentru a construi o economie func\u021bional\u0103 \u0219i generoas\u0103 \u00een locuri de munc\u0103 pentru v\u00e2lceni. Reconversia profesional\u0103 a fost un fenomen complicat \u00eens\u0103. Mii \u0219i mii de oameni, care activau \u00een industrii disp\u0103rute \u00eentre timp, au traversat cu greu drumul c\u0103tre servicii \u0219i industrii noi al c\u0103ror loc pe pia\u021ba de desfacere s-a c\u00e2\u0219tigat cu pa\u0219i foarte mici. Cele aproape patru decenii care au trecut de la un sistem economic la cel de acum n-au condus \u0219i la nivelul de prosperitate pe care ni-l dorim. Este nevoie \u00eenc\u0103 de suportul statului rom\u00e2n pentru a continua cre\u0219terile lente la nivel economic \u0219i social. Capacit\u0103\u021bi economice mai multe \u0219i mai puternice, locuri de munc\u0103 pentru c\u00e2t mai mul\u021bi v\u00e2lceni la un nivel de venituri acoperitor pentru nivelul de via\u021b\u0103 al secolului \u00een care tr\u0103im\u201d<\/em>, a precizat deputatul social democrat, Eugen Nea\u021b\u0103.<\/div>\n<div dir=\"auto\">\u00a0<\/div>\n<\/div>\n<div class=\"sharedaddy sd-sharing-enabled\">\n<div class=\"robots-nocontent sd-block sd-social sd-social-official sd-sharing\">\n<h3 class=\"sd-title\">Distribuie pe:<\/h3>\n<div class=\"sd-content\">\n<ul>\n<li class=\"share-facebook\">\n<li class=\"share-twitter\"><a href=\"https:\/\/twitter.com\/share\" class=\"twitter-share-button\" data-url=\"https:\/\/www.curierul.ro\/deputatul-eugen-neata-reuseste-sa-includa-valcea-in-programul-pentru-investitii-si-locuri-de-munca\/\" data-text=\"Deputatul Eugen Nea\u021b\u0103 reu\u0219e\u0219te s\u0103 includ\u0103 V\u00e2lcea \u00een programul pentru investi\u021bii \u0219i locuri de munc\u0103\" data-via=\"curierulvl\">Tweet<\/a><\/li>\n<li class=\"share-jetpack-whatsapp\"><a rel=\"nofollow noopener noreferrer\" data-shared=\"sharing-whatsapp-196625\" class=\"share-jetpack-whatsapp sd-button\" href=\"https:\/\/www.curierul.ro\/deputatul-eugen-neata-reuseste-sa-includa-valcea-in-programul-pentru-investitii-si-locuri-de-munca\/?share=jetpack-whatsapp\" target=\"_blank\" aria-labelledby=\"sharing-whatsapp-196625\"><span id=\"sharing-whatsapp-196625\" hidden>Partajeaz\u0103 prin WhatsApp(Se deschide \u00eentr-o fereastr\u0103 nou\u0103)<\/span><span>WhatsApp<\/span><\/a><\/li>\n<li><a href=\"https:\/\/www.curierul.ro\/deputatul-eugen-neata-reuseste-sa-includa-valcea-in-programul-pentru-investitii-si-locuri-de-munca\/\" class=\"sharing-anchor sd-button share-more\"><span>Mai mult<\/span><\/a><\/li>\n<li class=\"share-end\"><\/ul>\n<div class=\"sharing-hidden\">\n<div class=\"inner\">\n<ul>\n<li class=\"share-email\"><a rel=\"nofollow noopener noreferrer\" data-shared=\"sharing-email-196625\" class=\"share-email sd-button\" href=\"mailto:?subject=%5BArticol%20partajat%5D%20Deputatul%20Eugen%20Nea%C8%9B%C4%83%20reu%C8%99e%C8%99te%20s%C4%83%20includ%C4%83%20V%C3%A2lcea%20%C3%AEn%20programul%20pentru%20investi%C8%9Bii%20%C8%99i%20locuri%20de%20munc%C4%83&amp;body=https%3A%2F%2Fwww.curierul.ro%2Fdeputatul-eugen-neata-reuseste-sa-includa-valcea-in-programul-pentru-investitii-si-locuri-de-munca%2F&amp;share=email\" target=\"_blank\" aria-labelledby=\"sharing-email-196625\" data-email-share-error-title=\"\u021ai-ai configurat emailul?\" data-email-share-error-text=\"Dac\u0103 ai probleme la partajarea prin email, probabil nu ai configurat emailul pentru navigator. Poate trebuie s\u0103 creezi singur un email nou.\" data-email-share-nonce=\"d7353b6d60\" data-email-share-track-url=\"https:\/\/www.curierul.ro\/deputatul-eugen-neata-reuseste-sa-includa-valcea-in-programul-pentru-investitii-si-locuri-de-munca\/?share=email\"><span id=\"sharing-email-196625\" hidden>Trimite unui prieten un email cu o leg\u0103tur\u0103(Se deschide \u00eentr-o fereastr\u0103 nou\u0103)<\/span><span>Email<\/span><\/a><\/li>\n<li class=\"share-print\"><a rel=\"nofollow noopener noreferrer\" data-shared=\"sharing-print-196625\" class=\"share-print sd-button\" href=\"https:\/\/www.curierul.ro\/deputatul-eugen-neata-reuseste-sa-includa-valcea-in-programul-pentru-investitii-si-locuri-de-munca\/#print?share=print\" target=\"_blank\" aria-labelledby=\"sharing-print-196625\"><span id=\"sharing-print-196625\" hidden>Imprimare(Se deschide \u00eentr-o fereastr\u0103 nou\u0103)<\/span><span>Imprimare<\/span><\/a><\/li>\n<li class=\"share-end\"><\/ul>\n<\/div>\n<\/div>\n<\/div>\n<\/div>\n<\/div>\n<div id=\"jp-relatedposts\" class=\"jp-relatedposts\">\n<h3 class=\"jp-relatedposts-headline\"><em>Similare<\/em><\/h3>\n<\/div>\n<footer class=\"post-footer\">\n<p class=\"tags\"><strong>Tags: <\/strong><a href=\"https:\/\/www.curierul.ro\/tag\/deputat\/\" rel=\"tag\">deputat<\/a>, <a href=\"https:\/\/www.curierul.ro\/tag\/eugen-neata\/\" rel=\"tag\">Eugen Nea\u021b\u0103<\/a>, <a href=\"https:\/\/www.curierul.ro\/tag\/investitii-2\/\" rel=\"tag\">investi\u021bii<\/a>, <a href=\"https:\/\/www.curierul.ro\/tag\/locuri-de-munca-2\/\" rel=\"tag\">locuri de munc\u0103<\/a>, <a href=\"https:\/\/www.curierul.ro\/tag\/program\/\" rel=\"tag\">program<\/a>, <a href=\"https:\/\/www.curierul.ro\/tag\/valcea-2\/\" rel=\"tag\">V\u00e2lcea<\/a><\/p>\n<div class=\"post-navigation clearfix\">\n<div class=\"previous-post\">\n<div class=\"featured-photo\"><img decoding=\"async\" width=\"895\" height=\"1066\" src=\"https:\/\/i0.wp.com\/www.curierul.ro\/wp-content\/uploads\/2026\/03\/IMG-20260219-WA0017.jpg?fit=252%2C300&amp;ssl=1\" class=\"attachment-post-thumbnail size-post-thumbnail wp-post-image\" alt loading=\"lazy\"><\/div>\n<p class=\"paginate-title\">\u00ab\u00ab <a href=\"https:\/\/www.curierul.ro\/politia-circulatie-se-inchide-vineri-si-sambata\/\" rel=\"prev\">Poli\u021bia Circula\u021biei se \u00eenchide vineri \u0219i s\u00e2mb\u0103t\u0103<\/a><\/p>\n<\/div>\n<div class=\"next-post\">\n<div class=\"featured-photo\"><img decoding=\"async\" width=\"1080\" height=\"1350\" src=\"https:\/\/i0.wp.com\/www.curierul.ro\/wp-content\/uploads\/2026\/03\/Valcea-Tg-Jiu.jpeg?fit=240%2C300&amp;ssl=1\" class=\"attachment-post-thumbnail size-post-thumbnail wp-post-image\" alt loading=\"lazy\"><\/div>\n<p class=\"paginate-title\"><a href=\"https:\/\/www.curierul.ro\/liga-3-seria-6in-zavoi-scm-ramnicu-valcea-csm-targu-jiu-la-ora-15\/\" rel=\"next\">LIGA 3, SERIA 6:<br \/>\u00ceN Z\u0102VOI, SCM R\u00c2MNICU V\u00c2LCEA \u2013 CSM T\u00c2RGU JIU LA ORA 15<\/a> \u00bb\u00bb<\/p>\n<\/div>\n<\/div>\n<div id=\"comments\" class=\"comments-area\">\n<div id=\"respond\" class=\"comment-respond\">\n<h3 id=\"reply-title\" class=\"comment-reply-title\">Po\u021bi comenta aici<small><a rel=\"nofollow\" id=\"cancel-comment-reply-link\" href=\"https:\/\/www.curierul.ro\/deputatul-eugen-neata-reuseste-sa-includa-valcea-in-programul-pentru-investitii-si-locuri-de-munca\/#respond\">Anuleaz\u0103 r\u0103spunsul<\/a><\/small><\/h3>\n<\/div>\n<p class=\"akismet_comment_form_privacy_notice\">Acest site folose\u0219te Akismet pentru a reduce spamul. <a href=\"https:\/\/akismet.com\/privacy\/\" target=\"_blank\" rel=\"nofollow noopener\">Afl\u0103 cum sunt procesate datele comentariilor tale<\/a>.<\/p>\n<\/div>\n<section class=\"related-stories\">\n<h2>Related Stories<\/h2>\n<div class=\"stories-container\">\n<article id=\"latest-196630\" class=\"story post-196630 post type-post status-publish format-standard has-post-thumbnail hentry category-actualitate category-economie category-headlines category-politica tag-deputat tag-drum-expres tag-eugen-neata tag-rm-valcea-tigveni tag-urgenta-2\">\n<div class=\"photo\"><img decoding=\"async\" width=\"735\" height=\"440\" src=\"https:\/\/i0.wp.com\/www.curierul.ro\/wp-content\/uploads\/2026\/03\/neata_autostrada.jpg?fit=300%2C240&amp;ssl=1\" class=\"attachment-giornalismo-single size-giornalismo-single wp-post-image\" alt loading=\"lazy\"><\/div>\n<p class=\"headline\"><a href=\"https:\/\/www.curierul.ro\/deputat-eugen-neata-20-de-km-periculosi-epuizanti-spre-autostrada-drumul-expres-rm-valcea-tigveni-este-o-urgenta\/\">Deputat Eugen Nea\u021b\u0103: \u201e20 de km periculo\u0219i, epuizan\u021bi spre autostrad\u0103. Drumul Expres Rm. V\u00e2lcea\u00a0\u2013 Tigveni este o urgen\u021b\u0103!!!\u201d<\/a><\/p>\n<\/article>\n<article id=\"latest-196282\" class=\"story post-196282 post type-post status-publish format-standard has-post-thumbnail hentry category-actualitate category-headlines category-politica category-psd tag-buget tag-comunitatea-valceana tag-deputat tag-eugen-neata tag-probleme tag-romania-2\">\n<div class=\"photo\"><img decoding=\"async\" width=\"720\" height=\"440\" src=\"https:\/\/i0.wp.com\/www.curierul.ro\/wp-content\/uploads\/2026\/02\/Neata_buget.jpg?fit=300%2C225&amp;ssl=1\" class=\"attachment-giornalismo-single size-giornalismo-single wp-post-image\" alt loading=\"lazy\"><\/div>\n<p class=\"headline\"><a href=\"https:\/\/www.curierul.ro\/deputatul-eugen-neata-astept-de-la-bugetul-romaniei-sa-dea-un-semn-ca-este-interesat-de-una-dintre-cele-mai-serioase-probleme-cu-care-se-confrunta-comunitatea-valceana\/\">Deputatul Eugen Nea\u021b\u0103: \u201eA\u0219tept de la bugetul Rom\u00e2niei s\u0103 dea un semn c\u0103 este interesat de una dintre cele mai serioase probleme cu care se confrunt\u0103 comunitatea v\u00e2lcean\u0103\u201d<\/a><\/p>\n<\/article>\n<article id=\"latest-195946\" class=\"story post-195946 post type-post status-publish format-standard has-post-thumbnail hentry category-actualitate category-politica category-psd tag-autostrada-sibiu-pitesti-2 tag-deputat tag-drum-expres tag-eugen-neata\">\n<div class=\"photo\"><img decoding=\"async\" width=\"645\" height=\"440\" src=\"https:\/\/i0.wp.com\/www.curierul.ro\/wp-content\/uploads\/2026\/01\/neata-autostrada-e1768298477801.jpg?fit=300%2C293&amp;ssl=1\" class=\"attachment-giornalismo-single size-giornalismo-single wp-post-image\" alt loading=\"lazy\"><\/div>\n<p class=\"headline\"><a href=\"https:\/\/www.curierul.ro\/tema-pentru-2026-a-deputatului-eugen-neata-drumul-expres-spre-autostrada-sibiu-pitesti\/\">Tema pentru 2026 a deputatului Eugen Nea\u021b\u0103: Drumul Expres spre autostrada Sibiu-Pite\u0219ti<\/a><\/p>\n<\/article>\n<\/div>\n<\/section>\n<section class=\"latest-category clearfix\">\n<h2 class=\"title\">More Stories From Actualitate<\/h2>\n<div class=\"stories-container\">\n<article id=\"related-196630\" class=\"story post-196630 post type-post status-publish format-standard has-post-thumbnail hentry category-actualitate category-economie category-headlines category-politica tag-deputat tag-drum-expres tag-eugen-neata tag-rm-valcea-tigveni tag-urgenta-2\">\n<div class=\"photo\"><img decoding=\"async\" width=\"735\" height=\"440\" src=\"https:\/\/i0.wp.com\/www.curierul.ro\/wp-content\/uploads\/2026\/03\/neata_autostrada.jpg?fit=300%2C240&amp;ssl=1\" class=\"attachment-giornalismo-single size-giornalismo-single wp-post-image\" alt loading=\"lazy\"><\/div>\n<p class=\"headline\"><a href=\"https:\/\/www.curierul.ro\/deputat-eugen-neata-20-de-km-periculosi-epuizanti-spre-autostrada-drumul-expres-rm-valcea-tigveni-este-o-urgenta\/\">Deputat Eugen Nea\u021b\u0103: \u201e20 de km periculo\u0219i, epuizan\u021bi spre autostrad\u0103. Drumul Expres Rm. V\u00e2lcea\u00a0\u2013 Tigveni este o urgen\u021b\u0103!!!\u201d<\/a><\/p>\n<\/article>\n<article id=\"related-196608\" class=\"story post-196608 post type-post status-publish format-standard has-post-thumbnail hentry category-actualitate category-impact category-politica tag-fara-apa tag-firme tag-nordul-ramnicului-2\">\n<div class=\"photo\"><img decoding=\"async\" width=\"735\" height=\"440\" src=\"https:\/\/i0.wp.com\/www.curierul.ro\/wp-content\/uploads\/2023\/06\/se-opreste-apa-640x400-1.png?fit=300%2C174&amp;ssl=1\" class=\"attachment-giornalismo-single size-giornalismo-single wp-post-image\" alt loading=\"lazy\"><\/div>\n<p class=\"headline\"><a href=\"https:\/\/www.curierul.ro\/sapte-firme-mari-din-nordul-ramnicului-raman-fara-apa-cand-cat%f0%9f%91%87%f0%9f%8f%bb%f0%9f%91%87%f0%9f%8f%bb%f0%9f%91%87%f0%9f%8f%bb\/\">\u0218apte firme mari din Nordul R\u00e2mnicului r\u0103m\u00e2n f\u0103r\u0103 ap\u0103. C\u00e2nd, c\u00e2t?\ud83d\udc47\ud83c\udffb\ud83d\udc47\ud83c\udffb\ud83d\udc47\ud83c\udffb<\/a><\/p>\n<\/article>\n<article id=\"related-196598\" class=\"story post-196598 post type-post status-publish format-standard has-post-thumbnail hentry category-actualitate category-politica tag-primar-sardarescu tag-serviciul-public-salubrizare\">\n<div class=\"photo\"><img decoding=\"async\" width=\"735\" height=\"440\" src=\"https:\/\/i0.wp.com\/www.curierul.ro\/wp-content\/uploads\/2026\/03\/masina-gunoi-e1773131956571.jpg?fit=300%2C225&amp;ssl=1\" class=\"attachment-giornalismo-single size-giornalismo-single wp-post-image\" alt loading=\"lazy\"><\/div>\n<p class=\"headline\"><a href=\"https:\/\/www.curierul.ro\/serviciul-public-de-salubrizare-in-atentia-primarului-sardarescu\/\">Serviciul public de salubrizare, \u00een aten\u021bia primarului S\u0103rd\u0103rescu<\/a><\/p>\n<\/article>\n<\/div>\n<\/section>\n<section class=\"author-bio clearfix\">\n<div class=\"mug-shot\"><img decoding=\"async\" alt src=\"https:\/\/secure.gravatar.com\/avatar\/ae634844e12be63a4f063a6c7bef885da670fd420e0dedd39ed80eacd6e6979c?s=96&amp;d=mm&amp;r=g\" class=\"avatar avatar-96 photo\" height=\"96\" width=\"96\" loading=\"lazy\"><\/div>\n<div class=\"author-info\">\n<p class=\"title\">About Alin Emilian Tudoroiu, <\/p>\n<div class=\"author-social-area\"><a href=\"mailto:alintudoroiu@curierul.ro\"><span class=\"fal fa-envelope\"><span class=\"screen-reader-text\">Email the Author<\/span><\/span><\/a><\/div>\n<\/div>\n<\/section>\n<\/footer>\n<\/article>\n<article id=\"latest-196630\" class=\"story post-196630 post type-post status-publish format-standard has-post-thumbnail hentry category-actualitate category-economie category-headlines category-politica tag-deputat tag-drum-expres tag-eugen-neata tag-rm-valcea-tigveni tag-urgenta-2\">\n<div class=\"photo\"><img decoding=\"async\" width=\"735\" height=\"440\" src=\"https:\/\/i0.wp.com\/www.curierul.ro\/wp-content\/uploads\/2026\/03\/neata_autostrada.jpg?fit=300%2C240&amp;ssl=1\" class=\"attachment-giornalismo-single size-giornalismo-single wp-post-image\" alt loading=\"lazy\"><\/div>\n<p class=\"headline\"><a href=\"https:\/\/www.curierul.ro\/deputat-eugen-neata-20-de-km-periculosi-epuizanti-spre-autostrada-drumul-expres-rm-valcea-tigveni-este-o-urgenta\/\">Deputat Eugen Nea\u021b\u0103: \u201e20 de km periculo\u0219i, epuizan\u021bi spre autostrad\u0103. Drumul Expres Rm. V\u00e2lcea\u00a0\u2013 Tigveni este o urgen\u021b\u0103!!!\u201d<\/a><\/p>\n<\/article>\n<article id=\"latest-196282\" class=\"story post-196282 post type-post status-publish format-standard has-post-thumbnail hentry category-actualitate category-headlines category-politica category-psd tag-buget tag-comunitatea-valceana tag-deputat tag-eugen-neata tag-probleme tag-romania-2\">\n<div class=\"photo\"><img decoding=\"async\" width=\"720\" height=\"440\" src=\"https:\/\/i0.wp.com\/www.curierul.ro\/wp-content\/uploads\/2026\/02\/Neata_buget.jpg?fit=300%2C225&amp;ssl=1\" class=\"attachment-giornalismo-single size-giornalismo-single wp-post-image\" alt loading=\"lazy\"><\/div>\n<p class=\"headline\"><a href=\"https:\/\/www.curierul.ro\/deputatul-eugen-neata-astept-de-la-bugetul-romaniei-sa-dea-un-semn-ca-este-interesat-de-una-dintre-cele-mai-serioase-probleme-cu-care-se-confrunta-comunitatea-valceana\/\">Deputatul Eugen Nea\u021b\u0103: \u201eA\u0219tept de la bugetul Rom\u00e2niei s\u0103 dea un semn c\u0103 este interesat de una dintre cele mai serioase probleme cu care se confrunt\u0103 comunitatea v\u00e2lcean\u0103\u201d<\/a><\/p>\n<\/article>\n<article id=\"latest-195946\" class=\"story post-195946 post type-post status-publish format-standard has-post-thumbnail hentry category-actualitate category-politica category-psd tag-autostrada-sibiu-pitesti-2 tag-deputat tag-drum-expres tag-eugen-neata\">\n<div class=\"photo\"><img decoding=\"async\" width=\"645\" height=\"440\" src=\"https:\/\/i0.wp.com\/www.curierul.ro\/wp-content\/uploads\/2026\/01\/neata-autostrada-e1768298477801.jpg?fit=300%2C293&amp;ssl=1\" class=\"attachment-giornalismo-single size-giornalismo-single wp-post-image\" alt loading=\"lazy\"><\/div>\n<p class=\"headline\"><a href=\"https:\/\/www.curierul.ro\/tema-pentru-2026-a-deputatului-eugen-neata-drumul-expres-spre-autostrada-sibiu-pitesti\/\">Tema pentru 2026 a deputatului Eugen Nea\u021b\u0103: Drumul Expres spre autostrada Sibiu-Pite\u0219ti<\/a><\/p>\n<\/article>\n<article id=\"related-196630\" class=\"story post-196630 post type-post status-publish format-standard has-post-thumbnail hentry category-actualitate category-economie category-headlines category-politica tag-deputat tag-drum-expres tag-eugen-neata tag-rm-valcea-tigveni tag-urgenta-2\">\n<div class=\"photo\"><img decoding=\"async\" width=\"735\" height=\"440\" src=\"https:\/\/i0.wp.com\/www.curierul.ro\/wp-content\/uploads\/2026\/03\/neata_autostrada.jpg?fit=300%2C240&amp;ssl=1\" class=\"attachment-giornalismo-single size-giornalismo-single wp-post-image\" alt loading=\"lazy\"><\/div>\n<p class=\"headline\"><a href=\"https:\/\/www.curierul.ro\/deputat-eugen-neata-20-de-km-periculosi-epuizanti-spre-autostrada-drumul-expres-rm-valcea-tigveni-este-o-urgenta\/\">Deputat Eugen Nea\u021b\u0103: \u201e20 de km periculo\u0219i, epuizan\u021bi spre autostrad\u0103. Drumul Expres Rm. V\u00e2lcea\u00a0\u2013 Tigveni este o urgen\u021b\u0103!!!\u201d<\/a><\/p>\n<\/article>\n<article id=\"related-196608\" class=\"story post-196608 post type-post status-publish format-standard has-post-thumbnail hentry category-actualitate category-impact category-politica tag-fara-apa tag-firme tag-nordul-ramnicului-2\">\n<div class=\"photo\"><img decoding=\"async\" width=\"735\" height=\"440\" src=\"https:\/\/i0.wp.com\/www.curierul.ro\/wp-content\/uploads\/2023\/06\/se-opreste-apa-640x400-1.png?fit=300%2C174&amp;ssl=1\" class=\"attachment-giornalismo-single size-giornalismo-single wp-post-image\" alt loading=\"lazy\"><\/div>\n<p class=\"headline\"><a href=\"https:\/\/www.curierul.ro\/sapte-firme-mari-din-nordul-ramnicului-raman-fara-apa-cand-cat%f0%9f%91%87%f0%9f%8f%bb%f0%9f%91%87%f0%9f%8f%bb%f0%9f%91%87%f0%9f%8f%bb\/\">\u0218apte firme mari din Nordul R\u00e2mnicului r\u0103m\u00e2n f\u0103r\u0103 ap\u0103. C\u00e2nd, c\u00e2t?\ud83d\udc47\ud83c\udffb\ud83d\udc47\ud83c\udffb\ud83d\udc47\ud83c\udffb<\/a><\/p>\n<\/article>\n<article id=\"related-196598\" class=\"story post-196598 post type-post status-publish format-standard has-post-thumbnail hentry category-actualitate category-politica tag-primar-sardarescu tag-serviciul-public-salubrizare\">\n<div class=\"photo\"><img decoding=\"async\" width=\"735\" height=\"440\" src=\"https:\/\/i0.wp.com\/www.curierul.ro\/wp-content\/uploads\/2026\/03\/masina-gunoi-e1773131956571.jpg?fit=300%2C225&amp;ssl=1\" class=\"attachment-giornalismo-single size-giornalismo-single wp-post-image\" alt loading=\"lazy\"><\/div>\n<p class=\"headline\"><a href=\"https:\/\/www.curierul.ro\/serviciul-public-de-salubrizare-in-atentia-primarului-sardarescu\/\">Serviciul public de salubrizare, \u00een aten\u021bia primarului S\u0103rd\u0103rescu<\/a><\/p>\n<\/article>\n<p>[analyse_source url=&#8221;https:\/\/www.curierul.ro\/deputatul-eugen-neata-reuseste-sa-includa-valcea-in-programul-pentru-investitii-si-locuri-de-munca\/&#8221;]<\/p>\n","protected":false},"excerpt":{"rendered":"<p>[analyse_image type=&#8221;featured&#8221; src=&#8221;https:\/\/www.curierul.ro\/wp-content\/uploads\/2026\/03\/Neata_lege-e1773302023777.jpghttps:\/\/i0.wp.com\/www.curierul.ro\/wp-content\/uploads\/2026\/03\/Neata_lege-e1773302023777.jpg?fit=1200%2C702&amp;ssl=1&#8243;] Home Actualitate Deputatul Eugen Nea\u021b\u0103 reu\u0219e\u0219te s\u0103 includ\u0103 V\u00e2lcea \u00een programul pentru investi\u021bii \u0219i locuri de munc\u0103 Deputatul Eugen Nea\u021b\u0103 reu\u0219e\u0219te s\u0103 includ\u0103 V\u00e2lcea \u00een programul pentru investi\u021bii \u0219i locuri de munc\u0103 Scris deAlin Emilian Tudoroiu, 6 martie 2026 \u00a0 Recent, a ap\u0103rut pe traseul legislativ o lege de aprobare a unui [&hellip;]<\/p>\n","protected":false},"author":1,"featured_media":0,"comment_status":"open","ping_status":"","sticky":false,"template":"","format":"standard","meta":{"footnotes":""},"categories":[89],"tags":[226,213],"class_list":["post-1827702","post","type-post","status-publish","format-standard","hentry","category-romania","tag-crawlmanager","tag-curierul-ro"],"_links":{"self":[{"href":"https:\/\/analyse.optim.biz\/index.php?rest_route=\/wp\/v2\/posts\/1827702","targetHints":{"allow":["GET"]}}],"collection":[{"href":"https:\/\/analyse.optim.biz\/index.php?rest_route=\/wp\/v2\/posts"}],"about":[{"href":"https:\/\/analyse.optim.biz\/index.php?rest_route=\/wp\/v2\/types\/post"}],"author":[{"embeddable":true,"href":"https:\/\/analyse.optim.biz\/index.php?rest_route=\/wp\/v2\/users\/1"}],"replies":[{"embeddable":true,"href":"https:\/\/analyse.optim.biz\/index.php?rest_route=%2Fwp%2Fv2%2Fcomments&post=1827702"}],"version-history":[{"count":0,"href":"https:\/\/analyse.optim.biz\/index.php?rest_route=\/wp\/v2\/posts\/1827702\/revisions"}],"wp:attachment":[{"href":"https:\/\/analyse.optim.biz\/index.php?rest_route=%2Fwp%2Fv2%2Fmedia&parent=1827702"}],"wp:term":[{"taxonomy":"category","embeddable":true,"href":"https:\/\/analyse.optim.biz\/index.php?rest_route=%2Fwp%2Fv2%2Fcategories&post=1827702"},{"taxonomy":"post_tag","embeddable":true,"href":"https:\/\/analyse.optim.biz\/index.php?rest_route=%2Fwp%2Fv2%2Ftags&post=1827702"}],"curies":[{"name":"wp","href":"https:\/\/api.w.org\/{rel}","templated":true}]}}