{"id":182759,"date":"2015-04-24T23:32:18","date_gmt":"2015-04-24T20:32:18","guid":{"rendered":"https:\/\/analyse.optim.biz\/?p=182759"},"modified":"2015-04-24T23:32:18","modified_gmt":"2015-04-24T20:32:18","slug":"doua-mesaje-diferite-ale-lui-klaus-iohannis-pentru-udmr-c-t-popescu-e-jale-mare-in-administratia-prezidentiala","status":"publish","type":"post","link":"https:\/\/analyse.optim.biz\/?p=182759","title":{"rendered":"Dou\u0103 mesaje diferite ale lui Klaus Iohannis pentru UDMR. C.T. Popescu: E jale mare \u00een Administra\u021bia Preziden\u021bial\u0103"},"content":{"rendered":"<div class=\"entry data-app-meta data-app-meta-article\" data-embed-base-url-canonical=\"https:\/\/www.digi24.ro\/embed\/stiri\/actualitate\/politica\/doua-mesaje-diferite-ale-lui-klaus-iohannis-pentru-udmr-c-t-popescu-e-jale-mare-in-administratia-prezidentiala-384427\">\n<p data-index=\"1\">\u00a0La congresul UDMR din 17 aprilie a ajuns un mesaj \u00een care pre\u0219edintele Klaus Iohannis milita, printre altele, pentru \u201ecre\u015fterea integrit\u0103\u0163ii \u00een politica rom\u00e2neasc\u0103, prin selectarea \u015fi promovarea de oameni care nu sunt corup\u0163i sau coruptibili\u201d.<\/p>\n<p data-index=\"2\">\u201eGrav este ce a ap\u0103rut dup\u0103 aceea, a ap\u0103rut varianta ini\u021bial\u0103 a comunicatului care a ajuns la pres\u0103, modificat\u0103 ulterior \u0219i trimis\u0103 sub o alt\u0103 form\u0103, f\u0103r\u0103 ni\u0219te paragrafe, la UDMR\u201d, a spus Cristian Tudor Popescu, \u00een \u201eJurnalul de Sear\u0103\u201d.<\/p>\n<p data-index=\"3\">\u201eDar iat\u0103 ce spuneau acele paragrafe \u0219i merit\u0103 s\u0103 le analiz\u0103m pu\u021bin: <em><strong>Exist\u0103 multe chestiuni r\u0103mase nerezolvate, deziderate ale minorit\u0103\u021bilor na\u021bionale privind respectarea efectiv\u0103 a drepturilor conferite de lege.<\/strong><\/em>\u00a0Despre ce \u021bar\u0103 vorbe\u0219te comunicatul Pre\u0219edin\u021biei? Unde suntem aici? \u00cen Rwanda, unde suntem? Cum adic\u0103? Unde sunt multe chestiuni r\u0103mase nerezolvate? Deziderate ale minorit\u0103\u021bilor privind respectarea efectiv\u0103 a drepturilor? P\u0103i, Rom\u00e2nia este probabil cea mai avansat\u0103 \u021bar\u0103 din Europa \u00een materie de respectare a drepturilor minorit\u0103\u021bilor. Avem legi foarte limpezi \u00een care, tocmai, se respect\u0103 cu sfin\u021benie, a\u0219 zice, drepturile minorit\u0103\u021bilor.<em><strong> Care sunt acele multe chestiuni nerezolvate? Cine este autorul acestei fraze puse \u00een comunicatul preziden\u021bial?<\/strong><\/em>\u201d, a ad\u0103ugat jurnalistul.<\/p>\n<p data-index=\"4\">Cristian Tudor Popescu a continuat s\u0103 citeze din varianta ini\u021bial\u0103 a mesajului:\u00a0<em><strong>\u201e(&#8230;)dar si nevoia de garan\u021bii mai bune pentru protejarea \u0219i promovarea identit\u0103\u021bii lor na\u021bionale&#8221;<\/strong><\/em>. \u201eVas\u0103zic\u0103 ungurii, c\u0103 despre ei este vorba, nu pot s\u0103 se exprime \u00een limba lor, s\u0103 aib\u0103 cultura lor, s\u0103 aib\u0103 literatur\u0103, muzic\u0103 \u00een \u021bara asta, ce doresc \u00een ceea ce prive\u0219te cultura maghiar\u0103? Autonomia cultural\u0103 e un bun c\u00e2\u0219tigat de mult timp. Cum pot s\u0103 apar\u0103 asemenea fraze \u00een comunicatul Pre\u0219edin\u021biei?\u201d, s-a \u00eentrebat C.T. Popescu.\u00a0<\/p>\n<p data-index=\"5\">Jurnalistul s-a referit \u0219i la o alt\u0103 fraz\u0103 din mesajul Administra\u021biei Preziden\u021biale. \u201e\u0218i asta e grav\u0103:<em><strong>\u00a0Dialogul \u0219i construc\u021bia pas cu pas \u00eempreun\u0103 cu liderii politici ai majorit\u0103\u021bii reprezint\u0103 singura solu\u021bie viabil\u0103. Doar a\u0219a putem evita calculele electoraliste sau discursurile pline de stereotipuri, cum se \u00eent\u00e2mpl\u0103 adesea atunci c\u00e2nd se discut\u0103 despre autonomie \u00een spa\u021biul public&#8221;<\/strong><\/em>.<\/p>\n<p data-index=\"6\">\u201eNu apar \u00een ce s-a trimis la UDMR aceste fragmente. Ele erau f\u0103cute, evident, din punct de vedere politic, s\u0103 fie pe placul UDMR. Dup\u0103 care s-a trezit, probabil, cineva din somnul cel de moarte, la Pre\u0219edin\u021bie, \u0219i a spus:<em><strong>\u00a0B\u0103i, ce face\u021bi acolo? Ce e prostia aia? Retrage\u021bi-o!<\/strong><\/em>\u00a0\u0218i a fost retras\u0103. Deci au existat ni\u0219te min\u021bi pl\u0103tite, \u00een calitate de consilieri acolo, care s\u0103 produc\u0103 aceast\u0103 fraz\u0103\u201d, a ad\u0103ugat Cristian Tudor Popescu.\u00a0<\/p>\n<p data-index=\"7\">Acesta s-a ar\u0103tat revoltat de faptul c\u0103 \u00een mesaj se vorbe\u0219te despre discu\u021bii privind autonomia. \u00a0\u201eDiscut\u0103m ce dori\u021bi, dar despre autonomia teritorial\u0103 neconstitu\u021bional\u0103 \u00een Rom\u00e2nia nu discut\u0103m. Niciun pas cu pas, niciun dialog, nicio construc\u021bie\u201d, a insistat Cristian Tudor Popescu.<\/p>\n<p data-index=\"8\">Jurnalistul s-a ar\u0103tat deranjat \u0219i de faptul c\u0103 \u00een versiunea ini\u021bial\u0103 a mesajului pre\u0219edintelui Klaus Iohannis se spune c\u0103 subiectele sensibile \u00een rela\u021biile dintre majoritate \u0219i minoritate trebuie discutate \u201ecu toate partidele politice care au un cuv\u00e2nt de spus \u00een politica rom\u00e2neasc\u0103\u201d.<\/p>\n<p data-index=\"9\"><strong>\u201eP\u0103i, de pild\u0103, cu Consiliul Secuiesc, cu partidele alea care sus\u021bin exact asta \u2013 autonomia teritorial\u0103. Cu domnul Tokes, cu cine s\u0103 discut\u0103m asta? Normal este s\u0103 discu\u021bi cu partidele parlamentare, alese de c\u0103tre cet\u0103\u021benii rom\u00e2ni \u0219i de c\u0103tre cet\u0103\u021benii rom\u00e2ni maghiari din \u021bara asta. Astea sunt formul\u0103ri de Administra\u021bie Preziden\u021bial\u0103. E jale mare acolo\u201d, a conchis jurnalistul.<\/strong><\/p>\n<p data-index=\"10\">Potrivit <strong><a href=\"http:\/\/www.hotnews.ro\/stiri-politic-19987324-pesedintele-klaus-iohannis-avut-doua-mesaje-pentru-congresul-udmr-unul-sters-pagina-administratiei-prezidentiale-altul-citit-consilier-cluj-care-este-diferenta-dintre-ele.htm\" target=\"_blank\" data-skip-linkfix=\"1\" rel=\"noopener\">hotnews.ro<\/a>, \u00a0<span>versiunea ini\u021bial\u0103 a mesajului preziden\u021bial <\/span>a ap\u0103rut, vinerea trecut\u0103, pentru scurt timp pe pagina Administra\u021biei Preziden\u021biale, dar a fost \u0219ters<\/strong>, dup\u0103 cum au descoperit jurnali\u0219tii de la<a href=\"http:\/\/itthon.transindex.ro\/?cikk=25112\" target=\"_blank\" data-skip-linkfix=\"1\" rel=\"noopener\"><strong> transindex.ro.<\/strong><\/a><\/p>\n<p data-index=\"11\"><strong>VERSIUNEA INI\u021aIAL\u0102 A COMUNICATULUI PREZIDEN\u021aIAL ESTE DISPONIBIL\u0102 <a href=\"http:\/\/www.scribd.com\/doc\/262709827\/iohannis-comunicat-initial\" target=\"_blank\" data-skip-linkfix=\"1\" rel=\"noopener\">AICI<\/a>.<\/strong><\/p>\n<\/div>\n<p> Source URL: https:\/\/www.digi24.ro\/stiri\/actualitate\/politica\/doua-mesaje-diferite-ale-lui-klaus-iohannis-pentru-udmr-c-t-popescu-e-jale-mare-in-administratia-prezidentiala-384427<\/p>\n","protected":false},"excerpt":{"rendered":"<p>\u00a0La congresul UDMR din 17 aprilie a ajuns un mesaj \u00een care pre\u0219edintele Klaus Iohannis milita, printre altele, pentru \u201ecre\u015fterea integrit\u0103\u0163ii \u00een politica rom\u00e2neasc\u0103, prin selectarea \u015fi promovarea de oameni care nu sunt corup\u0163i sau coruptibili\u201d. \u201eGrav este ce a ap\u0103rut dup\u0103 aceea, a ap\u0103rut varianta ini\u021bial\u0103 a comunicatului care a ajuns la pres\u0103, modificat\u0103 [&hellip;]<\/p>\n","protected":false},"author":1,"featured_media":182760,"comment_status":"open","ping_status":"","sticky":false,"template":"","format":"standard","meta":{"footnotes":""},"categories":[2],"tags":[11],"class_list":["post-182759","post","type-post","status-publish","format-standard","has-post-thumbnail","hentry","category-politics","tag-digi24"],"_links":{"self":[{"href":"https:\/\/analyse.optim.biz\/index.php?rest_route=\/wp\/v2\/posts\/182759","targetHints":{"allow":["GET"]}}],"collection":[{"href":"https:\/\/analyse.optim.biz\/index.php?rest_route=\/wp\/v2\/posts"}],"about":[{"href":"https:\/\/analyse.optim.biz\/index.php?rest_route=\/wp\/v2\/types\/post"}],"author":[{"embeddable":true,"href":"https:\/\/analyse.optim.biz\/index.php?rest_route=\/wp\/v2\/users\/1"}],"replies":[{"embeddable":true,"href":"https:\/\/analyse.optim.biz\/index.php?rest_route=%2Fwp%2Fv2%2Fcomments&post=182759"}],"version-history":[{"count":0,"href":"https:\/\/analyse.optim.biz\/index.php?rest_route=\/wp\/v2\/posts\/182759\/revisions"}],"wp:featuredmedia":[{"embeddable":true,"href":"https:\/\/analyse.optim.biz\/index.php?rest_route=\/wp\/v2\/media\/182760"}],"wp:attachment":[{"href":"https:\/\/analyse.optim.biz\/index.php?rest_route=%2Fwp%2Fv2%2Fmedia&parent=182759"}],"wp:term":[{"taxonomy":"category","embeddable":true,"href":"https:\/\/analyse.optim.biz\/index.php?rest_route=%2Fwp%2Fv2%2Fcategories&post=182759"},{"taxonomy":"post_tag","embeddable":true,"href":"https:\/\/analyse.optim.biz\/index.php?rest_route=%2Fwp%2Fv2%2Ftags&post=182759"}],"curies":[{"name":"wp","href":"https:\/\/api.w.org\/{rel}","templated":true}]}}