{"id":182748,"date":"2015-04-25T00:25:59","date_gmt":"2015-04-24T21:25:59","guid":{"rendered":"https:\/\/analyse.optim.biz\/?p=182748"},"modified":"2015-04-25T00:25:59","modified_gmt":"2015-04-24T21:25:59","slug":"cristian-tudor-popescu-domnul-iohannis-nu-comunica-nimic","status":"publish","type":"post","link":"https:\/\/analyse.optim.biz\/?p=182748","title":{"rendered":"Cristian Tudor Popescu: \u201eDomnul Iohannis nu comunic\u0103 nimic\u201d"},"content":{"rendered":"<div class=\"entry data-app-meta data-app-meta-article\" data-embed-base-url-canonical=\"https:\/\/www.digi24.ro\/embed\/stiri\/actualitate\/politica\/cristian-tudor-popescu-domnul-iohannis-nu-comunica-nimic-384433\">\n<p data-index=\"1\">\u201e<span>Domnul Iohannis, sigur c\u0103 este decent, e bine c\u0103 vorbe\u0219te civilizat \u0219i nu mult, dar asta nu \u00eenseamn\u0103 c\u0103 nu trebuie s\u0103 comunici. Nu \u00eenseamn\u0103 c\u0103 trebuie s\u0103 ne livrezi o nou\u0103 limb\u0103 de lemn. Mestec\u0103 tala\u0219 domnul Iohannis, asta face. Nu comunic\u0103 nimic. Din ultima ie\u0219ire de la Cotroceni, dumneavoastr\u0103, jurnali\u0219tii, nu putea\u021bi s\u0103 extrage\u021bi nimic\u201d, a apreciat jurnalistul.<\/span><\/p>\n<p data-index=\"2\">\u201e<span>Pre\u0219edintele nu trebuie s\u0103 fie expert in toate, nici m\u0103car nu trebuie s\u0103 fie mai instruit dec\u00e2t consilierii lui de la Cotroceni. El trebuie s\u0103 g\u0103seasca formulele pe care s\u0103 le comunice bine \u0219i care s\u0103 l\u0103mureasc\u0103 popula\u021bia\u201d, a ad\u0103ugat Cristian Tudor Popescu.\u00a0<\/span><\/p>\n<\/div>\n<p> Source URL: https:\/\/www.digi24.ro\/stiri\/actualitate\/politica\/cristian-tudor-popescu-domnul-iohannis-nu-comunica-nimic-384433<\/p>\n","protected":false},"excerpt":{"rendered":"<p>\u201eDomnul Iohannis, sigur c\u0103 este decent, e bine c\u0103 vorbe\u0219te civilizat \u0219i nu mult, dar asta nu \u00eenseamn\u0103 c\u0103 nu trebuie s\u0103 comunici. Nu \u00eenseamn\u0103 c\u0103 trebuie s\u0103 ne livrezi o nou\u0103 limb\u0103 de lemn. Mestec\u0103 tala\u0219 domnul Iohannis, asta face. Nu comunic\u0103 nimic. Din ultima ie\u0219ire de la Cotroceni, dumneavoastr\u0103, jurnali\u0219tii, nu putea\u021bi s\u0103 [&hellip;]<\/p>\n","protected":false},"author":1,"featured_media":182749,"comment_status":"open","ping_status":"","sticky":false,"template":"","format":"standard","meta":{"footnotes":""},"categories":[2],"tags":[11],"class_list":["post-182748","post","type-post","status-publish","format-standard","has-post-thumbnail","hentry","category-politics","tag-digi24"],"_links":{"self":[{"href":"https:\/\/analyse.optim.biz\/index.php?rest_route=\/wp\/v2\/posts\/182748","targetHints":{"allow":["GET"]}}],"collection":[{"href":"https:\/\/analyse.optim.biz\/index.php?rest_route=\/wp\/v2\/posts"}],"about":[{"href":"https:\/\/analyse.optim.biz\/index.php?rest_route=\/wp\/v2\/types\/post"}],"author":[{"embeddable":true,"href":"https:\/\/analyse.optim.biz\/index.php?rest_route=\/wp\/v2\/users\/1"}],"replies":[{"embeddable":true,"href":"https:\/\/analyse.optim.biz\/index.php?rest_route=%2Fwp%2Fv2%2Fcomments&post=182748"}],"version-history":[{"count":0,"href":"https:\/\/analyse.optim.biz\/index.php?rest_route=\/wp\/v2\/posts\/182748\/revisions"}],"wp:featuredmedia":[{"embeddable":true,"href":"https:\/\/analyse.optim.biz\/index.php?rest_route=\/wp\/v2\/media\/182749"}],"wp:attachment":[{"href":"https:\/\/analyse.optim.biz\/index.php?rest_route=%2Fwp%2Fv2%2Fmedia&parent=182748"}],"wp:term":[{"taxonomy":"category","embeddable":true,"href":"https:\/\/analyse.optim.biz\/index.php?rest_route=%2Fwp%2Fv2%2Fcategories&post=182748"},{"taxonomy":"post_tag","embeddable":true,"href":"https:\/\/analyse.optim.biz\/index.php?rest_route=%2Fwp%2Fv2%2Ftags&post=182748"}],"curies":[{"name":"wp","href":"https:\/\/api.w.org\/{rel}","templated":true}]}}