{"id":182746,"date":"2015-04-25T11:47:51","date_gmt":"2015-04-25T08:47:51","guid":{"rendered":"https:\/\/analyse.optim.biz\/?p=182746"},"modified":"2015-04-25T11:47:51","modified_gmt":"2015-04-25T08:47:51","slug":"presedintele-incurajeaza-mersul-cu-bicicleta","status":"publish","type":"post","link":"https:\/\/analyse.optim.biz\/?p=182746","title":{"rendered":"Pre\u0219edintele \u00eencurajeaz\u0103 mersul cu bicicleta"},"content":{"rendered":"<div class=\"entry data-app-meta data-app-meta-article\" data-embed-base-url-canonical=\"https:\/\/www.digi24.ro\/embed\/stiri\/actualitate\/politica\/presedintele-incurajeaza-mersul-cu-bicicleta-384466\">\n<div class=\"fb-post\">\n<div class=\"fb-xfbml-parse-ignore\">\n<blockquote cite=\"https:\/\/www.facebook.com\/klausiohannis\/posts\/820859621334624:0\">\n<p data-index=\"2\">Via\u021ba din marile ora\u0219e este de multe ori agitat\u0103 \u0219i aglomerat\u0103, iar \u00eembun\u0103t\u0103\u021birea calit\u0103\u021bii vie\u021bii trebuie s\u0103 reprezinte&#8230;<\/p>\n<p>Posted by <a href=\"https:\/\/www.facebook.com\/klausiohannis\" data-skip-linkfix=\"1\">Klaus Iohannis<\/a> on <a href=\"https:\/\/www.facebook.com\/klausiohannis\/posts\/820859621334624:0\" data-skip-linkfix=\"1\">Saturday, April 25, 2015<\/a><\/p><\/blockquote>\n<\/div>\n<\/div>\n<p data-index=\"3\">\u201e<span>Via\u021ba din marile ora\u0219e este de multe ori agitat\u0103 \u0219i aglomerat\u0103, iar \u00eembun\u0103t\u0103\u021birea calit\u0103\u021bii vie\u021bii trebuie s\u0103 reprezinte un obiectiv pe termen mediu \u0219i lung. Mersul cu bicicleta fie duminica \u00een parc sau \u00een fiecare diminea\u021b\u0103 spre serviciu ne men\u021bine s\u0103n\u0103to\u0219i, reduce traficul rutier \u0219i implicit poluarea. Sunt al\u0103turi de bicicli\u0219ti \u0219i \u00eendemn c\u00e2t mai multe persoane s\u0103 se deplaseze folosind bicicleta\u201d, este mesajul de ast\u0103zi de pe pagina de Facebook a pre\u0219edintelui.<\/span><\/p>\n<p data-index=\"4\">Klaus Iohannis este cunoscut ca fiind un pasionat al mersului pe dou\u0103 ro\u021bi. El a povestit c\u0103 de c\u00e2nd era copil p\u00e2n\u0103 la v\u00e2rsta de 30 de ani a mers numai pe biciclet\u0103.\u00a0<\/p>\n<\/div>\n<p> Source URL: https:\/\/www.digi24.ro\/stiri\/actualitate\/politica\/presedintele-incurajeaza-mersul-cu-bicicleta-384466<\/p>\n","protected":false},"excerpt":{"rendered":"<p>Via\u021ba din marile ora\u0219e este de multe ori agitat\u0103 \u0219i aglomerat\u0103, iar \u00eembun\u0103t\u0103\u021birea calit\u0103\u021bii vie\u021bii trebuie s\u0103 reprezinte&#8230; Posted by Klaus Iohannis on Saturday, April 25, 2015 \u201eVia\u021ba din marile ora\u0219e este de multe ori agitat\u0103 \u0219i aglomerat\u0103, iar \u00eembun\u0103t\u0103\u021birea calit\u0103\u021bii vie\u021bii trebuie s\u0103 reprezinte un obiectiv pe termen mediu \u0219i lung. Mersul cu bicicleta [&hellip;]<\/p>\n","protected":false},"author":1,"featured_media":182747,"comment_status":"open","ping_status":"","sticky":false,"template":"","format":"standard","meta":{"footnotes":""},"categories":[2],"tags":[11],"class_list":["post-182746","post","type-post","status-publish","format-standard","has-post-thumbnail","hentry","category-politics","tag-digi24"],"_links":{"self":[{"href":"https:\/\/analyse.optim.biz\/index.php?rest_route=\/wp\/v2\/posts\/182746","targetHints":{"allow":["GET"]}}],"collection":[{"href":"https:\/\/analyse.optim.biz\/index.php?rest_route=\/wp\/v2\/posts"}],"about":[{"href":"https:\/\/analyse.optim.biz\/index.php?rest_route=\/wp\/v2\/types\/post"}],"author":[{"embeddable":true,"href":"https:\/\/analyse.optim.biz\/index.php?rest_route=\/wp\/v2\/users\/1"}],"replies":[{"embeddable":true,"href":"https:\/\/analyse.optim.biz\/index.php?rest_route=%2Fwp%2Fv2%2Fcomments&post=182746"}],"version-history":[{"count":0,"href":"https:\/\/analyse.optim.biz\/index.php?rest_route=\/wp\/v2\/posts\/182746\/revisions"}],"wp:featuredmedia":[{"embeddable":true,"href":"https:\/\/analyse.optim.biz\/index.php?rest_route=\/wp\/v2\/media\/182747"}],"wp:attachment":[{"href":"https:\/\/analyse.optim.biz\/index.php?rest_route=%2Fwp%2Fv2%2Fmedia&parent=182746"}],"wp:term":[{"taxonomy":"category","embeddable":true,"href":"https:\/\/analyse.optim.biz\/index.php?rest_route=%2Fwp%2Fv2%2Fcategories&post=182746"},{"taxonomy":"post_tag","embeddable":true,"href":"https:\/\/analyse.optim.biz\/index.php?rest_route=%2Fwp%2Fv2%2Ftags&post=182746"}],"curies":[{"name":"wp","href":"https:\/\/api.w.org\/{rel}","templated":true}]}}