{"id":182718,"date":"2015-04-25T12:14:52","date_gmt":"2015-04-25T09:14:52","guid":{"rendered":"https:\/\/analyse.optim.biz\/?p=182718"},"modified":"2015-04-25T12:14:52","modified_gmt":"2015-04-25T09:14:52","slug":"presedintele-apce-cere-o-ancheta-serioasa-dupa-afirmatiile-lui-ion-iliescu-privind-inchisoarea-cia","status":"publish","type":"post","link":"https:\/\/analyse.optim.biz\/?p=182718","title":{"rendered":"Pre\u015fedintele APCE cere o anchet\u0103 serioas\u0103 dup\u0103 afirma\u0163iile lui Ion Iliescu privind \u00eenchisoarea CIA"},"content":{"rendered":"<div class=\"entry data-app-meta data-app-meta-article\" data-embed-base-url-canonical=\"https:\/\/www.digi24.ro\/embed\/stiri\/actualitate\/politica\/presedintele-apce-cere-o-ancheta-serioasa-dupa-afirmatiile-lui-ion-iliescu-privind-inchisoarea-cia-384468\">\n<p data-index=\"1\"><img decoding=\"async\" src=\"https:\/\/analyse.optim.biz\/wp-content\/uploads\/2024\/09\/pthhzwnjngm1zgm2mmfjmdc0mdy5yjyxzwrmm2qzmzmz-thumb_.jpg\" data-skip-htmlfix=\"1\" title=\"pthhzwnjngm1zgm2mmfjmdc0mdy5yjyxzwrmm2qzmzmz-thumb_\">\u00a0<\/p>\n<p data-index=\"2\">\u201e\u00centr-un interviu recent pentru Der Spiegel, fostul pre\u015fedinte rom\u00e2n\u00a0Ion Iliescu\u00a0a recunoscut c\u0103 \u015ftia despre un centru CIA \u00een Rom\u00e2nia, de\u015fi neag\u0103 c\u0103 \u015ftia ce se \u00eent\u00e2mpla acolo\u201d, a afirmat Anne Brasseur, pre\u015fedintele APCE, potrivit comunicatului publicat vineri seara pe site-ul organiza\u0163iei.<\/p>\n<p data-index=\"3\">\u00cen urma m\u0103rturisirii lui Iliescu, procurorii rom\u00e2ni trebuie s\u0103 efectueze o investiga\u0163ie serioas\u0103 asupra faptelor \u015fi s\u0103-i trag\u0103 la r\u0103spundere pe cei care au comis infrac\u0163iuni \u00een acest context, precizeaz\u0103 comunicatul.<\/p>\n<p data-index=\"4\">\u201e\u00cen 2006 \u015fi 2007, raportorul Adun\u0103rii privind zborurile \u015fi \u00eenchisorile secrete ale CIA Dick Marty a acuzat Rom\u00e2nia, al\u0103turi de Polonia, c\u0103 a g\u0103zduit centre secrete de deten\u0163ie folosite pentru torturarea suspec\u0163ilor \u00een cadrul a\u015fa-zisului r\u0103zboi \u00eempotriva terorismului\u201d, a ad\u0103ugat Brasseur.<\/p>\n<p data-index=\"5\">Rapoartele Marty au declan\u015fat un proces pe care senatorul Marty l-a denumit \u201edinamica adev\u0103rului\u201d, \u00een urma c\u0103ruia mai mul\u0163i informatori au f\u0103cut declara\u0163ii \u015fi care a condus la descoperirea unor \u00eenc\u0103lc\u0103ri ale Conven\u0163iei Europene privind Drepturile Omului de c\u0103tre Curtea de la Strasbourg, inclusiv sentin\u0163e recente \u00eempotriva Poloniei referitoare la o \u00eenchisoare secret\u0103 identificat\u0103 de senatorul Marty \u00een 2007, se mai arat\u0103 \u00een comunicat.<\/p>\n<p data-index=\"6\"><a href=\"https:\/\/www.digi24.ro\/Stiri\/Digi24\/Actualitate\/Stiri\/Ion+Iliescu+pentru+Der+Spiegel+Am+aprobat+un+sediu+CIA+in+Romani\" data-skip-linkfix=\"1\">Ion Iliescu a afirmat, \u00eentr-un interviu acordat Der Spiegel<\/a>, c\u0103\u00a0el a aprobat \u201e\u00een principiu\u201d, \u00een perioada 2002-2003, o solicitare a SUA privind crearea unui centru al CIA \u00een Rom\u00e2nia, f\u0103r\u0103 a \u015fti c\u0103 urma s\u0103 fie vorba de vreo unitate pentru deten\u0163ie, detaliile proiectului stabilindu-le Ioan Talpe\u015f, la acea vreme \u015fef al Administra\u0163iei preziden\u0163iale.<\/p>\n<h5><span>Citi\u021bi \u0219i<\/span><\/h5>\n<h5><a href=\"https:\/\/www.digi24.ro\/Stiri\/Digi24\/Actualitate\/Politica\/Cristian+Tudor+Popescu+despre+sediul+CIA+din+Romania+Ion+Iliescu\" data-skip-linkfix=\"1\"><span>Cristian Tudor Popescu, despre \u201esediul\u201d CIA din Rom\u00e2nia: Ion Iliescu \u015fi-a neglijat tratamentul cu Ginkgo Biloba<\/span><\/a><\/h5>\n<h5><a href=\"https:\/\/www.digi24.ro\/Stiri\/Digi24\/Actualitate\/Stiri\/George+Maior+Nu+s-au+aprobat+centre+speciale+CIA+in+Romania\" data-skip-linkfix=\"1\"><span>George Maior, dup\u0103 declara\u021biile lui Ion Iliescu: Nu s-au aprobat centre speciale CIA \u00een Rom\u00e2nia<\/span><\/a><\/h5>\n<\/div>\n<p> Source URL: https:\/\/www.digi24.ro\/stiri\/actualitate\/politica\/presedintele-apce-cere-o-ancheta-serioasa-dupa-afirmatiile-lui-ion-iliescu-privind-inchisoarea-cia-384468<\/p>\n","protected":false},"excerpt":{"rendered":"<p>\u00a0 \u201e\u00centr-un interviu recent pentru Der Spiegel, fostul pre\u015fedinte rom\u00e2n\u00a0Ion Iliescu\u00a0a recunoscut c\u0103 \u015ftia despre un centru CIA \u00een Rom\u00e2nia, de\u015fi neag\u0103 c\u0103 \u015ftia ce se \u00eent\u00e2mpla acolo\u201d, a afirmat Anne Brasseur, pre\u015fedintele APCE, potrivit comunicatului publicat vineri seara pe site-ul organiza\u0163iei. \u00cen urma m\u0103rturisirii lui Iliescu, procurorii rom\u00e2ni trebuie s\u0103 efectueze o investiga\u0163ie serioas\u0103 [&hellip;]<\/p>\n","protected":false},"author":1,"featured_media":182719,"comment_status":"open","ping_status":"","sticky":false,"template":"","format":"standard","meta":{"footnotes":""},"categories":[2],"tags":[11],"class_list":["post-182718","post","type-post","status-publish","format-standard","has-post-thumbnail","hentry","category-politics","tag-digi24"],"_links":{"self":[{"href":"https:\/\/analyse.optim.biz\/index.php?rest_route=\/wp\/v2\/posts\/182718","targetHints":{"allow":["GET"]}}],"collection":[{"href":"https:\/\/analyse.optim.biz\/index.php?rest_route=\/wp\/v2\/posts"}],"about":[{"href":"https:\/\/analyse.optim.biz\/index.php?rest_route=\/wp\/v2\/types\/post"}],"author":[{"embeddable":true,"href":"https:\/\/analyse.optim.biz\/index.php?rest_route=\/wp\/v2\/users\/1"}],"replies":[{"embeddable":true,"href":"https:\/\/analyse.optim.biz\/index.php?rest_route=%2Fwp%2Fv2%2Fcomments&post=182718"}],"version-history":[{"count":0,"href":"https:\/\/analyse.optim.biz\/index.php?rest_route=\/wp\/v2\/posts\/182718\/revisions"}],"wp:featuredmedia":[{"embeddable":true,"href":"https:\/\/analyse.optim.biz\/index.php?rest_route=\/wp\/v2\/media\/182719"}],"wp:attachment":[{"href":"https:\/\/analyse.optim.biz\/index.php?rest_route=%2Fwp%2Fv2%2Fmedia&parent=182718"}],"wp:term":[{"taxonomy":"category","embeddable":true,"href":"https:\/\/analyse.optim.biz\/index.php?rest_route=%2Fwp%2Fv2%2Fcategories&post=182718"},{"taxonomy":"post_tag","embeddable":true,"href":"https:\/\/analyse.optim.biz\/index.php?rest_route=%2Fwp%2Fv2%2Ftags&post=182718"}],"curies":[{"name":"wp","href":"https:\/\/api.w.org\/{rel}","templated":true}]}}