{"id":182715,"date":"2015-04-26T13:46:51","date_gmt":"2015-04-26T10:46:51","guid":{"rendered":"https:\/\/analyse.optim.biz\/?p=182715"},"modified":"2015-04-26T13:46:51","modified_gmt":"2015-04-26T10:46:51","slug":"klaus-iohannis-isi-exprima-compasiunea-fata-de-victimele-cutremurului-din-nepal","status":"publish","type":"post","link":"https:\/\/analyse.optim.biz\/?p=182715","title":{"rendered":"Klaus Iohannis \u00ee\u015fi exprim\u0103 compasiunea fa\u0163\u0103 de victimele cutremurului din Nepal"},"content":{"rendered":"<div class=\"entry data-app-meta data-app-meta-article\" data-embed-base-url-canonical=\"https:\/\/www.digi24.ro\/embed\/stiri\/actualitate\/politica\/klaus-iohannis-isi-exprima-compasiunea-fata-de-victimele-cutremurului-din-nepal-384606\">\n<p data-index=\"1\"><img decoding=\"async\" src=\"https:\/\/analyse.optim.biz\/wp-content\/uploads\/2024\/09\/ndu4nda2yzjmndy5ndkzmgq4yjbiyjjimtliodjkyg-thumb_.jpg\" data-skip-htmlfix=\"1\" title=\"ndu4nda2yzjmndy5ndkzmgq4yjbiyjjimtliodjkyg-thumb_\">\u00a0<\/p>\n<p data-index=\"2\">\u201e<span>\u00cemi exprim compasiunea \u015fi solidaritatea fa\u0163\u0103 de persoanele afectate de cutremurul din Nepal. \u00cen aceste momente de ad\u00e2nc\u0103 triste\u0163e, transmit sincere condolean\u0163e familiilor \u00eendurerate. Rom\u00e2nia se al\u0103tur\u0103 statelor lumii care \u015fi-au exprimat solidaritatea fa\u0163\u0103 de autorit\u0103\u0163ile din Nepal \u015fi din celelalte \u0163\u0103ri afectate\u201d, se arat\u0103 \u00eentr-un comunicat al Administra\u0163iei Preziden\u0163iale.<\/span><\/p>\n<p data-index=\"3\">La ora redact\u0103rii acestei \u0219tiri, <a href=\"https:\/\/www.digi24.ro\/Stiri\/Digi24\/Extern\/Stiri\/Cutremur+cu+magnitudinea+7+4+in+Nepal\" data-skip-linkfix=\"1\">num\u0103rul persoanelor decedate \u00een urma cutremurului este de peste 2.000<\/a>, iar peste 4.700 de persoane au fost r\u0103nite. <\/p>\n<p data-index=\"4\">Cutremurul cu magnitudinea 7,9, cel mai grav din Nepal din ultimii 81 de ani, a declan\u015fat o avalan\u015f\u0103 pe Muntele Everest, care a \u00eengropat par\u0163ial tab\u0103ra de baz\u0103 folosit\u0103 de alpini\u015ftii care urc\u0103 pe cel mai \u00eenalt v\u00e2rf din lume, la un an dup\u0103 ce o avalan\u015f\u0103 a provocat moartea a 16 ghizi nepalezi.<\/p>\n<p data-index=\"5\">Cadavrele a 17 alpini\u015fti au fost recuperate de pe Everest duminic\u0103, dar alte c\u00e2teva sute de persoane, multe dintre ele r\u0103nite, r\u0103m\u00e2n blocate pe munte.<\/p>\n<p data-index=\"6\">Niciun cet\u0103\u0163ean rom\u00e2n nu se afl\u0103 printre victimele seismului.<\/p>\n<\/div>\n<p> Source URL: https:\/\/www.digi24.ro\/stiri\/actualitate\/politica\/klaus-iohannis-isi-exprima-compasiunea-fata-de-victimele-cutremurului-din-nepal-384606<\/p>\n","protected":false},"excerpt":{"rendered":"<p>\u00a0 \u201e\u00cemi exprim compasiunea \u015fi solidaritatea fa\u0163\u0103 de persoanele afectate de cutremurul din Nepal. \u00cen aceste momente de ad\u00e2nc\u0103 triste\u0163e, transmit sincere condolean\u0163e familiilor \u00eendurerate. Rom\u00e2nia se al\u0103tur\u0103 statelor lumii care \u015fi-au exprimat solidaritatea fa\u0163\u0103 de autorit\u0103\u0163ile din Nepal \u015fi din celelalte \u0163\u0103ri afectate\u201d, se arat\u0103 \u00eentr-un comunicat al Administra\u0163iei Preziden\u0163iale. La ora redact\u0103rii acestei [&hellip;]<\/p>\n","protected":false},"author":1,"featured_media":182716,"comment_status":"open","ping_status":"","sticky":false,"template":"","format":"standard","meta":{"footnotes":""},"categories":[2],"tags":[11],"class_list":["post-182715","post","type-post","status-publish","format-standard","has-post-thumbnail","hentry","category-politics","tag-digi24"],"_links":{"self":[{"href":"https:\/\/analyse.optim.biz\/index.php?rest_route=\/wp\/v2\/posts\/182715","targetHints":{"allow":["GET"]}}],"collection":[{"href":"https:\/\/analyse.optim.biz\/index.php?rest_route=\/wp\/v2\/posts"}],"about":[{"href":"https:\/\/analyse.optim.biz\/index.php?rest_route=\/wp\/v2\/types\/post"}],"author":[{"embeddable":true,"href":"https:\/\/analyse.optim.biz\/index.php?rest_route=\/wp\/v2\/users\/1"}],"replies":[{"embeddable":true,"href":"https:\/\/analyse.optim.biz\/index.php?rest_route=%2Fwp%2Fv2%2Fcomments&post=182715"}],"version-history":[{"count":0,"href":"https:\/\/analyse.optim.biz\/index.php?rest_route=\/wp\/v2\/posts\/182715\/revisions"}],"wp:featuredmedia":[{"embeddable":true,"href":"https:\/\/analyse.optim.biz\/index.php?rest_route=\/wp\/v2\/media\/182716"}],"wp:attachment":[{"href":"https:\/\/analyse.optim.biz\/index.php?rest_route=%2Fwp%2Fv2%2Fmedia&parent=182715"}],"wp:term":[{"taxonomy":"category","embeddable":true,"href":"https:\/\/analyse.optim.biz\/index.php?rest_route=%2Fwp%2Fv2%2Fcategories&post=182715"},{"taxonomy":"post_tag","embeddable":true,"href":"https:\/\/analyse.optim.biz\/index.php?rest_route=%2Fwp%2Fv2%2Ftags&post=182715"}],"curies":[{"name":"wp","href":"https:\/\/api.w.org\/{rel}","templated":true}]}}