{"id":1826488,"date":"2026-03-14T12:01:59","date_gmt":"2026-03-14T09:01:59","guid":{"rendered":"https:\/\/analyse.optim.biz\/?p=1826488"},"modified":"2026-03-14T12:01:59","modified_gmt":"2026-03-14T09:01:59","slug":"vest-tanar-de-aproximativ-25-de-ani-mort-dupa-ce-a-cazut-de-pe-un-bloc-din-arad","status":"publish","type":"post","link":"https:\/\/analyse.optim.biz\/?p=1826488","title":{"rendered":"Vest: T\u00e2n\u0103r de aproximativ 25 de ani, mort dup\u0103 ce a c\u0103zut de pe un bloc din Arad"},"content":{"rendered":"<p>[analyse_image type=&#8221;featured&#8221; src=&#8221;http:\/\/www.banatulmeu.ro\/wp-content\/uploads\/2024\/05\/6ca95c10-30bc-497d-a018-bdaa7c524929.jpeg&#8221;]<\/p>\n<div class=\"post-content-bd\">\n<p>Un echipaj medical SMURD Terapie Intensiv\u0103 Mobil\u0103 din cadrul Deta\u0219amentului de Pompieri Arad a intervenit, s\u00e2mb\u0103t\u0103 \u00een jurul pr\u00e2nzului, pentru acordarea primului ajutor medical \u00een cazul unei persoane c\u0103zute de la \u00een\u0103l\u021bime, de pe un bloc din Arad, \u00een zona G\u0103rii.<\/p>\n<p>La sosirea echipajului de interven\u021bie, salvatorii au identificat o victim\u0103 care prezenta leziuni incompatibile cu via\u021ba. Potrivit ISU Arad, este vorba despre un t\u00e2n\u0103r \u00een v\u00e2rst\u0103 de aproximativ 25 de ani.<\/p>\n<p>Decesul a fost constatat de c\u0103tre echipajul medical aflat la fa\u021ba locului.<\/p>\n<p>Cazul a r\u0103mas \u00een aten\u021bia autorit\u0103\u021bilor abilitate, care urmeaz\u0103 s\u0103 efectueze cercet\u0103ri pentru a stabili \u00eemprejur\u0103rile \u00een care s-a produs incidentul.<\/p>\n<p>Poli\u021bi\u0219tii Biroului de Ordine Public\u0103 s-au deplasat s\u00e2mb\u0103t\u0103, \u00een jurul orei 11:45, \u00een P-\u021ba G\u0103rii, unde a fost sesizat faptul c\u0103 o persoan\u0103 este decedat\u0103.<\/p>\n<p>Echipajul medical de la fa\u021ba locului a constatat decesul, iar dup\u0103 efectuarea cercet\u0103rii la fa\u021ba locului s-a stabilit c\u0103 este vorba de un b\u0103rbat de 25-30 de ani, care ar fi c\u0103zut de pe un bloc.<\/p>\n<p>P\u00e2n\u0103 la aceast\u0103 or\u0103 nu a putut fi stabilit\u0103 identitatea persoanei decedate, urm\u00e2nd a fi f\u0103cute \u0219i alte investiga\u021bii \u0219i verific\u0103ri.<\/p>\n<p>Trupul ne\u00eensufle\u021bit a fost transportat la Serviciul Jude\u021bean de Medicin\u0103 Legal\u0103, pentru stabilirea identit\u0103\u021bii \u0219i cauzei decesului.<\/p>\n<p>Conform IPJ Arad, nu sunt indicii cu privire la s\u0103v\u00e2r\u0219irea unei fapte penale, fiind luat\u0103 \u00een calcul ipoteza sinuciderii.<\/p>\n<\/div>\n<p>[analyse_source url=&#8221;https:\/\/www.banatulmeu.ro\/vest-tanar-de-aproximativ-25-de-ani-mort-dupa-ce-a-cazut-de-pe-un-bloc-din-arad\/&#8221;]<\/p>\n","protected":false},"excerpt":{"rendered":"<p>[analyse_image type=&#8221;featured&#8221; src=&#8221;http:\/\/www.banatulmeu.ro\/wp-content\/uploads\/2024\/05\/6ca95c10-30bc-497d-a018-bdaa7c524929.jpeg&#8221;] Un echipaj medical SMURD Terapie Intensiv\u0103 Mobil\u0103 din cadrul Deta\u0219amentului de Pompieri Arad a intervenit, s\u00e2mb\u0103t\u0103 \u00een jurul pr\u00e2nzului, pentru acordarea primului ajutor medical \u00een cazul unei persoane c\u0103zute de la \u00een\u0103l\u021bime, de pe un bloc din Arad, \u00een zona G\u0103rii. La sosirea echipajului de interven\u021bie, salvatorii au identificat o victim\u0103 care [&hellip;]<\/p>\n","protected":false},"author":1,"featured_media":0,"comment_status":"open","ping_status":"","sticky":false,"template":"","format":"standard","meta":{"footnotes":""},"categories":[89],"tags":[204,226],"class_list":["post-1826488","post","type-post","status-publish","format-standard","hentry","category-romania","tag-banatulmeu-ro","tag-crawlmanager"],"_links":{"self":[{"href":"https:\/\/analyse.optim.biz\/index.php?rest_route=\/wp\/v2\/posts\/1826488","targetHints":{"allow":["GET"]}}],"collection":[{"href":"https:\/\/analyse.optim.biz\/index.php?rest_route=\/wp\/v2\/posts"}],"about":[{"href":"https:\/\/analyse.optim.biz\/index.php?rest_route=\/wp\/v2\/types\/post"}],"author":[{"embeddable":true,"href":"https:\/\/analyse.optim.biz\/index.php?rest_route=\/wp\/v2\/users\/1"}],"replies":[{"embeddable":true,"href":"https:\/\/analyse.optim.biz\/index.php?rest_route=%2Fwp%2Fv2%2Fcomments&post=1826488"}],"version-history":[{"count":0,"href":"https:\/\/analyse.optim.biz\/index.php?rest_route=\/wp\/v2\/posts\/1826488\/revisions"}],"wp:attachment":[{"href":"https:\/\/analyse.optim.biz\/index.php?rest_route=%2Fwp%2Fv2%2Fmedia&parent=1826488"}],"wp:term":[{"taxonomy":"category","embeddable":true,"href":"https:\/\/analyse.optim.biz\/index.php?rest_route=%2Fwp%2Fv2%2Fcategories&post=1826488"},{"taxonomy":"post_tag","embeddable":true,"href":"https:\/\/analyse.optim.biz\/index.php?rest_route=%2Fwp%2Fv2%2Ftags&post=1826488"}],"curies":[{"name":"wp","href":"https:\/\/api.w.org\/{rel}","templated":true}]}}