{"id":1826093,"date":"2026-03-13T08:22:55","date_gmt":"2026-03-13T05:22:55","guid":{"rendered":"https:\/\/analyse.optim.biz\/?p=1826093"},"modified":"2026-03-13T08:22:55","modified_gmt":"2026-03-13T05:22:55","slug":"gabriel-liiceanu-la-uvt-conferinta-in-cate-feluri-se-poate-muri-are-loc-saptamana-viitoare","status":"publish","type":"post","link":"https:\/\/analyse.optim.biz\/?p=1826093","title":{"rendered":"Gabriel Liiceanu, la UVT. Conferin\u021ba \u201e\u00cen c\u00e2te feluri se poate muri\u201d are loc s\u0103pt\u0103m\u00e2na viitoare"},"content":{"rendered":"<p>[analyse_image type=&#8221;featured&#8221; src=&#8221;https:\/\/gazetadinvest.ro\/wp-content\/uploads\/2026\/03\/uvt-3.jpg&#8221;]<\/p>\n<div class=\"td-post-content tagdiv-type\">\n<div class=\"td-post-featured-image\"><a href=\"https:\/\/gazetadinvest.ro\/wp-content\/uploads\/2026\/03\/uvt-3.jpg\" data-caption><img loading=\"lazy\" decoding=\"async\" width=\"696\" height=\"392\" class=\"entry-thumb td-modal-image\" src=\"https:\/\/gazetadinvest.ro\/wp-content\/uploads\/2026\/03\/uvt-3-696x392.jpg\" alt title=\"uvt\"><\/a><\/div>\n<table class=\"yiv0303420630r11-o\" role=\"presentation\" border=\"0\" width=\"100%\" cellspacing=\"0\" cellpadding=\"0\" align=\"left\">\n<tbody>\n<tr>\n<td class=\"yiv0303420630r13-i yiv0303420630nl2go-default-textstyle\" align=\"left\" valign=\"top\">\n<div>\n<p>\u00a0<\/p>\n<\/div>\n<\/td>\n<\/tr>\n<\/tbody>\n<\/table>\n<table class=\"yiv0303420630r11-o\" role=\"presentation\" border=\"0\" width=\"100%\" cellspacing=\"0\" cellpadding=\"0\" align=\"left\">\n<tbody>\n<tr>\n<td class=\"yiv0303420630r13-i yiv0303420630nl2go-default-textstyle\" align=\"left\" valign=\"top\">\n<div>\n<div id=\"yiv0303420630isPasted\">\n<div><strong><a href=\"https:\/\/r.newsletterdci.e-uvt.ro\/mk\/cl\/f\/sh\/7nVU1aA2nfsTSz8QSnhJKQCWTG15b1y\/UWvz_TkKXg9O\" target=\"_blank\" rel=\"nofollow noopener noreferrer\">Universitatea de Vest din Timi\u0219oara<\/a> (UVT) v\u0103 invit\u0103 joi, 19 martie 2026, \u00eencep\u00e2nd de la ora 18, la un nou eveniment din seria \u201eLa UVT, Cultura este Capital\u0103\u201d , av\u00e2ndu-l ca invitat pe Gabriel Liiceanu, unul dintre cei mai importan\u021bi filosofi \u0219i esei\u0219ti rom\u00e2ni contemporani.<\/strong><\/div>\n<\/div>\n<div>\n<div>\n<p>\u00a0<\/p>\n<p class=\"yiv0303420630default\">Evenimentul, intitulat \u201e\u00cen c\u00e2te feluri se poate muri\u201d, propune o reflec\u021bie asupra condi\u021biei umane, a sensului existen\u021bei \u0219i a modului \u00een care literatura \u0219i filosofia pot deschide noi perspective asupra marilor \u00eentreb\u0103ri ale vie\u021bii.<\/p>\n<p class=\"yiv0303420630default\">Dialogul, care va avea loc \u00een Aula Magna UVT, va fi moderat de Mircea Mih\u0103ie\u0219, \u00eentr-o conversa\u021bie care promite s\u0103 aduc\u0103 \u00een prim-plan idei, \u00eentreb\u0103ri \u0219i teme esen\u021biale ale culturii contemporane.<\/p>\n<p class=\"yiv0303420630default\">Rectorul UVT, prof.univ.dr. Marilen Gabriel Pirtea: \u201e<em>Filozof \u0219i profesor, scriitor \u0219i om de litere, traducator \u0219i clasicist, editor de marc\u0103 \u0219i intelectual implicat \u00een via\u021ba cet\u0103\u021bii \u00een toat\u0103 perioada de dezvoltare a societ\u0103\u021bii noastre democratice, Gabriel Liiceanu este o personalitate remarcabil\u0103 a societ\u0103\u021bii rom\u00e2ne\u0219ti contemporane. De peste zece ani, prestigiosul intelectual a fost oaspetele comunit\u0103\u021bii academice a UVT, \u00een cadrul conferin\u021belor \u0219i dezbaterilor deschise la care a participat, momente speciale \u00een care Aula Magna UVT a devenit agora ideilor noastre despre societate, educa\u021bie \u0219i implicare civic\u0103. V\u0103 a\u0219tept\u0103m la o nou\u0103 \u00eent\u00e2lnire cu Gabriel Liiceanu, la UVT.\u201d<\/em><\/p>\n<p class=\"yiv0303420630default\">Participarea se face pe baza complet\u0103rii formularului de \u00eenscriere, disponibil aici: <a href=\"https:\/\/r.newsletterdci.e-uvt.ro\/mk\/cl\/f\/sh\/7nVU1aA2nfuMSVdjRMvlMmWKdcVsKyU\/Tvm8T3VWAAmD\" target=\"_blank\" rel=\"nofollow noopener noreferrer\">https:\/\/forms.gle\/cMrAaJbbiSXPmys78<\/a><\/p>\n<\/div>\n<\/div>\n<\/div>\n<\/td>\n<\/tr>\n<\/tbody>\n<\/table>\n<\/div>\n<div class=\"td-post-content tagdiv-type\">\n<div class=\"td-post-featured-image\"><a href=\"https:\/\/gazetadinvest.ro\/wp-content\/uploads\/2026\/03\/uvt-3.jpg\" data-caption><img loading=\"lazy\" decoding=\"async\" width=\"696\" height=\"392\" class=\"entry-thumb td-modal-image\" src=\"https:\/\/gazetadinvest.ro\/wp-content\/uploads\/2026\/03\/uvt-3-696x392.jpg\" alt title=\"uvt\"><\/a><\/div>\n<table class=\"yiv0303420630r11-o\" role=\"presentation\" border=\"0\" width=\"100%\" cellspacing=\"0\" cellpadding=\"0\" align=\"left\">\n<tbody>\n<tr>\n<td class=\"yiv0303420630r13-i yiv0303420630nl2go-default-textstyle\" align=\"left\" valign=\"top\">\n<div>\n<p>\u00a0<\/p>\n<\/div>\n<\/td>\n<\/tr>\n<\/tbody>\n<\/table>\n<table class=\"yiv0303420630r11-o\" role=\"presentation\" border=\"0\" width=\"100%\" cellspacing=\"0\" cellpadding=\"0\" align=\"left\">\n<tbody>\n<tr>\n<td class=\"yiv0303420630r13-i yiv0303420630nl2go-default-textstyle\" align=\"left\" valign=\"top\">\n<div>\n<div id=\"yiv0303420630isPasted\">\n<div><strong><a href=\"https:\/\/r.newsletterdci.e-uvt.ro\/mk\/cl\/f\/sh\/7nVU1aA2nfsTSz8QSnhJKQCWTG15b1y\/UWvz_TkKXg9O\" target=\"_blank\" rel=\"nofollow noopener noreferrer\">Universitatea de Vest din Timi\u0219oara<\/a> (UVT) v\u0103 invit\u0103 joi, 19 martie 2026, \u00eencep\u00e2nd de la ora 18, la un nou eveniment din seria \u201eLa UVT, Cultura este Capital\u0103\u201d , av\u00e2ndu-l ca invitat pe Gabriel Liiceanu, unul dintre cei mai importan\u021bi filosofi \u0219i esei\u0219ti rom\u00e2ni contemporani.<\/strong><\/div>\n<\/div>\n<div>\n<div>\n<p>\u00a0<\/p>\n<p class=\"yiv0303420630default\">Evenimentul, intitulat \u201e\u00cen c\u00e2te feluri se poate muri\u201d, propune o reflec\u021bie asupra condi\u021biei umane, a sensului existen\u021bei \u0219i a modului \u00een care literatura \u0219i filosofia pot deschide noi perspective asupra marilor \u00eentreb\u0103ri ale vie\u021bii.<\/p>\n<p class=\"yiv0303420630default\">Dialogul, care va avea loc \u00een Aula Magna UVT, va fi moderat de Mircea Mih\u0103ie\u0219, \u00eentr-o conversa\u021bie care promite s\u0103 aduc\u0103 \u00een prim-plan idei, \u00eentreb\u0103ri \u0219i teme esen\u021biale ale culturii contemporane.<\/p>\n<p class=\"yiv0303420630default\">Rectorul UVT, prof.univ.dr. Marilen Gabriel Pirtea: \u201e<em>Filozof \u0219i profesor, scriitor \u0219i om de litere, traducator \u0219i clasicist, editor de marc\u0103 \u0219i intelectual implicat \u00een via\u021ba cet\u0103\u021bii \u00een toat\u0103 perioada de dezvoltare a societ\u0103\u021bii noastre democratice, Gabriel Liiceanu este o personalitate remarcabil\u0103 a societ\u0103\u021bii rom\u00e2ne\u0219ti contemporane. De peste zece ani, prestigiosul intelectual a fost oaspetele comunit\u0103\u021bii academice a UVT, \u00een cadrul conferin\u021belor \u0219i dezbaterilor deschise la care a participat, momente speciale \u00een care Aula Magna UVT a devenit agora ideilor noastre despre societate, educa\u021bie \u0219i implicare civic\u0103. V\u0103 a\u0219tept\u0103m la o nou\u0103 \u00eent\u00e2lnire cu Gabriel Liiceanu, la UVT.\u201d<\/em><\/p>\n<p class=\"yiv0303420630default\">Participarea se face pe baza complet\u0103rii formularului de \u00eenscriere, disponibil aici: <a href=\"https:\/\/r.newsletterdci.e-uvt.ro\/mk\/cl\/f\/sh\/7nVU1aA2nfuMSVdjRMvlMmWKdcVsKyU\/Tvm8T3VWAAmD\" target=\"_blank\" rel=\"nofollow noopener noreferrer\">https:\/\/forms.gle\/cMrAaJbbiSXPmys78<\/a><\/p>\n<\/div>\n<\/div>\n<\/div>\n<\/td>\n<\/tr>\n<\/tbody>\n<\/table>\n<\/div>\n<p>[analyse_source url=&#8221;https:\/\/gazetadinvest.ro\/gabriel-liiceanu-la-uvt-conferinta-in-cate-feluri-se-poate-muri-are-loc-saptamana-viitoare\/&#8221;]<\/p>\n","protected":false},"excerpt":{"rendered":"<p>[analyse_image type=&#8221;featured&#8221; src=&#8221;https:\/\/gazetadinvest.ro\/wp-content\/uploads\/2026\/03\/uvt-3.jpg&#8221;] \u00a0 Universitatea de Vest din Timi\u0219oara (UVT) v\u0103 invit\u0103 joi, 19 martie 2026, \u00eencep\u00e2nd de la ora 18, la un nou eveniment din seria \u201eLa UVT, Cultura este Capital\u0103\u201d , av\u00e2ndu-l ca invitat pe Gabriel Liiceanu, unul dintre cei mai importan\u021bi filosofi \u0219i esei\u0219ti rom\u00e2ni contemporani. \u00a0 Evenimentul, intitulat \u201e\u00cen c\u00e2te feluri [&hellip;]<\/p>\n","protected":false},"author":1,"featured_media":0,"comment_status":"open","ping_status":"","sticky":false,"template":"","format":"standard","meta":{"footnotes":""},"categories":[89],"tags":[226,203],"class_list":["post-1826093","post","type-post","status-publish","format-standard","hentry","category-romania","tag-crawlmanager","tag-gazetadinvest-ro"],"_links":{"self":[{"href":"https:\/\/analyse.optim.biz\/index.php?rest_route=\/wp\/v2\/posts\/1826093","targetHints":{"allow":["GET"]}}],"collection":[{"href":"https:\/\/analyse.optim.biz\/index.php?rest_route=\/wp\/v2\/posts"}],"about":[{"href":"https:\/\/analyse.optim.biz\/index.php?rest_route=\/wp\/v2\/types\/post"}],"author":[{"embeddable":true,"href":"https:\/\/analyse.optim.biz\/index.php?rest_route=\/wp\/v2\/users\/1"}],"replies":[{"embeddable":true,"href":"https:\/\/analyse.optim.biz\/index.php?rest_route=%2Fwp%2Fv2%2Fcomments&post=1826093"}],"version-history":[{"count":0,"href":"https:\/\/analyse.optim.biz\/index.php?rest_route=\/wp\/v2\/posts\/1826093\/revisions"}],"wp:attachment":[{"href":"https:\/\/analyse.optim.biz\/index.php?rest_route=%2Fwp%2Fv2%2Fmedia&parent=1826093"}],"wp:term":[{"taxonomy":"category","embeddable":true,"href":"https:\/\/analyse.optim.biz\/index.php?rest_route=%2Fwp%2Fv2%2Fcategories&post=1826093"},{"taxonomy":"post_tag","embeddable":true,"href":"https:\/\/analyse.optim.biz\/index.php?rest_route=%2Fwp%2Fv2%2Ftags&post=1826093"}],"curies":[{"name":"wp","href":"https:\/\/api.w.org\/{rel}","templated":true}]}}