{"id":182575,"date":"2015-04-28T09:22:15","date_gmt":"2015-04-28T06:22:15","guid":{"rendered":"https:\/\/analyse.optim.biz\/?p=182575"},"modified":"2015-04-28T09:22:15","modified_gmt":"2015-04-28T06:22:15","slug":"catalin-predoiu-ponta-a-facut-o-golanie-politica-doreste-sa-imprumute-smechereste-popularitatea-presedintelui","status":"publish","type":"post","link":"https:\/\/analyse.optim.biz\/?p=182575","title":{"rendered":"C\u0103t\u0103lin Predoiu: \u201ePonta a f\u0103cut o gol\u0103nie politic\u0103, dore\u0219te s\u0103 \u00eemprumute \u0219mechere\u0219te popularitatea pre\u0219edintelui\u201d"},"content":{"rendered":"<div class=\"entry data-app-meta data-app-meta-article\" data-embed-base-url-canonical=\"https:\/\/www.digi24.ro\/embed\/stiri\/actualitate\/politica\/catalin-predoiu-ponta-a-facut-o-golanie-politica-doreste-sa-imprumute-smechereste-popularitatea-presedintelui-385419\">\n<p data-index=\"1\"><img decoding=\"async\" src=\"https:\/\/analyse.optim.biz\/wp-content\/uploads\/2024\/09\/zdfjngq1nmjjzdjmnti1mmu2ogrkzgiymdrjmze2oa-thumb_.jpg\" data-skip-htmlfix=\"1\" title=\"zdfjngq1nmjjzdjmnti1mmu2ogrkzgiymdrjmze2oa-thumb_\"><\/p>\n<p data-index=\"2\"><span><em><strong>Foto: Mediafax<\/strong><\/em><\/span><\/p>\n<div class=\"fb-post\">\n<div class=\"fb-xfbml-parse-ignore\">\n<blockquote cite=\"https:\/\/www.facebook.com\/catalin.predoiu\/posts\/846743705399798:0\">\n<p data-index=\"4\">Premierul Rom\u00e2niei a jignit milioane de rom\u00e2ni folosind fotografia Pre\u015fedintelui Rom\u00e2niei \u00eentr-o manifestare politic\u0103 de&#8230;<\/p>\n<p>Posted by <a href=\"https:\/\/www.facebook.com\/catalin.predoiu\" data-skip-linkfix=\"1\">C\u0103t\u0103lin Predoiu<\/a> on <a href=\"https:\/\/www.facebook.com\/catalin.predoiu\/posts\/846743705399798:0\" data-skip-linkfix=\"1\">Monday, April 27, 2015<\/a><\/p><\/blockquote>\n<\/div>\n<\/div>\n<p data-index=\"5\">\u201e<strong>Premierul Rom\u00e2niei a jignit milioane de rom\u00e2ni folosind fotografia Pre\u015fedintelui Rom\u00e2niei \u00eentr-o manifestare politic\u0103 de prost gust.<\/strong> Voi evalua dac\u0103 Ponta nu a \u00eenc\u0103lcat cumva legea prin utilizarea f\u0103r\u0103 drept a imaginii Pre\u015fedintelui. <strong>\u00cen orice caz, e o gol\u0103nie politic\u0103 marc\u0103 \u00eenregistrat\u0103 Ponta, pentru c\u0103 dore\u015fte s\u0103 \u00eemprumute \u015fmechere\u015fte din popularitatea Pre\u015fedintelui care l-a \u00eenvins umilitor \u00een alegeri.<\/strong> Ponta a fost \u015fef al Corpului de Control al premierului N\u0103stase, ministru politic al Guvernului Boc 1, purt\u0103tor de cuv\u00e2nt al pre\u015fedintelui Senatului Mircea Geoan\u0103 \u015fi, \u00een fine, premier calificat drept \u201episicu\u0163\u201d de fostul Pre\u015fedinte B\u0103sescu, atunci c\u00e2nd l-a numit prima dat\u0103. Deci, exist\u0103 un fel de regim Ponta care a traversat regimurile N\u0103stase \u2013 B\u0103sescu. Barca lui a fost minciuna, v\u00e2slele lui au fost lingu\u015firea \u015fi umilin\u0163a. Iar cei trei oameni politici care l-au promovat \u00ee\u015fi pot aminti cuvintele lui Nicolae Iorga: \u201elingu\u015firea este plata anticipat\u0103 a tr\u0103d\u0103rii\u201d. Mai grav este c\u0103 Ponta este o problem\u0103 pentru Rom\u00e2nia\u201d, a scris C\u0103t\u0103lin Predoiu pe Facebook.<\/p>\n<div class=\"fb-post\">\n<div class=\"fb-xfbml-parse-ignore\">\n<blockquote cite=\"https:\/\/www.facebook.com\/victor.ponta\/posts\/947375048635716\">\n<p data-index=\"7\">Mi-am permis s\u0103 fac \u0219i dou\u0103 slideuri pu\u021bin mai glume\u021be!1. Uniunea Social Liberala a promis premier de la PSD \u0219i pre\u0219&#8230;<\/p>\n<p>Posted by <a href=\"https:\/\/www.facebook.com\/victor.ponta\" data-skip-linkfix=\"1\">Victor Ponta<\/a> on <a href=\"https:\/\/www.facebook.com\/victor.ponta\/posts\/947375048635716\" data-skip-linkfix=\"1\">Monday, April 27, 2015<\/a><\/p><\/blockquote>\n<\/div>\n<\/div>\n<p data-index=\"8\">\u201eMi-am permis s\u0103 fac \u0219i dou\u0103 slide-uri pu\u021bin mai glume\u021be!\u00a01.\u00a0Uniunea Social Liberal\u0103 a promis premier de la PSD \u0219i pre\u0219edinte de la PNL \u0219i ne-am \u021binut de cuv\u00e2nt!\u00a02. Am promis \u201eB\u0103sescu \u0219i Udrea la \u00eenchisoare\u201d. Par\u021bial realizat!\u201d, este <a href=\"https:\/\/www.digi24.ro\/Stiri\/Digi24\/Actualitate\/Politica\/Victor+Ponta+mesaj+glumet+pe+Facebook\" target=\"_blank\" data-skip-linkfix=\"1\" rel=\"noopener\">mesajul care a provocat reac\u021bia dur\u0103<\/a> a prim-vicepre\u0219edintelui PNL.<\/p>\n<\/div>\n<p> Source URL: https:\/\/www.digi24.ro\/stiri\/actualitate\/politica\/catalin-predoiu-ponta-a-facut-o-golanie-politica-doreste-sa-imprumute-smechereste-popularitatea-presedintelui-385419<\/p>\n","protected":false},"excerpt":{"rendered":"<p>Foto: Mediafax Premierul Rom\u00e2niei a jignit milioane de rom\u00e2ni folosind fotografia Pre\u015fedintelui Rom\u00e2niei \u00eentr-o manifestare politic\u0103 de&#8230; Posted by C\u0103t\u0103lin Predoiu on Monday, April 27, 2015 \u201ePremierul Rom\u00e2niei a jignit milioane de rom\u00e2ni folosind fotografia Pre\u015fedintelui Rom\u00e2niei \u00eentr-o manifestare politic\u0103 de prost gust. Voi evalua dac\u0103 Ponta nu a \u00eenc\u0103lcat cumva legea prin utilizarea f\u0103r\u0103 [&hellip;]<\/p>\n","protected":false},"author":1,"featured_media":182576,"comment_status":"open","ping_status":"","sticky":false,"template":"","format":"standard","meta":{"footnotes":""},"categories":[2],"tags":[11],"class_list":["post-182575","post","type-post","status-publish","format-standard","has-post-thumbnail","hentry","category-politics","tag-digi24"],"_links":{"self":[{"href":"https:\/\/analyse.optim.biz\/index.php?rest_route=\/wp\/v2\/posts\/182575","targetHints":{"allow":["GET"]}}],"collection":[{"href":"https:\/\/analyse.optim.biz\/index.php?rest_route=\/wp\/v2\/posts"}],"about":[{"href":"https:\/\/analyse.optim.biz\/index.php?rest_route=\/wp\/v2\/types\/post"}],"author":[{"embeddable":true,"href":"https:\/\/analyse.optim.biz\/index.php?rest_route=\/wp\/v2\/users\/1"}],"replies":[{"embeddable":true,"href":"https:\/\/analyse.optim.biz\/index.php?rest_route=%2Fwp%2Fv2%2Fcomments&post=182575"}],"version-history":[{"count":0,"href":"https:\/\/analyse.optim.biz\/index.php?rest_route=\/wp\/v2\/posts\/182575\/revisions"}],"wp:featuredmedia":[{"embeddable":true,"href":"https:\/\/analyse.optim.biz\/index.php?rest_route=\/wp\/v2\/media\/182576"}],"wp:attachment":[{"href":"https:\/\/analyse.optim.biz\/index.php?rest_route=%2Fwp%2Fv2%2Fmedia&parent=182575"}],"wp:term":[{"taxonomy":"category","embeddable":true,"href":"https:\/\/analyse.optim.biz\/index.php?rest_route=%2Fwp%2Fv2%2Fcategories&post=182575"},{"taxonomy":"post_tag","embeddable":true,"href":"https:\/\/analyse.optim.biz\/index.php?rest_route=%2Fwp%2Fv2%2Ftags&post=182575"}],"curies":[{"name":"wp","href":"https:\/\/api.w.org\/{rel}","templated":true}]}}