{"id":182572,"date":"2015-04-28T16:26:24","date_gmt":"2015-04-28T13:26:24","guid":{"rendered":"https:\/\/analyse.optim.biz\/?p=182572"},"modified":"2015-04-28T16:26:24","modified_gmt":"2015-04-28T13:26:24","slug":"comisia-pentru-agricultura-a-camerei-deputatilor-de-acord-cu-folosirea-animalelor-salbatice-in-circuri","status":"publish","type":"post","link":"https:\/\/analyse.optim.biz\/?p=182572","title":{"rendered":"Comisia pentru agricultur\u0103 a Camerei Deputa\u0163ilor, de acord cu folosirea animalelor s\u0103lbatice \u00een circuri"},"content":{"rendered":"<div class=\"entry data-app-meta data-app-meta-article\" data-embed-base-url-canonical=\"https:\/\/www.digi24.ro\/embed\/stiri\/actualitate\/politica\/comisia-pentru-agricultura-a-camerei-deputatilor-de-acord-cu-folosirea-animalelor-salbatice-in-circuri-385639\">\n<p data-index=\"1\"><img decoding=\"async\" src=\"https:\/\/analyse.optim.biz\/wp-content\/uploads\/2024\/09\/otc3nziyy2e4nmuzyjc0yza4mdhhymjintq-thumb_.jpg\" data-skip-htmlfix=\"1\" title=\"otc3nziyy2e4nmuzyjc0yza4mdhhymjintq-thumb_\"><\/p>\n<p data-index=\"2\"><span><em>Deputa\u0163ii consider\u0103 c\u0103 men\u0163inerea animalelor s\u0103lbatice \u00een circuri este educativ\u0103 pentru copii. FOTO: circulglobus.ro<\/em><\/span><\/p>\n<p data-index=\"3\">Comisia pentru agricultur\u0103 din Camera Deputa\u0163ilor a respins propunerea legislativ\u0103 care propune ca \u00een circurile din Rom\u00e2nia s\u0103 nu mai poat\u0103 s\u0103 fie folosite animale s\u0103lbatice fie n\u0103scute \u00een s\u0103lb\u0103ticie, fie n\u0103scute \u00een captivitate. Proiectul urmeaz\u0103 s\u0103 intre \u00een dezbaterea plenului.<\/p>\n<p data-index=\"4\"><strong>Remus Cernea a spus c\u0103 proiectul de lege este \u201emoral\u201d, animalele s\u0103lbatice fiind torturate pentru a \u00eenv\u0103\u0163a s\u0103 fac\u0103 numere de circ.<\/strong><\/p>\n<p data-index=\"5\">\u201e<em>Este o lege moral\u0103, care are leg\u0103tur\u0103 cu chinuirea unor animale, care sunt \u00eenfometate, sunt supuse la electro\u015focuri, sunt torturate \u00een diverse alte forme doar pentru a \u00eenv\u0103\u0163a s\u0103 fac\u0103 ni\u015fte numere de circ. Acele numere de circ sunt rezultatul unei suferin\u0163e cumplite, numeroase specii ajung \u00een aceste re\u0163ele de circuri \u015fi sunt victimele unei torturi pe parcursul \u00eentregii vie\u0163i<\/em>\u201d, a ar\u0103tat <strong>Remus Cernea.<\/strong><\/p>\n<p data-index=\"6\"><strong>Reprezentantul Grupului social pentru ap\u0103rarea drepturilor animalelor, Andra D\u0103d\u0103u, a sus\u0163inut acest proiect, ar\u0103t\u00e2nd c\u0103 Rom\u00e2nia a semnat \u00eenc\u0103 din 1992 o declara\u0163ie universal\u0103 a drepturilor animalelor, care trebuie respectat\u0103.<\/strong><\/p>\n<p data-index=\"7\"><strong>Deputatul PNL Stelian Dolha a sus\u0163inut, \u00eens\u0103, c\u0103 foarte mul\u0163i copii de la \u0163ar\u0103 nu au alt\u0103 posibilitate de a vedea animalele s\u0103lbatice dec\u00e2t la circ.<\/strong><\/p>\n<p data-index=\"8\">\u201eSunt foarte mul\u0163i copii de la \u0163ar\u0103 care v\u0103d animalele s\u0103lbatice doar acolo, pentru c\u0103 nu au alt\u0103 posibilitate \u015fi abia a\u015fteapt\u0103 s\u0103 vin\u0103 circul la ora\u015f ca s\u0103 ajung\u0103 s\u0103 vad\u0103 animalele, s\u0103 vad\u0103 \u015fi lei, \u015fi tigri, \u015fi elefan\u0163i. Eu m\u0103 \u00eentreb atunci, ca \u015fi \u0163ar\u0103, ca \u015fi neam, ce punem \u00een loc? Ar trebui s\u0103 facem, poate, ca \u00een alte \u0163\u0103ri occidentale civilizate, s\u0103 avem gr\u0103dini zoologice \u00een care ace\u015fti copii s\u0103 vad\u0103 animalele respective. Copiii trebuie s\u0103 cunoasc\u0103 aceste animale s\u0103lbatice \u015fi trebuie s\u0103 punem ceva \u00een loc. Lu\u0103m \u015fi z\u00e2mbetele copiilor \u015fi asta este trist\u201d, a ad\u0103ugat Stelian Dolha.<\/p>\n<p data-index=\"9\"><strong>Deputatul PNL Tinel Gheorghe a spus \u015fi el c\u0103 lumea circului are un caracter educativ.<\/strong> &#8220;Ar trebui g\u00e2ndit\u0103 \u015fi partea asta educativ\u0103, partea de divertisment cu partea asta de protec\u0163ie a animalelor&#8221;, a spus Tinel Gheorghe.<\/p>\n<p data-index=\"10\"><strong>Deputatul PSD Zisu Stanciu a ar\u0103tat c\u0103 Remus Cernea risc\u0103 s\u0103-\u015fi fac\u0103 du\u015fmani to\u0163i copiii \u015fi c\u0103 interzicerea animalelor \u00een circuri ar fi o imens\u0103 gre\u015feal\u0103.<\/strong><\/p>\n<p data-index=\"11\">&#8220;Eu zic c\u0103 domnul Cernea risc\u0103 s\u0103 intre \u00eentr-o zon\u0103 extrem de sensibil\u0103 \u015fi s\u0103 \u00ee\u015fi fac\u0103 du\u015fmani to\u0163i copiii Rom\u00e2niei. Interzicerea animalelor \u00een circuri eu zic c\u0103 este o imens\u0103 gre\u015feal\u0103. Eu zic c\u0103 mai important este s\u0103 ne aplec\u0103m asupra condi\u0163iilor de p\u0103strare, de deten\u0163ie, a acestor animale, s\u0103 le \u00eembun\u0103t\u0103\u0163im spa\u0163iul \u015fi hrana, metodele de dresaj\u201d, a ad\u0103ugat Zisu Stanciu.<\/p>\n<p data-index=\"12\"><strong>Deputatul UDMR Kelemen Atilla a sus\u0163inut, \u00een schimb, c\u0103 ar fi o diferen\u0163iere \u00eentre animalele s\u0103lbatice \u015fi cele domestice, \u00eentreb\u00e2nd de ce c\u00e2inii \u015fi anumite p\u0103s\u0103ri s\u0103 fie chinuite.<\/strong><\/p>\n<p data-index=\"13\">\u201eSunt pentru protejarea animalelor de cruzimi, atunci, \u00een schimb, nu \u00een\u0163eleg aceast\u0103 diferen\u0163iere. Dup\u0103 acest proiect, c\u00e2inii \u015fi anumite p\u0103s\u0103ri pot fi chinuite, ei pot s\u0103 fie figuran\u0163i \u00een continuare \u00een circuri. Deci tot ce se face \u00een circuri se va face cu c\u00e2ini \u015fi anumite specii de p\u0103s\u0103ri. Trebuie spus \u00een aceast\u0103 lege c\u0103 vrem s\u0103 protej\u0103m orice animal de aceste cruzimi. A\u015f dori foarte tare ca nici caii, nici c\u00e2inii s\u0103 nu fie figuran\u0163i \u00een circuri\u201d, a men\u0163ionat deputatul UDMR.<\/p>\n<p data-index=\"14\"><strong>Proiectul a fost respins anterior de Senat.<\/strong><\/p>\n<\/div>\n<p> Source URL: https:\/\/www.digi24.ro\/stiri\/actualitate\/politica\/comisia-pentru-agricultura-a-camerei-deputatilor-de-acord-cu-folosirea-animalelor-salbatice-in-circuri-385639<\/p>\n","protected":false},"excerpt":{"rendered":"<p>Deputa\u0163ii consider\u0103 c\u0103 men\u0163inerea animalelor s\u0103lbatice \u00een circuri este educativ\u0103 pentru copii. FOTO: circulglobus.ro Comisia pentru agricultur\u0103 din Camera Deputa\u0163ilor a respins propunerea legislativ\u0103 care propune ca \u00een circurile din Rom\u00e2nia s\u0103 nu mai poat\u0103 s\u0103 fie folosite animale s\u0103lbatice fie n\u0103scute \u00een s\u0103lb\u0103ticie, fie n\u0103scute \u00een captivitate. Proiectul urmeaz\u0103 s\u0103 intre \u00een dezbaterea plenului. [&hellip;]<\/p>\n","protected":false},"author":1,"featured_media":182573,"comment_status":"open","ping_status":"","sticky":false,"template":"","format":"standard","meta":{"footnotes":""},"categories":[2],"tags":[11],"class_list":["post-182572","post","type-post","status-publish","format-standard","has-post-thumbnail","hentry","category-politics","tag-digi24"],"_links":{"self":[{"href":"https:\/\/analyse.optim.biz\/index.php?rest_route=\/wp\/v2\/posts\/182572","targetHints":{"allow":["GET"]}}],"collection":[{"href":"https:\/\/analyse.optim.biz\/index.php?rest_route=\/wp\/v2\/posts"}],"about":[{"href":"https:\/\/analyse.optim.biz\/index.php?rest_route=\/wp\/v2\/types\/post"}],"author":[{"embeddable":true,"href":"https:\/\/analyse.optim.biz\/index.php?rest_route=\/wp\/v2\/users\/1"}],"replies":[{"embeddable":true,"href":"https:\/\/analyse.optim.biz\/index.php?rest_route=%2Fwp%2Fv2%2Fcomments&post=182572"}],"version-history":[{"count":0,"href":"https:\/\/analyse.optim.biz\/index.php?rest_route=\/wp\/v2\/posts\/182572\/revisions"}],"wp:featuredmedia":[{"embeddable":true,"href":"https:\/\/analyse.optim.biz\/index.php?rest_route=\/wp\/v2\/media\/182573"}],"wp:attachment":[{"href":"https:\/\/analyse.optim.biz\/index.php?rest_route=%2Fwp%2Fv2%2Fmedia&parent=182572"}],"wp:term":[{"taxonomy":"category","embeddable":true,"href":"https:\/\/analyse.optim.biz\/index.php?rest_route=%2Fwp%2Fv2%2Fcategories&post=182572"},{"taxonomy":"post_tag","embeddable":true,"href":"https:\/\/analyse.optim.biz\/index.php?rest_route=%2Fwp%2Fv2%2Ftags&post=182572"}],"curies":[{"name":"wp","href":"https:\/\/api.w.org\/{rel}","templated":true}]}}