{"id":182561,"date":"2015-04-28T16:46:51","date_gmt":"2015-04-28T13:46:51","guid":{"rendered":"https:\/\/analyse.optim.biz\/?p=182561"},"modified":"2015-04-28T16:46:51","modified_gmt":"2015-04-28T13:46:51","slug":"numirea-la-icr-motiv-de-disputa-si-controverse-seful-statului-vorbeste-de-trocuri-politice","status":"publish","type":"post","link":"https:\/\/analyse.optim.biz\/?p=182561","title":{"rendered":"Numirea la ICR, motiv de disput\u0103 \u0219i controverse. \u0218eful statului vorbe\u0219te de \u201etrocuri politice\u201d"},"content":{"rendered":"<div class=\"entry data-app-meta data-app-meta-article\" data-embed-base-url-canonical=\"https:\/\/www.digi24.ro\/embed\/stiri\/actualitate\/politica\/numirea-la-icr-motiv-de-disputa-si-controverse-seful-statului-vorbeste-de-trocuri-politice-385656\">\n<p data-index=\"1\">Este vorba de Radu Boroianu, sus\u0163inut de gruparea lui C\u0103lin Popescu T\u0103riceanu, dar contestat de liberali c\u00e2t \u015fi de pre\u015fedintele Klaus Iohannis. Aflat \u00een Italia, \u015feful statului a declarat c\u0103 Institutul Cultural Roman este \u00een zona trocurilor politice.<\/p>\n<p data-index=\"2\"><strong>Pre\u015fedintele Klaus Iohannis a declarat, mar\u0163i, la Roma, \u00een cadrul unei \u00eent\u00e2lniri cu studen\u0163ii din Italia, c\u0103 ceea ce se \u00eent\u00e2mpl\u0103 la Institutul Cultural Rom\u00e2n<\/strong>, unde se schimb\u0103 conducerea \u201epe \u015fest\u201d, \u00eel \u00eengrijoreaz\u0103, ar\u0103t\u00e2nd c\u0103 aceast\u0103 institu\u0163ie trebuie scoas\u0103 din zona trocurilor politice.<\/p>\n<p data-index=\"3\">\u201e<strong>ICR este o institu\u0163ie care \u0163ine de ceea ce numim diploma\u0163ie public\u0103.<\/strong> Este o institu\u0163ie creat\u0103 pentru a aduce imaginea pozitiv\u0103 a Rom\u00e2niei mai departe, pentru a ar\u0103ta unei lumi \u00eentregi care este valoarea enorm\u0103 a culturii rom\u00e2ne\u015fti, care sunt valorile noastre \u015fi care sunt credin\u0163ele noastre\u201d, a spus \u015feful statului, la Roma, noteaz\u0103 <a href=\"http:\/\/www.mediafax.ro\/politic\/iohannis-la-icr-se-schimba-conducerea-pe-sest-ma-ingrijoreaza-trebuie-scoasa-din-zona-trocurilor-politice-14170713\" target=\"_blank\" data-skip-linkfix=\"1\" rel=\"noopener\">Mediafax.<\/a><\/p>\n<p data-index=\"4\"><strong>Potrivit pre\u015fedintelui, \u201etoate acestea nu se fac u\u015for, ci se fac cu oameni d\u0103rui\u0163i \u015fi cu proiecte bine g\u00e2ndite, \u00eendr\u0103zne\u0163e \u015fi vizibile\u201d.<\/strong><\/p>\n<p data-index=\"5\">\u201eDin acest motiv, ceea ce se \u00eent\u00e2mpl\u0103 \u00een aceste zile la ICR, unde tocmai se schimb\u0103 pe \u015fest conducerea, m\u0103 \u00eengrijoreaz\u0103. Eu cred c\u0103 ar fi nevoie de o dezbatere public\u0103 pentru a reu\u015fi, \u00eempreun\u0103, s\u0103 vedem ce dorim de fapt de la ICR, cum vrem s\u0103 restructur\u0103m institutul, s\u0103 \u00eel facem performant \u00een sensul men\u0163ionat. E nevoie de profesioni\u015fti, de oameni care \u015ftiu cum se construie\u015fte un proiect cultural, ce \u00eenseamn\u0103 managementul cultural, \u00een sec XXI\u201d, a mai afirmat\u00a0Klaus Iohannis.\u00a0<\/p>\n<p data-index=\"6\"><strong>\u201eDup\u0103 ce \u015ftim aceste lucruri, poate reu\u015fim s\u0103 scoatem ICR din zona trocurilor politice \u015fi s\u0103 \u00eel \u00eentroducem \u00een zona diploma\u0163iei politice\u201d, a conchis Klaus Iohannis.\u00a0<\/strong><\/p>\n<p data-index=\"7\">Candida\u021bii pentru func\u021bia de pre\u0219edinte al Institutului Cultural Rom\u00e2n (ICR), Radu Boroianu, propus de social-democra\u021bi \u0219i grupul liberal-conservator, \u0219i Iulian T\u0103nase, propus de grupul parlamentar al PNL, au primit mar\u021bi avize favorabile din partea senatorilor din comisiile de resort.<\/p>\n<p data-index=\"8\"><strong>Membrii Comisiei de cultur\u0103 \u0219i ai Comisiei de politic\u0103 extern\u0103 din Senat au votat candidatura lui Radu Boroianu cu 16 voturi pentru. Iulian T\u0103nase a primit 12 voturi pentru \u0219i 4 \u00eempotriv\u0103.<\/strong><\/p>\n<p data-index=\"9\">Pre\u0219edintele Comisiei de cultur\u0103 a Senatului, Georgic\u0103 Severin, a precizat c\u0103 ambii candida\u021bi, cu avize favorabile, vor fi vota\u021bi, mar\u021bi, de plenul Senatului, urm\u00e2nd ca acesta s\u0103 decid\u0103 care dintre cei doi va fi validat \u00een aceast\u0103 func\u021bie.<\/p>\n<p data-index=\"10\">Radu Boroianu, candidatul propus de grupul senatorial PSD \u0219i PLC, a fost de dou\u0103 ori secretar de stat la Ministerul Culturii \u0219i o dat\u0103 secretar de stat la MAE, ambasador la Berna \u0219i ministru delegat al Informa\u021biilor Publice.<\/p>\n<p data-index=\"11\">\u201eCreativitatea, cred cu t\u0103rie c\u0103 este cea mai important\u0103 valoare care caracterizeaz\u0103 to\u021bi locuitorii acestei \u021b\u0103ri \u2014 de la creativitatea me\u0219te\u0219ugarului p\u00e2n\u0103 la \u00eenaltele valori creative din domeniul \u0219tiin\u021belor \u0219i artelor. \u00cen jurul acestei uria\u0219e calit\u0103\u021bi ar trebui s\u0103 ne concentr\u0103m ac\u021biunea \u0219i \u00een ceea ce se nume\u0219te diploma\u021bie \u0219i diploma\u021bia cultural\u0103\u201d, a spus Boroianu.<\/p>\n<p data-index=\"12\"><strong>El a precizat c\u0103 trebuie s\u0103 aduc\u0103 mici corecturi pentru proiectul anului \u00een curs al ICR, care este deja aprobat, \u0219i va lucra la o nou\u0103 strategie a ICR la baza c\u0103reia trebuie s\u0103 se afle proiecte multianuale.<\/strong><\/p>\n<p data-index=\"13\">Scriitorul \u0219i jurnalistul Iulian T\u0103nase, candidatul propus de grupul senatorial al PNL, a afirmat c\u0103 dorin\u021ba sa este ca ICR s\u0103 revin\u0103 &#8220;sub umbrela&#8221; Administra\u021biei preziden\u021biale deoarece cultura \u201etrebuie \u021binut\u0103 departe de algoritmul politic\u201d.<\/p>\n<p data-index=\"14\">Pre\u0219edintele ICR, Lilian Zamfiroiu, \u0219i-a depus vineri demisia din func\u021bie la cabinetul pre\u0219edintelui Senatului, apreciind c\u0103 obiectivele pe care le-a asumat la preluarea mandatului \u201eau fost deja atinse\u201d, a informat, luni, Direc\u021bia Comunicare a ICR, scrie <a href=\"http:\/\/www.agerpres.ro\/politica\/2015\/04\/28\/comisiile-de-specialitate-din-senat-avize-favorabile-pentru-boroianu-si-tanase-la-conducerea-icr-14-21-34\" target=\"_blank\" data-skip-linkfix=\"1\" rel=\"noopener\">Agerpres.<\/a><\/p>\n<\/div>\n<p> Source URL: https:\/\/www.digi24.ro\/stiri\/actualitate\/politica\/numirea-la-icr-motiv-de-disputa-si-controverse-seful-statului-vorbeste-de-trocuri-politice-385656<\/p>\n","protected":false},"excerpt":{"rendered":"<p>Este vorba de Radu Boroianu, sus\u0163inut de gruparea lui C\u0103lin Popescu T\u0103riceanu, dar contestat de liberali c\u00e2t \u015fi de pre\u015fedintele Klaus Iohannis. Aflat \u00een Italia, \u015feful statului a declarat c\u0103 Institutul Cultural Roman este \u00een zona trocurilor politice. Pre\u015fedintele Klaus Iohannis a declarat, mar\u0163i, la Roma, \u00een cadrul unei \u00eent\u00e2lniri cu studen\u0163ii din Italia, c\u0103 [&hellip;]<\/p>\n","protected":false},"author":1,"featured_media":182562,"comment_status":"open","ping_status":"","sticky":false,"template":"","format":"standard","meta":{"footnotes":""},"categories":[2],"tags":[11],"class_list":["post-182561","post","type-post","status-publish","format-standard","has-post-thumbnail","hentry","category-politics","tag-digi24"],"_links":{"self":[{"href":"https:\/\/analyse.optim.biz\/index.php?rest_route=\/wp\/v2\/posts\/182561","targetHints":{"allow":["GET"]}}],"collection":[{"href":"https:\/\/analyse.optim.biz\/index.php?rest_route=\/wp\/v2\/posts"}],"about":[{"href":"https:\/\/analyse.optim.biz\/index.php?rest_route=\/wp\/v2\/types\/post"}],"author":[{"embeddable":true,"href":"https:\/\/analyse.optim.biz\/index.php?rest_route=\/wp\/v2\/users\/1"}],"replies":[{"embeddable":true,"href":"https:\/\/analyse.optim.biz\/index.php?rest_route=%2Fwp%2Fv2%2Fcomments&post=182561"}],"version-history":[{"count":0,"href":"https:\/\/analyse.optim.biz\/index.php?rest_route=\/wp\/v2\/posts\/182561\/revisions"}],"wp:featuredmedia":[{"embeddable":true,"href":"https:\/\/analyse.optim.biz\/index.php?rest_route=\/wp\/v2\/media\/182562"}],"wp:attachment":[{"href":"https:\/\/analyse.optim.biz\/index.php?rest_route=%2Fwp%2Fv2%2Fmedia&parent=182561"}],"wp:term":[{"taxonomy":"category","embeddable":true,"href":"https:\/\/analyse.optim.biz\/index.php?rest_route=%2Fwp%2Fv2%2Fcategories&post=182561"},{"taxonomy":"post_tag","embeddable":true,"href":"https:\/\/analyse.optim.biz\/index.php?rest_route=%2Fwp%2Fv2%2Ftags&post=182561"}],"curies":[{"name":"wp","href":"https:\/\/api.w.org\/{rel}","templated":true}]}}