{"id":182550,"date":"2015-04-28T17:55:35","date_gmt":"2015-04-28T14:55:35","guid":{"rendered":"https:\/\/analyse.optim.biz\/?p=182550"},"modified":"2015-04-28T17:55:35","modified_gmt":"2015-04-28T14:55:35","slug":"video-klaus-iohannis-la-plimbare-cu-sotia-sa-prin-roma","status":"publish","type":"post","link":"https:\/\/analyse.optim.biz\/?p=182550","title":{"rendered":"VIDEO. Klaus Iohannis, la plimbare cu so\u0163ia sa prin Roma"},"content":{"rendered":"<div class=\"entry data-app-meta data-app-meta-article\" data-embed-base-url-canonical=\"https:\/\/www.digi24.ro\/embed\/stiri\/actualitate\/politica\/video-klaus-iohannis-la-plimbare-cu-sotia-sa-prin-roma-385681\">\n<p data-index=\"1\">\u015eeful statului, \u00eempreun\u0103 cu so\u0163ia sa, Carmen, au vizitat Piazza Navona, \u00eenso\u0163i\u0163i de c\u00e2\u0163iva membri ai Serviciului de Protec\u0163ie \u015fi Paz\u0103, noteaz\u0103 <a href=\"http:\/\/www.mediafax.ro\/politic\/exclusiv-presedintele-iohannis-s-a-plimbat-cu-sotia-sa-prin-roma-si-a-facut-fotografii-cu-turistii-romani-video-14170212\" target=\"_blank\" data-skip-linkfix=\"1\" rel=\"noopener\">Mediafax.<\/a><\/p>\n<p data-index=\"2\">\u00cen Piazza Navona, pre\u015fedintele Rom\u00e2niei \u015fi so\u0163ia sa s-au fotografiat l\u00e2ng\u0103 f\u00e2nt\u00e2n\u0103, acolo au \u00eent\u00e2lnit un grup de rom\u00e2ni care l-au recunoscut pe\u00a0Klaus Iohannis.<strong> Ace\u015ftia au dorit s\u0103 fac\u0103 fotografii \u00eempreun\u0103 cu acesta \u015fi cu so\u0163ia sa.<\/strong><\/p>\n<p data-index=\"3\">Mar\u0163i, \u015feful statului urmeaz\u0103 s\u0103 se \u00eent\u00e2lneasc\u0103 cu studen\u0163i din Italia, aceasta fiind ultima ac\u0163iune din cadrul vizitei oficiale \u00eencepute luni \u00een Italia.<\/p>\n<\/div>\n<p> Source URL: https:\/\/www.digi24.ro\/stiri\/actualitate\/politica\/video-klaus-iohannis-la-plimbare-cu-sotia-sa-prin-roma-385681<\/p>\n","protected":false},"excerpt":{"rendered":"<p>\u015eeful statului, \u00eempreun\u0103 cu so\u0163ia sa, Carmen, au vizitat Piazza Navona, \u00eenso\u0163i\u0163i de c\u00e2\u0163iva membri ai Serviciului de Protec\u0163ie \u015fi Paz\u0103, noteaz\u0103 Mediafax. \u00cen Piazza Navona, pre\u015fedintele Rom\u00e2niei \u015fi so\u0163ia sa s-au fotografiat l\u00e2ng\u0103 f\u00e2nt\u00e2n\u0103, acolo au \u00eent\u00e2lnit un grup de rom\u00e2ni care l-au recunoscut pe\u00a0Klaus Iohannis. Ace\u015ftia au dorit s\u0103 fac\u0103 fotografii \u00eempreun\u0103 cu [&hellip;]<\/p>\n","protected":false},"author":1,"featured_media":182551,"comment_status":"open","ping_status":"","sticky":false,"template":"","format":"standard","meta":{"footnotes":""},"categories":[2],"tags":[11],"class_list":["post-182550","post","type-post","status-publish","format-standard","has-post-thumbnail","hentry","category-politics","tag-digi24"],"_links":{"self":[{"href":"https:\/\/analyse.optim.biz\/index.php?rest_route=\/wp\/v2\/posts\/182550","targetHints":{"allow":["GET"]}}],"collection":[{"href":"https:\/\/analyse.optim.biz\/index.php?rest_route=\/wp\/v2\/posts"}],"about":[{"href":"https:\/\/analyse.optim.biz\/index.php?rest_route=\/wp\/v2\/types\/post"}],"author":[{"embeddable":true,"href":"https:\/\/analyse.optim.biz\/index.php?rest_route=\/wp\/v2\/users\/1"}],"replies":[{"embeddable":true,"href":"https:\/\/analyse.optim.biz\/index.php?rest_route=%2Fwp%2Fv2%2Fcomments&post=182550"}],"version-history":[{"count":0,"href":"https:\/\/analyse.optim.biz\/index.php?rest_route=\/wp\/v2\/posts\/182550\/revisions"}],"wp:featuredmedia":[{"embeddable":true,"href":"https:\/\/analyse.optim.biz\/index.php?rest_route=\/wp\/v2\/media\/182551"}],"wp:attachment":[{"href":"https:\/\/analyse.optim.biz\/index.php?rest_route=%2Fwp%2Fv2%2Fmedia&parent=182550"}],"wp:term":[{"taxonomy":"category","embeddable":true,"href":"https:\/\/analyse.optim.biz\/index.php?rest_route=%2Fwp%2Fv2%2Fcategories&post=182550"},{"taxonomy":"post_tag","embeddable":true,"href":"https:\/\/analyse.optim.biz\/index.php?rest_route=%2Fwp%2Fv2%2Ftags&post=182550"}],"curies":[{"name":"wp","href":"https:\/\/api.w.org\/{rel}","templated":true}]}}