{"id":182539,"date":"2015-04-28T22:22:29","date_gmt":"2015-04-28T19:22:29","guid":{"rendered":"https:\/\/analyse.optim.biz\/?p=182539"},"modified":"2015-04-28T22:22:29","modified_gmt":"2015-04-28T19:22:29","slug":"e-hurezeanu-despre-mesajele-fostului-purtator-de-cuvant-al-presedintelui-de-ce-nu-o-fi-facut-aceste-poezii-in-timp-ce-era-la-cotroceni","status":"publish","type":"post","link":"https:\/\/analyse.optim.biz\/?p=182539","title":{"rendered":"E. Hurezeanu, despre mesajele fostului purt\u0103tor de cuv\u00e2nt al pre\u0219edintelui: \u201eDe ce nu o fi f\u0103cut aceste poezii \u00een timp ce era la Cotroceni?\u201d"},"content":{"rendered":"<div class=\"entry data-app-meta data-app-meta-article\" data-embed-base-url-canonical=\"https:\/\/www.digi24.ro\/embed\/stiri\/actualitate\/politica\/e-hurezeanu-despre-mesajele-fostului-purtator-de-cuvant-al-presedintelui-de-ce-nu-o-fi-facut-aceste-poezii-in-timp-ce-era-la-cotroceni-385821\">\n<p data-index=\"1\">Emil Hurezeanu consider\u0103 c\u0103 ie\u0219irile Tatianei Niculescu Bran nu i-au adus pre\u0219edintelui Klaus Iohannis niciun deserviciu, \u00eens\u0103 \u201enici nu i-a f\u0103cut un mare serviciu\u201d. \u201e<strong>N-am putut-o cunoa\u0219te \u00een postura oficial\u0103 pe doamna Bran. Mi se pare interesant c\u0103 cineva \u00ee\u0219i prelunge\u0219te t\u0103cerea din func\u021bia oficial\u0103 \u00een inefabilul poeziei, care este tot o form\u0103 de t\u0103cere rostit\u0103 altfel.<\/strong> Poezia are de-a face cu t\u0103cerea. Oficiul de purt\u0103tor de cuv\u00e2nt are de-a face mai pu\u021bin cu t\u0103cerea. De ce nu o fi f\u0103cut aceste poezii \u00een timp ce era la Cotroceni, t\u0103c\u00e2nd de-abia apoi?\u201d, a declarat Emil Hurezeanu la Digi24.\u00a0<\/p>\n<p data-index=\"2\">Dincolo de post\u0103rile pe Facebook ale pre\u0219edintelui Klaus Iohannis \u0219i dincolo de \u00eent\u00e2lnirile cu compatrio\u021bii din diaspora, a mai spus jurnalistul, \u201eun exerci\u021biu preziden\u021bial trebuie calibrat prin mai multe resorturi\u201d.<\/p>\n<p data-index=\"3\">\u201eConsilierii trebuie s\u0103-\u0219i vad\u0103 treaba \u0219i suntem \u00een faza unor mesaje oarecum simbolice, secundare. Ba un ziarist rom\u00e2n stabilit \u00een Italia \u00eei repro\u0219eaz\u0103 lui Iohannis c\u0103 a afirmat \u00eenainte de a ajunge la Roma c\u0103 vine s\u0103 \u00eei apere pe rom\u00e2nii stabili\u021bi \u00een Italia. Ca \u0219i cum marea republic\u0103 nu este capabil\u0103 s\u0103 o fac\u0103. S-a transformat \u00eentr-o \u0219tire p\u0103rerea acestui ziarist. <strong>Se transform\u0103 \u00eentr-o \u0219tire \u0219i un poem mai mult sau mai pu\u021bin inspirat al unei prozatoare \u0219i scenariste importante, dar care n-a performat \u00een func\u021bia oficial\u0103 pe care a avut-o.<\/strong> Ce facem? Trebuie dep\u0103\u0219it\u0103 faza asta a secundarului care zb\u00e2rn\u00e2ie. E un pericol. Dar nu numai \u00een exerci\u021biul preziden\u021bial. Exerci\u021biul preziden\u021bial trebuie s\u0103 ne obi\u0219nuiasc\u0103 cu proeminen\u021ba, nu cu pugilatul cu care ne-a \u00eenv\u0103\u021bat domnul B\u0103sescu, dar cu ac\u021biuni, cu planuri, cu \u021binte! Suntem prizonierii secundarului! Iohannis are o ipotec\u0103 semnat\u0103 pe ve\u0219nicie\u201d, a mai spus jurnalistul Emil Hurezeanu la Digi24.\u00a0<\/p>\n<p data-index=\"4\"><a href=\"https:\/\/www.digi24.ro\/Stiri\/Digi24\/Actualitate\/Stiri\/Confesiunile+Tatianei+Niculescu+Bran+pe+Facebook\" target=\"_blank\" data-skip-linkfix=\"1\" rel=\"noopener\"><span>Confesiunile Tatianei Niculescu Bran pe Facebook: \u201eA\u00a0fost visul vie\u021bii mele s\u0103 scriu comunicate\u201d<\/span><\/a><\/p>\n<p data-index=\"5\">\u201e\u00cen via\u021b\u0103, e\u0219ecurile te \u00eenva\u021b\u0103 despre tine \u00eens\u0103\u021bi \u0219i despre oameni mai mult dec\u00e2t marile succese. Iat\u0103, spre amuzament, un nou poem &#8220;institu\u021bional&#8221;. S-ave\u021bi o zi luminat\u0103!<\/p>\n<p data-index=\"6\">purt\u0103toare de t\u0103ceri,<br \/>a fost visul vie\u021bii mele s\u0103 scriu comunicate<br \/>oficiale, institu\u021bionale, protocolare<br \/>s\u0103 crestez arabescuri \u00een lemn de platan,<br \/>s\u0103 dosesc n\u0103luci, ghicitori, oracole<br \/>s\u0103 spun ca \u0219i c\u00e2nd n-a\u0219 fi spus<br \/>\u0219i s\u0103 tac de parc-a\u0219 fi vorbit<br \/>\u0219i iat\u0103, mi l-am \u00eemplinit\u201d, este unul dintre mesajele postate pe Facebook de Tatiana Niculescu Bran.<\/p>\n<\/div>\n<p> Source URL: https:\/\/www.digi24.ro\/stiri\/actualitate\/politica\/e-hurezeanu-despre-mesajele-fostului-purtator-de-cuvant-al-presedintelui-de-ce-nu-o-fi-facut-aceste-poezii-in-timp-ce-era-la-cotroceni-385821<\/p>\n","protected":false},"excerpt":{"rendered":"<p>Emil Hurezeanu consider\u0103 c\u0103 ie\u0219irile Tatianei Niculescu Bran nu i-au adus pre\u0219edintelui Klaus Iohannis niciun deserviciu, \u00eens\u0103 \u201enici nu i-a f\u0103cut un mare serviciu\u201d. \u201eN-am putut-o cunoa\u0219te \u00een postura oficial\u0103 pe doamna Bran. Mi se pare interesant c\u0103 cineva \u00ee\u0219i prelunge\u0219te t\u0103cerea din func\u021bia oficial\u0103 \u00een inefabilul poeziei, care este tot o form\u0103 de t\u0103cere [&hellip;]<\/p>\n","protected":false},"author":1,"featured_media":182540,"comment_status":"open","ping_status":"","sticky":false,"template":"","format":"standard","meta":{"footnotes":""},"categories":[2],"tags":[11],"class_list":["post-182539","post","type-post","status-publish","format-standard","has-post-thumbnail","hentry","category-politics","tag-digi24"],"_links":{"self":[{"href":"https:\/\/analyse.optim.biz\/index.php?rest_route=\/wp\/v2\/posts\/182539","targetHints":{"allow":["GET"]}}],"collection":[{"href":"https:\/\/analyse.optim.biz\/index.php?rest_route=\/wp\/v2\/posts"}],"about":[{"href":"https:\/\/analyse.optim.biz\/index.php?rest_route=\/wp\/v2\/types\/post"}],"author":[{"embeddable":true,"href":"https:\/\/analyse.optim.biz\/index.php?rest_route=\/wp\/v2\/users\/1"}],"replies":[{"embeddable":true,"href":"https:\/\/analyse.optim.biz\/index.php?rest_route=%2Fwp%2Fv2%2Fcomments&post=182539"}],"version-history":[{"count":0,"href":"https:\/\/analyse.optim.biz\/index.php?rest_route=\/wp\/v2\/posts\/182539\/revisions"}],"wp:featuredmedia":[{"embeddable":true,"href":"https:\/\/analyse.optim.biz\/index.php?rest_route=\/wp\/v2\/media\/182540"}],"wp:attachment":[{"href":"https:\/\/analyse.optim.biz\/index.php?rest_route=%2Fwp%2Fv2%2Fmedia&parent=182539"}],"wp:term":[{"taxonomy":"category","embeddable":true,"href":"https:\/\/analyse.optim.biz\/index.php?rest_route=%2Fwp%2Fv2%2Fcategories&post=182539"},{"taxonomy":"post_tag","embeddable":true,"href":"https:\/\/analyse.optim.biz\/index.php?rest_route=%2Fwp%2Fv2%2Ftags&post=182539"}],"curies":[{"name":"wp","href":"https:\/\/api.w.org\/{rel}","templated":true}]}}