{"id":182528,"date":"2015-04-28T23:39:33","date_gmt":"2015-04-28T20:39:33","guid":{"rendered":"https:\/\/analyse.optim.biz\/?p=182528"},"modified":"2015-04-28T23:39:33","modified_gmt":"2015-04-28T20:39:33","slug":"c-t-popescu-vorbeste-despre-acuzatii-de-coruptie-care-vor-sa-si-ia-ca-aliat-impotriva-satanei-dna-biserica","status":"publish","type":"post","link":"https:\/\/analyse.optim.biz\/?p=182528","title":{"rendered":"C. T. Popescu vorbe\u0219te despre acuza\u021bii de corup\u021bie care vor \u201es\u0103-\u0219i ia ca aliat \u00eempotriva satanei DNA biserica\u201d"},"content":{"rendered":"<div class=\"entry data-app-meta data-app-meta-article\" data-embed-base-url-canonical=\"https:\/\/www.digi24.ro\/embed\/stiri\/actualitate\/politica\/c-t-popescu-vorbeste-despre-acuzatii-de-coruptie-care-vor-sa-si-ia-ca-aliat-impotriva-satanei-dna-biserica-385842\">\n<p data-index=\"1\">&#8220;Exist\u0103 un spectacol al c\u0103tu\u015felor ast\u0103zi, ceea ce nu \u00eent\u00e2lne\u0219ti dac\u0103 te duci afar\u0103. Exist\u0103 o pl\u0103cere morbid\u0103 \u00een a exhiba situa\u0163ii de genul acesta care nu sunt conforme cu morala cre\u015ftin\u0103. Am spus, feri\u0163i aresta\u0163ii preventiv de lumina reflectoarelor. G\u00e2ndul meu atunci c\u00e2nd am spus, am atras aten\u0163ia, deci am fost vocea din Consiliu care am spus s\u0103 \u00eencet\u0103m spectacolul c\u0103tu\u015felor am fost eu. M-am g\u00e2ndit atunci c\u0103 poate o s\u0103 umbl\u0103m la o lege a audiovizualului\u201d, a spus judec\u0103torul Mircea Aron.<\/p>\n<p data-index=\"2\">\u201ePersonajele pe care le vedem \u00eencerc\u00e2nd pe toate c\u0103ile s\u0103 se opun\u0103 ac\u021biunii justi\u021biei din ultimii ani sunt fie reprezentan\u021bii direc\u021bi, fie urma\u0219ii bine educa\u021bi ai celor care \u00eencercau \u00een 1989 s\u0103 opreasc\u0103 roata istoriei\u201d, crede Cristian Tudor Popescu.<\/p>\n<p data-index=\"3\">Referitor la \u201emorala cre\u0219tin\u0103\u201d invocat\u0103 de magistratul Mircea Aron, jurnalistul a amintit de \u201e<a href=\"https:\/\/www.digi24.ro\/Stiri\/Digi24\/Actualitate\/Politica\/Cristian+Tudor+Popescu+SPRAY+CU+MIR+ANTI+DNA\" target=\"_blank\" data-skip-linkfix=\"1\" rel=\"noopener\">mironosi\u021bii din Parlament<\/a>\u201d, \u00eentre care \u0219i fo\u0219tii mini\u0219tri Dan \u0218ova \u0219i Varujan Vosganian, care s-au dat cu mir \u00eenainte ca Senatul s\u0103 voteze asupra cererilor DNA privind urm\u0103rirea penal\u0103.<\/p>\n<p data-index=\"4\">\u201eI-a\u021bi v\u0103zut d\u00e2ndu-se cu mir ca \u0219i c\u00e2nd s-ar fi dat cu un deodorant, cu un antiperspirant pe la sub\u021biori \u0219i f\u0103lci, \u00een ideea c\u0103 pot s\u0103-\u0219i ia ca aliat \u00eempotriva satanei DNA biserica\u201d, a spus Cristian Tudor Popescu.<\/p>\n<p data-index=\"5\">El a amintit c\u0103 \u00een 1989, \u0219eful bisericii de atunci, patriarhul Teoctist, \u201ei-a afurisit pe manifestan\u021bii de la Timi\u0219oara, g\u00e2nd la g\u00e2nd cu bucurie cu Nicolae Ceau\u0219escu\u201d.<\/p>\n<p data-index=\"6\">\u201eUrma\u0219ii \u0219i reprezentan\u021bii direc\u021bi de atunci ai contrareac\u021biei \u00eencearc\u0103 acum acela\u0219i lucru. De aceea l-am auzit pe judec\u0103torul \u0103sta vorbind de morala cre\u0219tin\u0103. Biserica e cea mai conservatoare institu\u021bie a statului. Nu o s\u0103 vede\u021bi revolu\u021bii f\u0103cute de biseric\u0103. Nu se reformeaz\u0103 sau revolu\u021bioneaz\u0103. De aceea e luat\u0103 ca aliat \u00een acest moment prin astfel de exprim\u0103ri \u00een \u00eencercarea de a opri revolu\u021bia din justi\u021bie\u201d, a spus jurnalistul.<\/p>\n<p data-index=\"7\">El a ad\u0103ugat c\u0103 arestul preventiv nu este decis de procurori, ci de judec\u0103tori.<\/p>\n<p data-index=\"8\">\u201eNu este vorba de c\u0103tu\u0219e, e vorba de arest (&#8230;) Ideea e de simbol, o persoan\u0103 condamnat\u0103 la arest preventiv nu e trimis\u0103 acolo de DNA, ci de un judec\u0103tor. Exist\u0103 o prim\u0103 sentin\u021b\u0103 pronun\u021bat\u0103 \u00eempotriva acestor persoane. Un judec\u0103tor sus\u021bine c\u0103 exist\u0103 indicii cu privire la plauzibilitatea probelor\u201d, a spus jurnalistul.<\/p>\n<\/div>\n<p> Source URL: https:\/\/www.digi24.ro\/stiri\/actualitate\/politica\/c-t-popescu-vorbeste-despre-acuzatii-de-coruptie-care-vor-sa-si-ia-ca-aliat-impotriva-satanei-dna-biserica-385842<\/p>\n","protected":false},"excerpt":{"rendered":"<p>&#8220;Exist\u0103 un spectacol al c\u0103tu\u015felor ast\u0103zi, ceea ce nu \u00eent\u00e2lne\u0219ti dac\u0103 te duci afar\u0103. Exist\u0103 o pl\u0103cere morbid\u0103 \u00een a exhiba situa\u0163ii de genul acesta care nu sunt conforme cu morala cre\u015ftin\u0103. Am spus, feri\u0163i aresta\u0163ii preventiv de lumina reflectoarelor. G\u00e2ndul meu atunci c\u00e2nd am spus, am atras aten\u0163ia, deci am fost vocea din Consiliu [&hellip;]<\/p>\n","protected":false},"author":1,"featured_media":182529,"comment_status":"open","ping_status":"","sticky":false,"template":"","format":"standard","meta":{"footnotes":""},"categories":[2],"tags":[11],"class_list":["post-182528","post","type-post","status-publish","format-standard","has-post-thumbnail","hentry","category-politics","tag-digi24"],"_links":{"self":[{"href":"https:\/\/analyse.optim.biz\/index.php?rest_route=\/wp\/v2\/posts\/182528","targetHints":{"allow":["GET"]}}],"collection":[{"href":"https:\/\/analyse.optim.biz\/index.php?rest_route=\/wp\/v2\/posts"}],"about":[{"href":"https:\/\/analyse.optim.biz\/index.php?rest_route=\/wp\/v2\/types\/post"}],"author":[{"embeddable":true,"href":"https:\/\/analyse.optim.biz\/index.php?rest_route=\/wp\/v2\/users\/1"}],"replies":[{"embeddable":true,"href":"https:\/\/analyse.optim.biz\/index.php?rest_route=%2Fwp%2Fv2%2Fcomments&post=182528"}],"version-history":[{"count":0,"href":"https:\/\/analyse.optim.biz\/index.php?rest_route=\/wp\/v2\/posts\/182528\/revisions"}],"wp:featuredmedia":[{"embeddable":true,"href":"https:\/\/analyse.optim.biz\/index.php?rest_route=\/wp\/v2\/media\/182529"}],"wp:attachment":[{"href":"https:\/\/analyse.optim.biz\/index.php?rest_route=%2Fwp%2Fv2%2Fmedia&parent=182528"}],"wp:term":[{"taxonomy":"category","embeddable":true,"href":"https:\/\/analyse.optim.biz\/index.php?rest_route=%2Fwp%2Fv2%2Fcategories&post=182528"},{"taxonomy":"post_tag","embeddable":true,"href":"https:\/\/analyse.optim.biz\/index.php?rest_route=%2Fwp%2Fv2%2Ftags&post=182528"}],"curies":[{"name":"wp","href":"https:\/\/api.w.org\/{rel}","templated":true}]}}