{"id":182513,"date":"2015-04-29T13:36:02","date_gmt":"2015-04-29T10:36:02","guid":{"rendered":"https:\/\/analyse.optim.biz\/?p=182513"},"modified":"2015-04-29T13:36:02","modified_gmt":"2015-04-29T10:36:02","slug":"traian-basescu-atac-la-klaus-iohannis-presedintele-absent","status":"publish","type":"post","link":"https:\/\/analyse.optim.biz\/?p=182513","title":{"rendered":"Traian B\u0103sescu, atac la Klaus Iohannis: Pre\u0219edintele absent"},"content":{"rendered":"<div class=\"entry data-app-meta data-app-meta-article\" data-embed-base-url-canonical=\"https:\/\/www.digi24.ro\/embed\/stiri\/actualitate\/politica\/traian-basescu-atac-la-klaus-iohannis-presedintele-absent-385997\">\n<p data-index=\"1\"><img decoding=\"async\" src=\"https:\/\/analyse.optim.biz\/wp-content\/uploads\/2024\/09\/agfzad0ymzc4mgnhyjq2y2nhytzjothiywyyyzmxoty3zjmwna-thumb_.jpg\" data-skip-htmlfix=\"1\" title=\"agfzad0ymzc4mgnhyjq2y2nhytzjothiywyyyzmxoty3zjmwna-thumb_\"><\/p>\n<p data-index=\"2\"><span><em><strong>Foto: Mediafax<\/strong><\/em><\/span>\u00a0<\/p>\n<p data-index=\"3\">\u201e<strong><span>Pre\u0219edintele absent.<\/span><\/strong><\/p>\n<p data-index=\"4\"><strong><span>Nu a existat pre\u0219edinte at\u00e2t de absent \u0219i indiferent fa\u021b\u0103 de partidul sau alian\u021ba care l-a sus\u021binut \u00een alegeri, precum domnul Iohannis. Fie c\u0103 vorbim de domnii Iliescu \u0219i Constantinescu, fie c\u0103 ne referim la mine, to\u021bi am f\u0103cut c\u00e2te ceva pentru a ne sus\u021bine partidele.<\/span><\/strong><\/p>\n<p data-index=\"5\"><strong><span>Se pare c\u0103 domnul Iohannis a decis c\u0103 vrea s\u0103 guverneze cu PSD-ul lui Ponta \u0219i dup\u0103 2016, f\u0103c\u00e2ndu-se a nu observa umilin\u021bele la care \u00eel supune domnul Ponta.<\/span><\/strong><\/p>\n<p data-index=\"6\"><strong>O fi bine?<\/strong>\u201d, a scris fostul pre\u0219edinte pe Facebook.<\/p>\n<div class=\"fb-post\">\n<div class=\"fb-xfbml-parse-ignore\">\n<blockquote cite=\"https:\/\/www.facebook.com\/PresedinteleTraianBasescu\/posts\/1041600409186843\">\n<p data-index=\"8\">Pre\u0219edintele absent. Nu a existat pre\u0219edinte at\u00eet de absent \u0219i indiferent fa\u021b\u0103 de partidul sau alian\u021ba care l-a sus\u021b&#8230;<\/p>\n<p>Posted by <a href=\"https:\/\/www.facebook.com\/PresedinteleTraianBasescu\" data-skip-linkfix=\"1\">Traian B\u0103sescu<\/a> on <a href=\"https:\/\/www.facebook.com\/PresedinteleTraianBasescu\/posts\/1041600409186843\" data-skip-linkfix=\"1\">Wednesday, April 29, 2015<\/a><\/p><\/blockquote>\n<\/div>\n<\/div>\n<\/div>\n<p> Source URL: https:\/\/www.digi24.ro\/stiri\/actualitate\/politica\/traian-basescu-atac-la-klaus-iohannis-presedintele-absent-385997<\/p>\n","protected":false},"excerpt":{"rendered":"<p>Foto: Mediafax\u00a0 \u201ePre\u0219edintele absent. Nu a existat pre\u0219edinte at\u00e2t de absent \u0219i indiferent fa\u021b\u0103 de partidul sau alian\u021ba care l-a sus\u021binut \u00een alegeri, precum domnul Iohannis. Fie c\u0103 vorbim de domnii Iliescu \u0219i Constantinescu, fie c\u0103 ne referim la mine, to\u021bi am f\u0103cut c\u00e2te ceva pentru a ne sus\u021bine partidele. Se pare c\u0103 domnul Iohannis [&hellip;]<\/p>\n","protected":false},"author":1,"featured_media":182514,"comment_status":"open","ping_status":"","sticky":false,"template":"","format":"standard","meta":{"footnotes":""},"categories":[2],"tags":[11],"class_list":["post-182513","post","type-post","status-publish","format-standard","has-post-thumbnail","hentry","category-politics","tag-digi24"],"_links":{"self":[{"href":"https:\/\/analyse.optim.biz\/index.php?rest_route=\/wp\/v2\/posts\/182513","targetHints":{"allow":["GET"]}}],"collection":[{"href":"https:\/\/analyse.optim.biz\/index.php?rest_route=\/wp\/v2\/posts"}],"about":[{"href":"https:\/\/analyse.optim.biz\/index.php?rest_route=\/wp\/v2\/types\/post"}],"author":[{"embeddable":true,"href":"https:\/\/analyse.optim.biz\/index.php?rest_route=\/wp\/v2\/users\/1"}],"replies":[{"embeddable":true,"href":"https:\/\/analyse.optim.biz\/index.php?rest_route=%2Fwp%2Fv2%2Fcomments&post=182513"}],"version-history":[{"count":0,"href":"https:\/\/analyse.optim.biz\/index.php?rest_route=\/wp\/v2\/posts\/182513\/revisions"}],"wp:featuredmedia":[{"embeddable":true,"href":"https:\/\/analyse.optim.biz\/index.php?rest_route=\/wp\/v2\/media\/182514"}],"wp:attachment":[{"href":"https:\/\/analyse.optim.biz\/index.php?rest_route=%2Fwp%2Fv2%2Fmedia&parent=182513"}],"wp:term":[{"taxonomy":"category","embeddable":true,"href":"https:\/\/analyse.optim.biz\/index.php?rest_route=%2Fwp%2Fv2%2Fcategories&post=182513"},{"taxonomy":"post_tag","embeddable":true,"href":"https:\/\/analyse.optim.biz\/index.php?rest_route=%2Fwp%2Fv2%2Ftags&post=182513"}],"curies":[{"name":"wp","href":"https:\/\/api.w.org\/{rel}","templated":true}]}}