{"id":1824821,"date":"2026-03-12T17:05:00","date_gmt":"2026-03-12T14:05:00","guid":{"rendered":"https:\/\/analyse.optim.biz\/?p=1824821"},"modified":"2026-03-12T17:05:00","modified_gmt":"2026-03-12T14:05:00","slug":"ucraina-va-oferi-romaniei-informatii-despre-tehnologia-folosita-in-razboiul-cu-rusia","status":"publish","type":"post","link":"https:\/\/analyse.optim.biz\/?p=1824821","title":{"rendered":"Ucraina va oferi Rom\u00e2niei informa\u0163ii despre tehnologia folosit\u0103 \u00een r\u0103zboiul cu Rusia"},"content":{"rendered":"<p>[analyse_image type=&#8221;featured&#8221; src=&#8221;https:\/\/img.observatornews.ro\/?u=https%3A%2F%2Fobservatornews.ro%2Fuploads%2Fmodules%2Fnews%2F0%2F2026%2F3%2F12%2F648550%2Fzelenski10-db88df62.jpg&#8221;]<\/p>\n<div class=\"articleBody\" data-key=\"articleBody\">Volodimir Zelenski a fost primit cu garda de onoare la Palatul Cotroceni. A ascultat imnul Ucrainei cu m\u00e2na la inim\u0103 \u015fi a respectat protocolul oficial. Cei doi \u015fefi de stat au discutat aproape o or\u0103, iar la final au semnat parteneriatul strategic dintre Rom\u00e2nia \u015fi Ucraina, care prevede cooperarea \u00een industria de aparare \u015fi produc\u0163ia comun\u0103 de drone. Ucrainenii ne vor oferi tehnologie \u015fi informa\u0163ii despre aparatele de zbor f\u0103r\u0103 pilot folosite de ei \u00een r\u0103zboiul cu Rusia. Documentul vorbe\u015fte \u015fi despre interconectarea \u00een domeniul energetic, prin linii de \u00eenalt\u0103 tensiune \u00eentre Suceava \u015fi Cern\u0103u\u0163i.<\/p>\n<p>Ce a oferit Rom\u00e2nia Ucrainei<\/p>\n<p>&#8220;Nu trebuie s\u0103 ne ascundem, s\u0103 spunem c\u0103, istoric, a existat ne\u00eencredere \u00eentre \u0163\u0103rile noastre. Aceast\u0103 ne\u00eencredere s-a evaporat. Momentul de azi este un moment \u00een care cele dou\u0103 \u0163\u0103ri \u00ee\u015fi asum\u0103 \u00eencrederea reciproc\u0103&#8221;, a declarat Nicu\u015for Dan, pre\u015fedintele Rom\u00e2niei. &#8220;Rom\u00e2nia, \u00eempreun\u0103 cu alte state ne-a ajutat s\u0103 ne ap\u0103r\u0103m cet\u0103\u0163enii. Vrem extinderea colabor\u0103rii noastre pentru a ne ap\u0103ra de toate pericolele care pot ap\u0103rea din partea Rusiei&#8221;, a declarat Volodimir Zelenski, pre\u015fedintele Rom\u00e2niei.<\/p>\n<p>\u00cen 4 ani de r\u0103zboi, Rom\u00e2nia a ajutat Ucraina cu un sistem de rachete Patriot \u015fi cel pu\u0163in 23 de pachete de ajutor militar. Informa\u0163ie care a fost dezv\u0103luit\u0103 anul trecut de Ministerul Ap\u0103r\u0103rii din Ucraina. \u00cen plus, Rom\u00e2nia continu\u0103 instruirea pilo\u0163ilor ucraineni pe avioanele de lupt\u0103 F-16, primite de la alia\u0163ii din NATO. Un raport al Consiliului Fiscal arat\u0103 c\u0103, de la \u00eenceputul r\u0103zboiului, Rom\u00e2nia a oferit Ucrainei un ajutor \u00een valoare de peste 1,5 miliarde de euro. Discu\u0163iile dintre cei doi \u015fefi de stat au vizat \u015fi minoritatea rom\u00e2n\u0103 din Ucraina. Zelenski a promis c\u0103 nu se va atinge de \u00eenv\u0103\u0163\u0103m\u00e2ntul \u00een limba rom\u00e2n\u0103.<\/p>\n<p>&#8220;Ucraina are o reform\u0103 a educa\u0163iei \u00een care, \u00een linii mari, comaseaz\u0103 \u015fcoli \u015fi din perspectiva acestui document face o excep\u0163ie pentru minorit\u0103\u0163i, astfel \u00eenc\u00e2t ei, bine\u00een\u0163eles, fiind mai pu\u0163ini, s\u0103 poat\u0103 s\u0103 \u00ee\u015fi desf\u0103\u015foare \u00een localitatea lor educa\u0163ia \u00een limba matern\u0103&#8221;, a declarat Nicu\u015for Dan, pre\u015fedintele Rom\u00e2niei. Dup\u0103 discu\u0163iile care s-au prelungit, Nicu\u015for Dan l-a invitat la pr\u00e2nz pe Zelenski, apoi pre\u015fedintele Ucrainei a mers la guvern, unde \u00eel a\u015ftepta premierul Ilie Bolojan. Armata a luat m\u0103suri speciale de securitate \u00een timpul vizitei lui Zelenski: a activat sistemele antiaeriene Patriot odat\u0103 cu aterizarea la Otopeni a pre\u015fedintelui ucrainean pentru a preveni orice atac cu rachet\u0103.\n<\/p><\/div>\n<p>[analyse_source url=&#8221;https:\/\/observatornews.ro\/politic\/ucraina-va-oferi-romaniei-informatii-despre-tehnologia-folosita-in-razboiul-cu-rusia-648550.html&#8221;]<\/p>\n","protected":false},"excerpt":{"rendered":"<p>[analyse_image type=&#8221;featured&#8221; src=&#8221;https:\/\/img.observatornews.ro\/?u=https%3A%2F%2Fobservatornews.ro%2Fuploads%2Fmodules%2Fnews%2F0%2F2026%2F3%2F12%2F648550%2Fzelenski10-db88df62.jpg&#8221;] Volodimir Zelenski a fost primit cu garda de onoare la Palatul Cotroceni. A ascultat imnul Ucrainei cu m\u00e2na la inim\u0103 \u015fi a respectat protocolul oficial. Cei doi \u015fefi de stat au discutat aproape o or\u0103, iar la final au semnat parteneriatul strategic dintre Rom\u00e2nia \u015fi Ucraina, care prevede cooperarea \u00een industria de [&hellip;]<\/p>\n","protected":false},"author":1,"featured_media":0,"comment_status":"open","ping_status":"","sticky":false,"template":"","format":"standard","meta":{"footnotes":""},"categories":[2],"tags":[226,30],"class_list":["post-1824821","post","type-post","status-publish","format-standard","hentry","category-politics","tag-crawlmanager","tag-observatornews-ro"],"_links":{"self":[{"href":"https:\/\/analyse.optim.biz\/index.php?rest_route=\/wp\/v2\/posts\/1824821","targetHints":{"allow":["GET"]}}],"collection":[{"href":"https:\/\/analyse.optim.biz\/index.php?rest_route=\/wp\/v2\/posts"}],"about":[{"href":"https:\/\/analyse.optim.biz\/index.php?rest_route=\/wp\/v2\/types\/post"}],"author":[{"embeddable":true,"href":"https:\/\/analyse.optim.biz\/index.php?rest_route=\/wp\/v2\/users\/1"}],"replies":[{"embeddable":true,"href":"https:\/\/analyse.optim.biz\/index.php?rest_route=%2Fwp%2Fv2%2Fcomments&post=1824821"}],"version-history":[{"count":0,"href":"https:\/\/analyse.optim.biz\/index.php?rest_route=\/wp\/v2\/posts\/1824821\/revisions"}],"wp:attachment":[{"href":"https:\/\/analyse.optim.biz\/index.php?rest_route=%2Fwp%2Fv2%2Fmedia&parent=1824821"}],"wp:term":[{"taxonomy":"category","embeddable":true,"href":"https:\/\/analyse.optim.biz\/index.php?rest_route=%2Fwp%2Fv2%2Fcategories&post=1824821"},{"taxonomy":"post_tag","embeddable":true,"href":"https:\/\/analyse.optim.biz\/index.php?rest_route=%2Fwp%2Fv2%2Ftags&post=1824821"}],"curies":[{"name":"wp","href":"https:\/\/api.w.org\/{rel}","templated":true}]}}