{"id":1824791,"date":"2026-03-12T10:30:00","date_gmt":"2026-03-12T07:30:00","guid":{"rendered":"https:\/\/analyse.optim.biz\/?p=1824791"},"modified":"2026-03-12T10:30:00","modified_gmt":"2026-03-12T07:30:00","slug":"romania-si-ucraina-vor-construi-drone-impreuna-prin-programul-european-safe-surse","status":"publish","type":"post","link":"https:\/\/analyse.optim.biz\/?p=1824791","title":{"rendered":"Rom\u00e2nia \u015fi Ucraina vor construi drone \u00eempreun\u0103 prin programul european SAFE &#8211; Surse"},"content":{"rendered":"<p>[analyse_image type=&#8221;featured&#8221; src=&#8221;https:\/\/img.observatornews.ro\/?u=https%3A%2F%2Fobservatornews.ro%2Fuploads%2Fmodules%2Fnews%2F0%2F2026%2F3%2F12%2F648478%2Fromania-si-ucraina-vor-construi-drone-impreuna-prin-programul-d360e78d.jpg&amp;w=1200&amp;h=630&amp;c=1&#8243;]<\/p>\n<div class=\"articleBody\" data-key=\"articleBody\">Cei doi \u015fefi de stat Volodimir Zelenski \u015fi Nicu\u015for Dan, ar urma s\u0103 anun\u0163e ast\u0103zi, la Bucure\u015fti, un joint venture Rom\u00e2nia-Ucraina prin care cele dou\u0103 \u0163\u0103ri s\u0103 construiasc\u0103 \u00eempreun\u0103 drone, \u00een cadrul programului european SAFE,\u00a0prin care statele UE \u00ee\u0219i dezvolt\u0103 capacit\u0103\u021bile de ap\u0103rare \u0219i produc\u021bia militar\u0103, au declarat surse politice pentru Observator. Nu este clar dac\u0103 memorandumul, care este \u00eenc\u0103 \u00een negociere, va fi semnat tot ast\u0103zi.<\/p>\n<p>Zelenski a aterizat la Bucure\u015fti \u00een jurul orei ore 11.30 \u015fi urmeaz\u0103 s\u0103 fie\u00a0primit la Palatul Cotroceni de pre\u015fedintele Nicu\u015for Dan, \u00een jurul orei 13.30. Cei doi vor avea o conferin\u0163\u0103 de pres\u0103 la ora 15.00. Pre\u015fedintele Ucrainei se va vedea apoi \u015fi cu\u00a0\u015feful Guvernului, Ilie Bolojan, dar \u015fi de al\u0163i oficiali rom\u00e2ni.<\/p>\n<p>Potrivit unui comunicat al Administra\u0163iei Preziden\u0163iale, consult\u0103rile bilaterale la nivel \u00eenalt vor avea loc \u00een contextul \u00eemplinirii recente, la 24 februarie, a patru ani de la declan\u015farea de c\u0103tre Rusia a r\u0103zboiului de agresiune \u00eempotriva Ucrainei. Rom\u00e2nia a oferit, \u00eenc\u0103 din primele zile, sprijin multidimensional Ucrainei \u015fi contribuie \u00een prezent la eforturile interna\u0163ionale pentru o pace just\u0103 \u015fi durabil\u0103, \u00eenso\u0163it\u0103 de garan\u0163ii de securitate solide pentru Ucraina.<\/p>\n<p>Agenda discu\u0163iilor dintre pre\u015fedin\u0163ii celor dou\u0103 \u0163\u0103ri va include teme care s\u0103 faciliteze consolidarea unei rela\u0163ii bilaterale cuprinz\u0103toare, constructive, orientate spre viitor. &#8220;Discu\u0163iile se vor axa pe dezvoltarea dialogului politic, intensificarea cooper\u0103rii economice, cooperarea sectorial\u0103 \u00een domenii precum energia \u015fi industriile de ap\u0103rare, dezvoltarea conectivit\u0103\u0163ii \u015fi de proiecte transfrontaliere, dar \u015fi pe rolul Rom\u00e2niei \u00een procesul de reconstruc\u0163ie a Ucrainei&#8221;, se arat\u0103 \u00een comunicat.<\/p>\n<p>De asemenea, cei doi \u015fefi de stat vor avea un schimb de opinii privind aspecte de actualitate, precum procesul de extindere a Uniunii Europene, rela\u0163ia transatlantic\u0103, situa\u0163ia de securitate \u00een regiunea M\u0103rii Negre \u015fi evolu\u0163iile de ultim\u0103 or\u0103 la nivel regional \u015fi global. \u00cen egal\u0103 m\u0103sur\u0103, pre\u015fedintele Rom\u00e2niei se va referi la necesitatea avans\u0103rii dialogului bilateral \u00een domeniul respect\u0103rii drepturilor persoanelor apar\u0163in\u00e2nd minorit\u0103\u0163ii rom\u00e2ne din Ucraina, inclusiv dreptul la educa\u0163ie \u00een limba matern\u0103, precizeaz\u0103 sursa citat\u0103.<\/p>\n<p>Totodat\u0103, Volodimir Zelenski va avea, la Palatul Victoria, o \u00eentrevedere cu prim-ministrul Ilie Bolojan. Potrivit unui comunicat al Guvernului, pe agenda discu\u0163iilor se vor afla teme care privesc cooperarea bilateral\u0103 \u015fi \u00een plan european.\u00a0\n<\/p><\/div>\n<p>[analyse_source url=&#8221;https:\/\/observatornews.ro\/politic\/romania-si-ucraina-vor-construi-drone-impreuna-prin-programul-european-safe-surse-648478.html&#8221;]<\/p>\n","protected":false},"excerpt":{"rendered":"<p>[analyse_image type=&#8221;featured&#8221; src=&#8221;https:\/\/img.observatornews.ro\/?u=https%3A%2F%2Fobservatornews.ro%2Fuploads%2Fmodules%2Fnews%2F0%2F2026%2F3%2F12%2F648478%2Fromania-si-ucraina-vor-construi-drone-impreuna-prin-programul-d360e78d.jpg&amp;w=1200&amp;h=630&amp;c=1&#8243;] Cei doi \u015fefi de stat Volodimir Zelenski \u015fi Nicu\u015for Dan, ar urma s\u0103 anun\u0163e ast\u0103zi, la Bucure\u015fti, un joint venture Rom\u00e2nia-Ucraina prin care cele dou\u0103 \u0163\u0103ri s\u0103 construiasc\u0103 \u00eempreun\u0103 drone, \u00een cadrul programului european SAFE,\u00a0prin care statele UE \u00ee\u0219i dezvolt\u0103 capacit\u0103\u021bile de ap\u0103rare \u0219i produc\u021bia militar\u0103, au declarat surse politice pentru Observator. [&hellip;]<\/p>\n","protected":false},"author":1,"featured_media":0,"comment_status":"open","ping_status":"","sticky":false,"template":"","format":"standard","meta":{"footnotes":""},"categories":[2],"tags":[226,30],"class_list":["post-1824791","post","type-post","status-publish","format-standard","hentry","category-politics","tag-crawlmanager","tag-observatornews-ro"],"_links":{"self":[{"href":"https:\/\/analyse.optim.biz\/index.php?rest_route=\/wp\/v2\/posts\/1824791","targetHints":{"allow":["GET"]}}],"collection":[{"href":"https:\/\/analyse.optim.biz\/index.php?rest_route=\/wp\/v2\/posts"}],"about":[{"href":"https:\/\/analyse.optim.biz\/index.php?rest_route=\/wp\/v2\/types\/post"}],"author":[{"embeddable":true,"href":"https:\/\/analyse.optim.biz\/index.php?rest_route=\/wp\/v2\/users\/1"}],"replies":[{"embeddable":true,"href":"https:\/\/analyse.optim.biz\/index.php?rest_route=%2Fwp%2Fv2%2Fcomments&post=1824791"}],"version-history":[{"count":0,"href":"https:\/\/analyse.optim.biz\/index.php?rest_route=\/wp\/v2\/posts\/1824791\/revisions"}],"wp:attachment":[{"href":"https:\/\/analyse.optim.biz\/index.php?rest_route=%2Fwp%2Fv2%2Fmedia&parent=1824791"}],"wp:term":[{"taxonomy":"category","embeddable":true,"href":"https:\/\/analyse.optim.biz\/index.php?rest_route=%2Fwp%2Fv2%2Fcategories&post=1824791"},{"taxonomy":"post_tag","embeddable":true,"href":"https:\/\/analyse.optim.biz\/index.php?rest_route=%2Fwp%2Fv2%2Ftags&post=1824791"}],"curies":[{"name":"wp","href":"https:\/\/api.w.org\/{rel}","templated":true}]}}