{"id":1824776,"date":"2026-03-11T17:22:00","date_gmt":"2026-03-11T14:22:00","guid":{"rendered":"https:\/\/analyse.optim.biz\/?p=1824776"},"modified":"2026-03-11T17:22:00","modified_gmt":"2026-03-11T14:22:00","slug":"scandalul-ponta-toiu-ministrul-vrea-sa-afle-ce-angajat-din-consulat-a-discutat-separat-cu-irina-ponta","status":"publish","type":"post","link":"https:\/\/analyse.optim.biz\/?p=1824776","title":{"rendered":"Scandalul Ponta-\u0162oiu. Ministrul vrea s\u0103 afle ce angajat din consulat a discutat separat cu Irina Ponta"},"content":{"rendered":"<p>[analyse_image type=&#8221;featured&#8221; src=&#8221;https:\/\/img.observatornews.ro\/?u=https%3A%2F%2Fobservatornews.ro%2Fuploads%2Fmodules%2Fnews%2F0%2F2026%2F3%2F11%2F648430%2Faudieri-toiu2-c2ed51c6.jpg&#8221;]<\/p>\n<div class=\"articleBody\" data-key=\"articleBody\">Acuzat\u0103 de Victor Ponta c\u0103 a dat ordin s\u0103 nu fie primit\u0103 fiica lui \u00een avionul repatria\u0163ilor, Oana \u0162oiu a venit cu explica\u0163ii \u00een fa\u0163a parlamentarilor din comisia de Politic\u0103 Extern\u0103 a Camerei Deputa\u0163ilor. &#8220;A existat personal consular care a dus o conversa\u021bie separat\u0103 de \u00eenregistr\u0103rile formale \u0219i asta a dus la venirea unui minor \u00een spa\u021biul consular \u00een afara program\u0103rilor. \u00cen ceea ce prive\u015fte cine din consulat a avut aceste conversa\u0163ii, aici va exista o evaluare dedicat\u0103&#8221;, a declarat Oana \u0162oiu, ministru de Externe.<\/p>\n<p>Audierile a \u00eenceput cu scandal<\/p>\n<p>\u00cen v\u00e2rst\u0103 de 17 ani, Irina Ponta s-a \u00eentors \u00een \u0163ar\u0103 a doua zi cu o curs\u0103 aerian\u0103 comercial\u0103. \u00cen fa\u0163a parlamentarilor, ministrul de externe a admis &#8211; a dat personal indica\u0163ii consulului din Dubai \u00een acest caz. &#8220;I-am reamintit consulului c\u0103 grupul era finalizat ca \u0219i categorii vulnerabile cu o zi \u00eenainte, la capacitatea total\u0103 a locurilor alocate Rom\u00e2niei. Este extrem de important pentru statul rom\u00e2n s\u0103 respecte regulile pe care le-a comunicat public. S\u0103 nu existe firul scurt \u00een care cineva s\u0103 aib\u0103 acces privilegiat la informa\u021bie&#8221;, a declarat Oana \u0162oiu, ministru de Externe.\u00a0<\/p>\n<p>Audierile au \u00eenceput, \u00eens\u0103, cu scandal. Pre\u015fedintele comisiei, Hajdu Gabor, a fost acuzat c\u0103 limitez\u0103 num\u0103rul de \u00eentreb\u0103ri. Deputatul AUR Mihail Neam\u0163u a fost cel mai vocal critic al ministrului USR. &#8220;Predica\u0163i incluziunea, dar \u00een fapt a\u0163i practicat excluziunea. \u015eti\u0163i la ce m\u0103 refer. La o t\u00e2n\u0103r\u0103 de 17 ani care a fost l\u0103sat\u0103 la cererea dumneavoastr\u0103 \u00eentr-o \u0163ar\u0103 str\u0103in\u0103&#8221;, a declarat Mihail Neam\u0163u, deputat AUR.\u00a0<\/p>\n<p>Mama Irinei Ponta vrea s\u0103 fac\u0103 pl\u00e2ngere penal\u0103 \u00eempotriva Oanei \u0162oiu, pe care o acuz\u0103 c\u0103 nu a l\u0103sat-o pe adolescent\u0103 \u00een avionul repatria\u0163ilor din cauza numelui pe care \u00eel poart\u0103. P\u00e2n\u0103 atunci, avocatul Adrian Cuculis a depus la DNA un denun\u0163 pentru abuz \u00een serviciu \u00eempotriva ministrului de externe, \u00eens\u0103 \u00een nume lui. Statul a reu\u015fit s\u0103 repatrieze p\u00e2n\u0103 acum o treime dintre dintre rom\u00e2nii bloca\u0163i \u00een Orientul Mijlociu care au cerut ajutor s\u0103 se \u00eentoarc\u0103 acas\u0103.\n<\/p><\/div>\n<p>[analyse_source url=&#8221;https:\/\/observatornews.ro\/politic\/scandalul-pontatoiu-ministrul-vrea-sa-afle-ce-angajat-din-consulat-a-discutat-separat-cu-irina-ponta-648430.html&#8221;]<\/p>\n","protected":false},"excerpt":{"rendered":"<p>[analyse_image type=&#8221;featured&#8221; src=&#8221;https:\/\/img.observatornews.ro\/?u=https%3A%2F%2Fobservatornews.ro%2Fuploads%2Fmodules%2Fnews%2F0%2F2026%2F3%2F11%2F648430%2Faudieri-toiu2-c2ed51c6.jpg&#8221;] Acuzat\u0103 de Victor Ponta c\u0103 a dat ordin s\u0103 nu fie primit\u0103 fiica lui \u00een avionul repatria\u0163ilor, Oana \u0162oiu a venit cu explica\u0163ii \u00een fa\u0163a parlamentarilor din comisia de Politic\u0103 Extern\u0103 a Camerei Deputa\u0163ilor. &#8220;A existat personal consular care a dus o conversa\u021bie separat\u0103 de \u00eenregistr\u0103rile formale \u0219i asta a dus la [&hellip;]<\/p>\n","protected":false},"author":1,"featured_media":0,"comment_status":"open","ping_status":"","sticky":false,"template":"","format":"standard","meta":{"footnotes":""},"categories":[2],"tags":[226,30],"class_list":["post-1824776","post","type-post","status-publish","format-standard","hentry","category-politics","tag-crawlmanager","tag-observatornews-ro"],"_links":{"self":[{"href":"https:\/\/analyse.optim.biz\/index.php?rest_route=\/wp\/v2\/posts\/1824776","targetHints":{"allow":["GET"]}}],"collection":[{"href":"https:\/\/analyse.optim.biz\/index.php?rest_route=\/wp\/v2\/posts"}],"about":[{"href":"https:\/\/analyse.optim.biz\/index.php?rest_route=\/wp\/v2\/types\/post"}],"author":[{"embeddable":true,"href":"https:\/\/analyse.optim.biz\/index.php?rest_route=\/wp\/v2\/users\/1"}],"replies":[{"embeddable":true,"href":"https:\/\/analyse.optim.biz\/index.php?rest_route=%2Fwp%2Fv2%2Fcomments&post=1824776"}],"version-history":[{"count":0,"href":"https:\/\/analyse.optim.biz\/index.php?rest_route=\/wp\/v2\/posts\/1824776\/revisions"}],"wp:attachment":[{"href":"https:\/\/analyse.optim.biz\/index.php?rest_route=%2Fwp%2Fv2%2Fmedia&parent=1824776"}],"wp:term":[{"taxonomy":"category","embeddable":true,"href":"https:\/\/analyse.optim.biz\/index.php?rest_route=%2Fwp%2Fv2%2Fcategories&post=1824776"},{"taxonomy":"post_tag","embeddable":true,"href":"https:\/\/analyse.optim.biz\/index.php?rest_route=%2Fwp%2Fv2%2Ftags&post=1824776"}],"curies":[{"name":"wp","href":"https:\/\/api.w.org\/{rel}","templated":true}]}}