{"id":1824771,"date":"2026-03-11T17:09:00","date_gmt":"2026-03-11T14:09:00","guid":{"rendered":"https:\/\/analyse.optim.biz\/?p=1824771"},"modified":"2026-03-11T17:09:00","modified_gmt":"2026-03-11T14:09:00","slug":"surse-primele-forte-militare-trimise-de-americani-in-tara-noastra-general-sua-au-nevoie-de-romania","status":"publish","type":"post","link":"https:\/\/analyse.optim.biz\/?p=1824771","title":{"rendered":"SURSE: Primele for\u0163e militare trimise de americani \u00een \u0163ara noastr\u0103. General: SUA au nevoie de Rom\u00e2nia"},"content":{"rendered":"<p>[analyse_image type=&#8221;featured&#8221; src=&#8221;https:\/\/img.observatornews.ro\/?u=https%3A%2F%2Fobservatornews.ro%2Fuploads%2Fmodules%2Fnews%2F0%2F2026%2F3%2F11%2F648427%2Fcsat4-ca0781d6.jpg&#8221;]<\/p>\n<div class=\"articleBody\" data-key=\"articleBody\">Dup\u0103 o \u015fedin\u0163\u0103 de aproape trei ore, condus\u0103 de pre\u015fedintele Nicu\u015for Dan, Consiliul Suprem de Ap\u0103rare a \u0162\u0103rii a aprobat cererea formulat\u0103 de Administra\u0163ia Trump. La discu\u0163iile de la Palatul Cotroceni au participat, printre al\u0163ii, premierul, \u015feful Armatei, ministrul Ap\u0103r\u0103rii \u015fi directorii Serviciilor de Informa\u0163ii. &#8220;Este vorba de ni\u0219te echipamente care sporesc securitatea Rom\u00e2niei. Deci \u00eei asigur pe rom\u00e2ni c\u0103 nu au motive de \u00eengrijorare. \u021aara lor este o \u021bar\u0103 sigur\u0103, ba chiar mai sigur\u0103&#8221;, a declarat Nicu\u015for Dan, pre\u015fedintele Rom\u00e2niei.\u00a0<\/p>\n<p>Ce vor trimite SUA \u00een Rom\u00e2nia<\/p>\n<p>Americanii vor trimite \u00een Rom\u00e2nia aeronave pentru realimentare \u00een aer, dar \u015fi drone pentru supraveghere \u015fi culegere de informa\u0163ii. Vorbim despre echipamente pur defensive, care nu sunt \u00eenzestrate cu armament. Toate aceste vor fi instalate \u00een dou\u0103 baze militare: Baza Mihail Kog\u0103lniceanu din jude\u0163ul Constan\u0163a si Baza C\u00e2mpia Turzii, din jude\u0163ul Cluj. Surse Observator spun ca aeronavele pentru realimentare \u00een aer vor fi primele care vor ajunge \u00een \u0163ara noastr\u0103. Asta pentru ca Armata SUA s\u0103 alimenteze rapid avioanele de lupt\u0103 care opereaz\u0103 \u00een Orientul Mijlociu. Pe l\u00e2ng\u0103 toate acestea, \u00een \u0163ara noastr\u0103 vor ajunge aproape 500 de solda\u0163i americani, dar si mai multe echipamente pentru comunica\u021bii prin satelit. Acestea vor fi corelate cu Scutul anti-rachet\u0103 instalat \u00een Baza Militar\u0103 de la Deveselu.<\/p>\n<p>&#8220;Este o colaborare a Rom\u00e2niei cu SUA similar\u0103 \u00een aceste zile cu o colaborare pe care alte \u0163\u0103ri NATO o fac&#8221;, a declarat Nicu\u015for Dan, pre\u015fedintele Rom\u00e2niei. Sprijinul acordat Statelor Unite va \u00eembun\u0103t\u0103\u0163i rela\u0163ia cu Administratia Trump, iar Statele Unite vor garanta ap\u0103rarea \u015fi securitatea Rom\u00e2niei, cred anali\u015ftii de politic\u0103 extern\u0103. &#8220;Este vorba de un semnal c\u0103 suntem reconsidera\u021bi \u0219i cred c\u0103 riscurile sunt mai mici, mult mai mici dec\u00e2t beneficiile. Chiar dac\u0103 teoretic ne afl\u0103m \u00een raza celor mai performante rachete iraniene. Poate constitui o baz\u0103 solid\u0103 pentru re\u00eennodarea dialogului politic la nivel \u00eenalt cu Washingtonul&#8221;, a declarat \u015etefan Popescu, analist de politic\u0103 extern\u0103. &#8220;SUA au nevoie de Rom\u00e2nia, au nevoie de infrastructur\u0103 militar\u0103 pentru proiec\u021bia for\u021bei \u00een situa\u021bii legate de conflict, Orientul Mijlociu&#8221;, a declarat Virgil B\u0103l\u0103ceanu, general.<\/p>\n<p>Iranul a amenin\u0163at ast\u0103zi toate statele europene care vor ajuta America \u015fi Israelul \u00een r\u0103zboiul din Orientul Mijlociu. Serviciul Rom\u00e2n de Informa\u0163ii a anuntat c\u0103 nu exist\u0103 indicii despre o probabilitate ridicat\u0103 de atentate teroriste \u00een \u0163ara noastr\u0103. &#8220;Protej\u0103m \u00eentreaga lume de ce \u00eencearc\u0103 s\u0103 fac\u0103 ace\u015fti nebuni. \u015ei o facem cu succes. Punem cap\u0103t o dat\u0103 pentru totdeauna acestei amenin\u0163\u0103ri (n.red. a regimului din Iran)&#8221;, a declarat Donald Trump, pre\u015fedintele SUA. Decizia luat\u0103 de Consiliul Suprem de Ap\u0103rare a \u0162\u0103rii a fost aprobat\u0103 prin vot de parlamentari. Doar 18 au votat \u00eempotriv\u0103, iar membrii AUR au facut scandal la dezbaterea din plen.\u00a0<\/p>\n<p>&#8220;Votul pentru aceast\u0103 decizie este un vot pentru siguran\u021ba real\u0103 a Rom\u00e2niei. Este dovad\u0103 de responsabilitate \u0219i maturitate ca stat aliat&#8221;, a declarat Sorin Grindeanu, pre\u015fedinte PSD. &#8220;Pre\u021buim parteneriatul strategic cu SUA, avem \u00eens\u0103 datoria \u0219i responsabilitatea de a feri rom\u00e2nii de r\u0103zboi. Anun\u021b\u0103m c\u0103 nu putem vota \u0219i nu ne d\u0103m acordul pentru scrisorile \u0219i garan\u021biile lui Nicu\u0219or Dan&#8221;, a declarat George Simion, pre\u015fedintele AUR. Consiliul Suprem de Ap\u0103rare a \u0162\u0103rii a aprobat ast\u0103zi \u015fi intrarea si sta\u0163ionarea \u00een Rom\u00e2nia a For\u0163ei de Reactie Rapid\u0103 NATO pentru opera\u0163iuni militare.\n<\/p><\/div>\n<p>[analyse_source url=&#8221;https:\/\/observatornews.ro\/politic\/surse-primele-forte-militare-trimise-de-americani-in-tara-noastra-general-sua-au-nevoie-de-romania-648427.html&#8221;]<\/p>\n","protected":false},"excerpt":{"rendered":"<p>[analyse_image type=&#8221;featured&#8221; src=&#8221;https:\/\/img.observatornews.ro\/?u=https%3A%2F%2Fobservatornews.ro%2Fuploads%2Fmodules%2Fnews%2F0%2F2026%2F3%2F11%2F648427%2Fcsat4-ca0781d6.jpg&#8221;] Dup\u0103 o \u015fedin\u0163\u0103 de aproape trei ore, condus\u0103 de pre\u015fedintele Nicu\u015for Dan, Consiliul Suprem de Ap\u0103rare a \u0162\u0103rii a aprobat cererea formulat\u0103 de Administra\u0163ia Trump. La discu\u0163iile de la Palatul Cotroceni au participat, printre al\u0163ii, premierul, \u015feful Armatei, ministrul Ap\u0103r\u0103rii \u015fi directorii Serviciilor de Informa\u0163ii. &#8220;Este vorba de ni\u0219te echipamente care sporesc [&hellip;]<\/p>\n","protected":false},"author":1,"featured_media":0,"comment_status":"open","ping_status":"","sticky":false,"template":"","format":"standard","meta":{"footnotes":""},"categories":[2],"tags":[226,30],"class_list":["post-1824771","post","type-post","status-publish","format-standard","hentry","category-politics","tag-crawlmanager","tag-observatornews-ro"],"_links":{"self":[{"href":"https:\/\/analyse.optim.biz\/index.php?rest_route=\/wp\/v2\/posts\/1824771","targetHints":{"allow":["GET"]}}],"collection":[{"href":"https:\/\/analyse.optim.biz\/index.php?rest_route=\/wp\/v2\/posts"}],"about":[{"href":"https:\/\/analyse.optim.biz\/index.php?rest_route=\/wp\/v2\/types\/post"}],"author":[{"embeddable":true,"href":"https:\/\/analyse.optim.biz\/index.php?rest_route=\/wp\/v2\/users\/1"}],"replies":[{"embeddable":true,"href":"https:\/\/analyse.optim.biz\/index.php?rest_route=%2Fwp%2Fv2%2Fcomments&post=1824771"}],"version-history":[{"count":0,"href":"https:\/\/analyse.optim.biz\/index.php?rest_route=\/wp\/v2\/posts\/1824771\/revisions"}],"wp:attachment":[{"href":"https:\/\/analyse.optim.biz\/index.php?rest_route=%2Fwp%2Fv2%2Fmedia&parent=1824771"}],"wp:term":[{"taxonomy":"category","embeddable":true,"href":"https:\/\/analyse.optim.biz\/index.php?rest_route=%2Fwp%2Fv2%2Fcategories&post=1824771"},{"taxonomy":"post_tag","embeddable":true,"href":"https:\/\/analyse.optim.biz\/index.php?rest_route=%2Fwp%2Fv2%2Ftags&post=1824771"}],"curies":[{"name":"wp","href":"https:\/\/api.w.org\/{rel}","templated":true}]}}