{"id":1824759,"date":"2026-03-11T15:26:00","date_gmt":"2026-03-11T12:26:00","guid":{"rendered":"https:\/\/analyse.optim.biz\/?p=1824759"},"modified":"2026-03-11T15:26:00","modified_gmt":"2026-03-11T12:26:00","slug":"parlamentul-a-aprobat-cererea-sua-de-a-trimite-trupe-la-noi-circ-aur-simion-a-citat-din-scrisoarea-a-iii-a","status":"publish","type":"post","link":"https:\/\/analyse.optim.biz\/?p=1824759","title":{"rendered":"Parlamentul a aprobat cererea SUA de a trimite trupe la noi. Circ AUR: Simion a citat din Scrisoarea a III-a"},"content":{"rendered":"<p>[analyse_image type=&#8221;featured&#8221; src=&#8221;https:\/\/img.observatornews.ro\/?u=https%3A%2F%2Fobservatornews.ro%2Fuploads%2Fmodules%2Fnews%2F0%2F2026%2F3%2F11%2F648413%2Fcirc-in-parlament-la-votarea-propunerii-csat-despre-fortele-pe-6795a5ad.jpeg&amp;w=1200&amp;h=630&amp;c=1&#8243;]<\/p>\n<div class=\"articleBody\" data-key=\"articleBody\">Senatul \u015fi Camera Deputa\u0163ilor s-au reunit, miercuri, \u00een \u015fedin\u0163\u0103 comun\u0103, pentru a se pronun\u0163a asupra scrisorii pre\u015fedintelui Nicu\u015for Dan referitoare la dislocarea temporar\u0103 \u00een Rom\u00e2nia a unor echipamente \u015fi for\u0163e militare americane. La \u015fedin\u0163\u0103 a participat \u015fi premierul Ilie Bolojan.\u00a0George Simion a anun\u021bat\u00a0c\u0103 AUR nu voteaz\u0103 solicitarea pre\u0219edintelui.<\/p>\n<p>DOCUMENTE: Aici este prima cerere, respectiv a doua cerere a pre\u015fedintelui Nicu\u015for Dan.<\/p>\n<p>&#8220;O decizie luat\u0103 pe genunchi, care afecteaz\u0103 destinul unei na\u021biuni. Anun\u021b\u0103m c\u0103 nu putem vota \u0219i nu ne d\u0103m acordul pentru scrisorile \u0219i garan\u021biile lui Nicu\u0219or Dan. Nu avem garan\u021bia c\u0103 scopul \u0219i inten\u021biile sunt doar defensive, nu avem garan\u021bia c\u0103 cineva va ap\u0103ra aceste baze militare&#8221;, a transmis George Simion \u00een plen.<\/p>\n<p>Simion a citat din Scrisoarea a III-a a lui Eminescu \u0219i i-a transmis\u00a0un mesaj ambasadorului SUA: &#8220;C\u00e2t suntem \u00eenc\u0103 pe pace, v\u0103 spunem: bine a\u021bi venit!&#8221;<\/p>\n<p>&#8220;Votul pentru aceast\u0103 decizie este un vot pentru siguran\u021ba real\u0103 a Rom\u00e2niei&#8221;,\u00a0a transmis Sorin Grindeanu.<\/p>\n<p>\u00cen final, 272 de parlamentari au votat pentru, 18 \u00eempotriva, 5 s-au ab\u0163inut, iar 2 nu au votat.<\/p>\n<p>INFORMARESet\u0103rile tale privind cookie-urile nu permit afi\u0219area con\u021binutului din aceast\u0103 zon\u0103. E necesar s\u0103 accep\u021bi cookie-urile social media pentru afisarea acestui tip de con\u021binut. Modific\u0103 set\u0103rile<\/p>\n<p>Grindeanu, dup\u0103 vot:\u00a0Rom\u00e2nia a dovedit c\u0103 dore\u015fte \u00eent\u0103rirea parteneriatului strategic cu SUA<\/p>\n<p>Sorin Grindeanu, a declarat miercuri, dup\u0103 votul din Parlament pe scrisoarea \u015fefului statului privind dislocarea unor capabilit\u0103\u0163i americane \u00een Rom\u00e2nia c\u0103 \u0163ara noastr\u0103 este \u015fi a dovedit, prin aceast\u0103 Hot\u0103r\u00e2re \u015fi prin acest vot al Parlamentului, c\u0103 dore\u015fte \u00eent\u0103rirea parteneriatului strategic cu SUA.<\/p>\n<p>\u201dEu cred c\u0103 beneficiile au fost enun\u0163ate de c\u0103tre colegi, inclusiv de mine. Suntem parte a unei alian\u0163e militare defensive, e adev\u0103rat, NATO. Noi suntem membri \u00een aceast\u0103 alian\u0163\u0103 militar\u0103. Partenerul strategic al Rom\u00e2niei, \u015fi anume Statele Unite ale Americii, a\u015fa cum \u015fti\u0163i, a f\u0103cut aceast\u0103 solicitare. Pre\u015fedintele a trimis aceast\u0103 scrisoare c\u0103tre Parlament iar Parlamentul a adoptat, \u00een urm\u0103, cu c\u00e2teva minute\u201d, a declarat pre\u015fedintele Camerei Deputa\u0163ilor, Sorin Grindeanu, dup\u0103 votul Parlamentului.<\/p>\n<p>Sorin Grindeanu a comentat \u015fi scandalul din plenul comun, f\u0103cut de parlamentarii AUR.<\/p>\n<p>\u201dFaptul c\u0103 exist\u0103 parlamentarii g\u0103l\u0103gio\u015fi, faptul c\u0103 exist\u0103 parlamentari care se opun p\u00e2n\u0103 la urm\u0103 acestui demers, \u0163ine de credin\u0163a fiec\u0103ruia dintre ei. Eu sunt bucuros c\u0103 acest act a fost adoptat, c\u0103 a fost o majoritate larg\u0103, \u015fi c\u0103 Rom\u00e2nia este \u015fi a dovedit, prin aceast\u0103 Hot\u0103r\u00e2re \u015fi prin acest vot, c\u0103 dore\u015fte \u00eent\u0103rirea parteneriatului strategic cu Statele Unite \u015fi c\u0103 este un partener solid al Statelor Unite ale Americii. Asta e un lucru important\u201d, a men\u0163ionat el.<\/p>\n<p>Despre garan\u0163iile c\u0103 aceste baze rom\u00e2ne\u015fti nu vor fi folosite de avioane militare americane cu inten\u0163ia de a lovi Iranul, Grindeanu a precizat c\u0103 toate lucrurile legate de ac\u0163iunile militare se vor desf\u0103\u015fura conform cererilor aprobate, conform inform\u0103rilor care au fost trimise c\u0103tre Parlament.<\/p>\n<p>\u201dRepet, suntem parte a unei alian\u0163e militare, suntem partener strategic al Statelor Unite ale Americii. Statele Unite ale Americii ne-au cerut acest sprijin pe care noi, \u00een Parlament, azi, l-am dat, iar eu sunt unul din sus\u0163in\u0103torii acestui demers \u015fi am \u015fi exprimat ast\u0103zi \u00een sal\u0103, am fost primul vorbitor. Exist\u0103 momente \u00een istoria fiec\u0103rui stat c\u00e2nd trebuie s\u0103 ne asum\u0103m anumite decizii. Iar ast\u0103zi Parlamentul \u015fi-a asumat aceast\u0103 decizie\u201d, a subliniat Sorin Grindeanu.<\/p>\n<p>Bolojan: Este \u00een interesul \u0163\u0103rii noastre. Este pentru siguran\u0163a rom\u00e2nilor<\/p>\n<p>Premierul Ilie Bolojan a afirmat c\u0103 aceast\u0103 propunere este \u00een interesul \u0163\u0103rii noastre \u015fi pentru siguran\u0163a rom\u00e2nilor. El a ad\u0103ugat c\u0103 Rom\u00e2nia este un aliat sigur \u00een aceast\u0103 parte a lumii.<\/p>\n<p>\u201dSunt aici \u00een semn de respect pentru cet\u0103\u0163enii Rom\u00e2niei \u015fi pentru Parlamentul \u0163\u0103rii noastre. \u015ei \u00een aceast\u0103 calitate de prim-ministru, v\u0103 asigur c\u0103 aceast\u0103 propunere este \u00een interesul \u0163\u0103rii noastre, este pentru siguran\u0163a rom\u00e2nilor. Este o propunere f\u0103cut\u0103 cu responsabilitate, care arat\u0103 c\u0103 Rom\u00e2nia este un aliat sigur \u00een aceast\u0103 parte a lumii \u015fi este o propunere f\u0103cut\u0103 cu responsabilitate\u201d, a transmis Ilie Bolojan.<\/p>\n<p>El a men\u0163ionat c\u0103 deciziile importante nu pot fi luate \u201dcu vuvuzelele\u201d.\u00a0<\/p>\n<p>\u201dG\u00e2ndi\u0163i-v\u0103 ce \u00eenseamn\u0103 s\u0103 iei decizii importante pentru \u0163ar\u0103. Ele nu pot fi luate cu vuvuzelele, ci trebuie luate \u00eentotdeauna cu responsabilitate. Din acest punct de vedere, v\u0103 rog s\u0103 vota\u0163i pentru aceast\u0103 propunere \u00een interesul Rom\u00e2niei\u201d, a declarat premierul Bolojan.<\/p>\n<p>George Simion: Nu putem vota scrisorile \u015fi garan\u0163iile lui Nicu\u015for Dan\u00a0<\/p>\n<p>Pre\u015fedintele AUR, George Simion, a declarat \u00een plenul comun al celor dou\u0103 Camerei c\u0103 nu pot vota \u015fi nu \u00ee\u015fi vor da acordul pentru scrisorile \u015fi garan\u0163iile lui Nicu\u015for Dan venite de la domnul Grindeanu \u015fi din alte p\u0103r\u0163i insalubre ale politicii rom\u00e2ne\u015fti. El i-a transmis un mesaj \u015fi ambasadorului SUA la Bucure\u015fti, s\u0103 fie un aliat al rom\u00e2nilor, nu un st\u0103p\u00e2n.<\/p>\n<p>Pre\u015fedintele AUR, George Simion, a declarat \u00een plenul comun c\u0103 este \u201do decizie luat\u0103 pe genunchi care afecteaz\u0103 destinul unei na\u0163iuni\u201d. \u201dDragi rom\u00e2ni, jur\u0103m\u00e2ntul nostru de credin\u0163\u0103 a fost \u015fi este fa\u0163\u0103 de poporul rom\u00e2n \u015fi nu fa\u0163\u0103 de vreo alt\u0103 entitate. Alegem s\u0103 r\u0103m\u00e2nem loiali acestui jur\u0103m\u00e2nt \u015fi anun\u0163\u0103m c\u0103 nu putem vota \u015fi nu ne d\u0103m acordul pentru scrisorile \u015fi garan\u0163iile lui Nicu\u015for Dan venite de la domnul Grindeanu \u015fi din alte p\u0103r\u0163i insalubre ale politicii rom\u00e2ne\u015fti\u201d, a spus liderul AUR.<\/p>\n<p>Simion a continuat: \u201dNu avem garan\u0163ia c\u0103 scopul \u015fi c\u0103 inten\u0163iile sunt doar defensive, nu avem garan\u0163ia c\u0103 cineva va ap\u0103ra aceste baze militare, nu \u015ftim c\u00e2\u0163i solda\u0163i r\u0103m\u00e2n \u015fi nu \u015ftim multe, multe alte lucruri. Doar 64 de parlamentari au consultat acel document clasificat. Avem r\u0103spunderea fa\u0163\u0103 de poporul rom\u00e2n ca niciun cet\u0103\u0163ean s\u0103 nu fie supus riscurilor\u201d, a mai declarat pre\u015fedintele AUR.<\/p>\n<p>Potrivit liderului AUR, analiza de risc asupra Rom\u00e2niei din partea unui regim terorist trebuie f\u0103cut\u0103 urgent.<\/p>\n<p>\u201dRom\u00e2nia trebuie s\u0103 r\u0103m\u00e2n\u0103 o \u0163ar\u0103 sigur\u0103. Da, noi pre\u0163uim parteneriatul strategic cu Statele Unite ale Americii, avem \u00eens\u0103 datoria \u015fi responsabilitatea de a feri rom\u00e2nii de r\u0103zboi. Fiecare rom\u00e2n conteaz\u0103. Nu trebuie s\u0103 alarm\u0103m inutil cet\u0103\u0163enii \u0163\u0103rii, \u00eens\u0103 avem datoria s\u0103 le spunem adev\u0103rul \u015fi nu le putem garanta c\u0103 \u00een momentul \u0103sta nu exist\u0103 riscuri de securitate pentru ei. Vrem s\u0103 transmitem un mesaj excelentei sale Darryl Nirenberg, ambasadorul Statelor Unite \u00een Rom\u00e2nia, cit\u00e2ndu-l pe poetul nostru na\u0163ional Mihai Eminescu: C\u00e2t suntem \u00eenc\u0103 pe pace, v\u0103 spunem bine a\u0163i venit\u201d, a mai afirmat el.<\/p>\n<p>Simion a declarat c\u0103 \u201dpoporul rom\u00e2n este un popor iubitor de Dumnezeu \u015fi de pace iar rela\u0163ia noastr\u0103 cu Statele Unite este una existen\u0163ial\u0103\u201d.<\/p>\n<p>\u201dBunicii \u015fi p\u0103rin\u0163ii no\u015ftri, domnule ambasador, \u015fi-au pus speran\u0163a \u00een America \u015fi \u00een momentul ocupa\u0163iei sovietice \u015fi \u00een momentul revolu\u0163iei rom\u00e2ne din 1989. Acum vrem s\u0103 \u015ftim ce vot\u0103m. Alegerile ne-au fost anulate \u015fi decizia de ast\u0103zi este luat\u0103 de o putere ilegitim\u0103, rezultat\u0103 \u00een urma furtului votului rom\u00e2nilor \u00een decembrie 2024. \u015ei acum rom\u00e2nii se uit\u0103 cu speran\u0163\u0103 c\u0103tre Statele Unite ale Americii \u015fi v\u0103 rug\u0103m ca s\u0103 nu tranzac\u0163iona\u0163i speran\u0163a noastr\u0103 \u015fi s\u0103 nu legitima\u0163i o putere ilegitim\u0103. Va avea consecin\u0163e catastrofale. Fi\u0163i, ca ambasador, un aliat al rom\u00e2nilor, nu un st\u0103p\u00e2n. \u015ei v\u0103 asigur \u015fi pe dumneavoastr\u0103 \u015fi v\u0103 asigur\u0103m pe to\u0163i omologii americani c\u0103 ve\u0163i avea respectul \u015fi iubirea poporului rom\u00e2n, at\u00e2ta timp c\u00e2t nu face\u0163i lucruri \u00eempotriva voin\u0163ei poporului rom\u00e2n\u201d, a subliniat Simion.<\/p>\n<p>\u201dNoi spunem ast\u0103zi: Da, p\u0103cii \u015fi spunem ast\u0103zi rom\u00e2nilor c\u0103 nu meritam \u00een 2026 s\u0103 fim condu\u015fi de aceast\u0103 coali\u0163ie care le pune via\u0163a \u00een primejdie. Alegem pacea!\u201d, a spus George Simion \u00een final.<\/p>\n<p>Agenda de miercuri a Parlamentului<\/p>\n<p>Pe ordinea de zi s-a aflat scrisoarea pre\u015fedintelui Nicu\u015for Dan privind \u00eencuviin\u0163area de c\u0103tre Parlament\u00a0a unor solicit\u0103ri ale prim-ministrului Rom\u00e2niei, dup\u0103 consultarea Consiliului Suprem de Ap\u0103rare a \u0162\u0103rii \u00een data de 11 martie 2026.<\/p>\n<p>De asemenea, pe agend\u0103 s-au mai aflat\u00a0\u015fi dou\u0103 inform\u0103ri ale pre\u015fedintelui referitoare la aprobarea for\u0163elor \u015fi mijloacelor Ministerului Afacerilor Interne care sunt trimise la misiuni \u015fi opera\u0163ii \u00een afara teritoriului na\u0163ional \u00een anul 2026 \u015fi, respectiv, la aprobarea intr\u0103rii \u015fi sta\u0163ion\u0103rii \u00een Rom\u00e2nia a For\u0163ei de reac\u0163ie NATO (Allied Reaction Force\/ARF) sau tranzitarea teritoriului na\u0163ional de c\u0103tre aceasta, \u00een scopul preg\u0103tirii \u015fi\/sau desf\u0103\u015fur\u0103rii de opera\u0163ii militare, dac\u0103 va fi cazul, \u00een anul 2026, precum \u015fi mandatarea ministrului Ap\u0103r\u0103rii Na\u0163ionale pentru a aproba eventualele modific\u0103ri \u00een structura\/compunerea ARF, care vor putea surveni \u00een raport cu datele de planificare transmise de NATO pentru anul 2026.<\/p>\n<p>Anterior, Comisiile pentru ap\u0103rare ale Camerei Deputa\u0163ilor \u015fi Senatului au avizat, cu majoritate de voturi, hot\u0103r\u00e2rea care s\u0103 permit\u0103, conform scrisorii pre\u015fedintelui, prezen\u0163a pe baza de la Mihail Kog\u0103lniceanu a unor capabilit\u0103\u0163i ale Statelor Unite, care se vor desf\u0103\u015fura pe o perioad\u0103 determinat\u0103.\u00a0\n<\/p><\/div>\n<p>[analyse_source url=&#8221;https:\/\/observatornews.ro\/politic\/circ-in-parlament-la-votarea-propunerii-csat-despre-fortele-pe-care-sua-le-vor-aduce-in-romania-648413.html&#8221;]<\/p>\n","protected":false},"excerpt":{"rendered":"<p>[analyse_image type=&#8221;featured&#8221; src=&#8221;https:\/\/img.observatornews.ro\/?u=https%3A%2F%2Fobservatornews.ro%2Fuploads%2Fmodules%2Fnews%2F0%2F2026%2F3%2F11%2F648413%2Fcirc-in-parlament-la-votarea-propunerii-csat-despre-fortele-pe-6795a5ad.jpeg&amp;w=1200&amp;h=630&amp;c=1&#8243;] Senatul \u015fi Camera Deputa\u0163ilor s-au reunit, miercuri, \u00een \u015fedin\u0163\u0103 comun\u0103, pentru a se pronun\u0163a asupra scrisorii pre\u015fedintelui Nicu\u015for Dan referitoare la dislocarea temporar\u0103 \u00een Rom\u00e2nia a unor echipamente \u015fi for\u0163e militare americane. La \u015fedin\u0163\u0103 a participat \u015fi premierul Ilie Bolojan.\u00a0George Simion a anun\u021bat\u00a0c\u0103 AUR nu voteaz\u0103 solicitarea pre\u0219edintelui. DOCUMENTE: Aici este prima [&hellip;]<\/p>\n","protected":false},"author":1,"featured_media":0,"comment_status":"open","ping_status":"","sticky":false,"template":"","format":"standard","meta":{"footnotes":""},"categories":[2],"tags":[226,30],"class_list":["post-1824759","post","type-post","status-publish","format-standard","hentry","category-politics","tag-crawlmanager","tag-observatornews-ro"],"_links":{"self":[{"href":"https:\/\/analyse.optim.biz\/index.php?rest_route=\/wp\/v2\/posts\/1824759","targetHints":{"allow":["GET"]}}],"collection":[{"href":"https:\/\/analyse.optim.biz\/index.php?rest_route=\/wp\/v2\/posts"}],"about":[{"href":"https:\/\/analyse.optim.biz\/index.php?rest_route=\/wp\/v2\/types\/post"}],"author":[{"embeddable":true,"href":"https:\/\/analyse.optim.biz\/index.php?rest_route=\/wp\/v2\/users\/1"}],"replies":[{"embeddable":true,"href":"https:\/\/analyse.optim.biz\/index.php?rest_route=%2Fwp%2Fv2%2Fcomments&post=1824759"}],"version-history":[{"count":0,"href":"https:\/\/analyse.optim.biz\/index.php?rest_route=\/wp\/v2\/posts\/1824759\/revisions"}],"wp:attachment":[{"href":"https:\/\/analyse.optim.biz\/index.php?rest_route=%2Fwp%2Fv2%2Fmedia&parent=1824759"}],"wp:term":[{"taxonomy":"category","embeddable":true,"href":"https:\/\/analyse.optim.biz\/index.php?rest_route=%2Fwp%2Fv2%2Fcategories&post=1824759"},{"taxonomy":"post_tag","embeddable":true,"href":"https:\/\/analyse.optim.biz\/index.php?rest_route=%2Fwp%2Fv2%2Ftags&post=1824759"}],"curies":[{"name":"wp","href":"https:\/\/api.w.org\/{rel}","templated":true}]}}