{"id":1824754,"date":"2026-03-11T13:47:00","date_gmt":"2026-03-11T10:47:00","guid":{"rendered":"https:\/\/analyse.optim.biz\/?p=1824754"},"modified":"2026-03-11T13:47:00","modified_gmt":"2026-03-11T10:47:00","slug":"oana-toiu-despre-cazul-irinei-ponta-a-existat-o-comunicare-paralela-cu-canalele-oficiale","status":"publish","type":"post","link":"https:\/\/analyse.optim.biz\/?p=1824754","title":{"rendered":"Oana \u0162oiu, despre cazul Irinei Ponta: &#8220;A existat o comunicare paralel\u0103 cu canalele oficiale&#8221;"},"content":{"rendered":"<p>[analyse_image type=&#8221;featured&#8221; src=&#8221;https:\/\/img.observatornews.ro\/?u=https%3A%2F%2Fobservatornews.ro%2Fuploads%2Fmodules%2Fnews%2F0%2F2026%2F3%2F11%2F648400%2Foana-toiu-9aa7b008.jpg&amp;w=1200&amp;h=630&amp;c=1&#8243;]<\/p>\n<div class=\"articleBody\" data-key=\"articleBody\">&#8220;\u00cen acest moment MAE, ca \u015fi ministerele afacerilor externe ale celorlalte \u0163\u0103ri, avem de gestionat cea mai important\u0103 criz\u0103 pe care am avut-o \u00een ultimele decenii, dac\u0103 ne g\u00e2ndim la num\u0103rul de \u0163\u0103ri, gradul de risc, num\u0103rul mic de personal \u00een spa\u0163iile respective \u015fi efortul consular. (&#8230;) \u00cen ceea ce prive\u015fte cazul intens mediatizat al minorei respective, reamintesc faptul c\u0103 \u00een bazele de date centrale ale Ministerului Afacerilor Externe, pe canalele oficiale pe care MAE le-a anun\u0163at, nu aveam \u015fi nu avem \u00een gestiune cazul niciunui minor ne\u00eenso\u0163it, \u00eens\u0103 evident c\u0103 orice minor care cere ajutorul are dreptul la acel ajutor. De aceea, \u00een cazul minorei ne\u00eenso\u0163ite pe care o men\u0163iona\u0163i dumneavoastr\u0103, \u00een\u0163elegerea noastr\u0103 din inform\u0103rile care au venit din consulat, pentru c\u0103 noi nu avem \u00een echipa central\u0103 acces direct la fiecare caz individual, a fost propus\u0103 o alternativ\u0103 de \u00eentoarcere \u00een Rom\u00e2nia pe baza unor zboruri directe&#8221;, a precizat Oana \u0162oiu, \u00eentrebat\u0103 despre cazul Irina Ponta.<\/p>\n<p>Oana \u0162oiu\u00a0a respins ideea c\u0103 ar fi intervenit pentru persoane anume<\/p>\n<p>Ministrul a reiterat c\u0103, potrivit datelor oficiale, nu exista o categorie distinct\u0103 pentru minori ne\u00eenso\u0163i\u0163i \u00een solicit\u0103rile primite.\u00a0&#8220;\u00cen ceea ce prive\u015fte \u00eentrebarea care a fost prezent\u0103 \u00een spa\u0163iu public, la care am r\u0103spuns \u015fi noi \u00een conferin\u0163ele de pres\u0103, privind prezen\u0163a minorei ne\u00eenso\u0163ite \u00een consulat, dar lipsa de acces la transportul terestru sau transport aerian \u00eenapoi spre Rom\u00e2nia, reamintim c\u0103 \u00een celula de criz\u0103 central\u0103 fiecare consulat a raportat categoriile pe care le va include \u00een fiecare plan de evacuare. Nu aveam nicio categorie de minori ne\u00eenso\u0163it, nici \u00een formularele noastre oficiale, nici \u00een mail-urile oficiale, niciuna dintre cereri de la p\u0103rin\u0163ii niciunui minor ne\u00eenso\u0163it, ceea ce \u00eenseamn\u0103 c\u0103 \u00een planificarea anterioar\u0103, \u00een grupurile care au fost incluse \u00een zborul respectiv, nu exista aceast\u0103 categorie&#8221;, a precizat Oana \u0162oiu.<\/p>\n<p>\u00centrebat\u0103 cine a decis ca minora s\u0103 nu mai fie inclus\u0103 \u00een zborul de evacuare dup\u0103 ce fusese chemat\u0103 la consulat, ministrul a afirmat c\u0103 fiecare minor are dreptul la suport consular \u015fi c\u0103 a existat &#8220;o comunicare paralel\u0103 cu canalele oficiale&#8221;.\u00a0&#8220;\u00cen ceea ce prive\u015fte aceast\u0103 eroare regretabil\u0103, \u00een care a existat o comunicare paralel\u0103 fa\u0163\u0103 de canalele oficiale, \u00een care a existat personal consular care a adus o conversa\u0163ie separat\u0103 de \u00eenregistr\u0103rile formale \u015fi asta a dus la venirea unui minor \u00een spa\u0163iu consular \u00een afara program\u0103rilor care au fost raportate c\u0103tre central\u0103 privind categoriile de grupuri vulnerabile, evident c\u0103 aici lucrurile pot s\u0103 fie mult \u00eembun\u0103t\u0103\u0163ite. Evident c\u0103, dup\u0103 ce se termin\u0103 aceast\u0103 criz\u0103, o s\u0103 avem un plan foarte clar de evaluare, de discu\u0163ie a ce putem \u00eembun\u0103t\u0103\u0163i. (&#8230;) \u00cen aceast\u0103 uria\u015f\u0103 criz\u0103, ca \u015fi presiune de cereri de sprijin ale cet\u0103\u0163enilor fa\u0163\u0103 de capacitatea de a r\u0103spunde, este extrem de important pentru statul rom\u00e2n s\u0103 respecte regulile pe care le-a comunicat public. S\u0103 aib\u0103 un cet\u0103\u0163ean care s-a \u00eenscris pe un canal public, acces la informa\u0163ii exact la fel cum are cineva care sun\u0103 pe un telefon paralel, s\u0103 poat\u0103 s\u0103 fie contactate grupurile vulnerabile \u00een ordinea vulnerabilit\u0103\u0163ii lor, \u00een ordinea bazat\u0103 pe \u00eenscrierile formale, pe mail, s\u0103 nu existe firul scurt \u00een care cineva s\u0103 aib\u0103 acces privilegiat la informa\u0163ii&#8221;, a subliniat ministrul de Externe.<\/p>\n<p>Potrivit acesteia, &#8220;este perfect legitim ca orice p\u0103rinte s\u0103 \u00eencerce s\u0103 fac\u0103 tot ce poate pentru propriul copil, este \u00eens\u0103 datoria unei institu\u0163ii s\u0103 acorde informa\u0163ii relevante la timp tuturor cet\u0103\u0163enilor vulnerabili care s-au \u00eenscris pe canalele formale \u00een acela\u015fi timp sau \u00eenainte s\u0103 fac\u0103 asta \u00een func\u0163ie de cine a apelat la firul scurt&#8221;.<\/p>\n<p>&#8220;\u00cen ceea ce prive\u015fte cine din consulat a avut aceste conversa\u0163ii aici, va exista o evaluare dedicat\u0103. \u00cen acest moment, indiferent care persoan\u0103 din consulat a purtat aceste discu\u0163ii, responsabilitatea este \u015fi colectiv\u0103, nu doar individual\u0103. \u00centr-o situa\u0163ie de criz\u0103 exist\u0103 mai multe paliere care func\u0163ioneaz\u0103 \u00een paralel. \u00cen momentul \u00een care consulul m-a \u00eentrebat, \u00een acest caz aparte, ce are de f\u0103cut, i-am reamintit c\u0103 grupul fusese finalizat ca \u015fi categorii vulnerabile cu o zi \u00eenainte, la capacitatea total\u0103 a locurilor alocate Rom\u00e2niei. De asemenea, i-am spus c\u0103, dac\u0103 ia o decizie privind modificarea grupului sau propune un alt plan de \u00eentoarcere acas\u0103 &#8211; pentru c\u0103 aveam \u015fi alte zboruri \u00een plan pentru aceast\u0103 minor\u0103 ne\u00eenso\u0163it\u0103 sau pentru orice alt beneficiar aflat \u00een grij\u0103 &#8211; trebuie s\u0103 se asigure c\u0103 informa\u0163ia ajunge la to\u0163i cei din grupurile vulnerabile \u00eenscrise pe platform\u0103&#8221;, a declarat \u0162oiu.<\/p>\n<p>Ministrul a respins ideea c\u0103 ar fi intervenit pentru persoane anume.\u00a0&#8220;O s\u0103 v\u0103 reamintesc, ceea ce poate verifica oricine pe contul meu de Facebook \u015fi \u00een prima conferin\u0163\u0103 de pres\u0103 (&#8230;), este c\u0103 niciodat\u0103 nu am sunat niciun consul al Rom\u00e2niei ca s\u0103-l \u00eentreb de nicio persoan\u0103 cu nume \u015fi prenume. Niciodat\u0103 nu am sunat niciun consul al Rom\u00e2niei ca s\u0103-l \u00eentreb de numele p\u0103rin\u0163ilor oric\u0103rui beneficiar. S\u0103 presupune\u0163i c\u0103 un ministru de externe ar verifica ce fac copiii parlamentarilor \u00eentr-o situa\u0163ie de urgen\u0163\u0103 este la fel ca \u015fi cum a\u0163i prespune c\u0103 un ministru al educa\u0163iei ar apuca s\u0103 sune directorii de \u015fcoli ca s\u0103 verifice ce fac copiilor parlamentarilor, la fel ca a\u015fa cum un ministru al s\u0103n\u0103t\u0103\u0163ii ar suna \u00een spitale s\u0103 verifice starea de s\u0103n\u0103tate sau alocarea paturilor a copiilor de parlamentar&#8221;, a sus\u0163inut \u0162oiu.\u00a0\n<\/p><\/div>\n<p>[analyse_source url=&#8221;https:\/\/observatornews.ro\/politic\/oana-toiu-despre-cazul-irinei-ponta-a-existat-o-comunicare-paralela-cu-canalele-oficiale-648400.html&#8221;]<\/p>\n","protected":false},"excerpt":{"rendered":"<p>[analyse_image type=&#8221;featured&#8221; src=&#8221;https:\/\/img.observatornews.ro\/?u=https%3A%2F%2Fobservatornews.ro%2Fuploads%2Fmodules%2Fnews%2F0%2F2026%2F3%2F11%2F648400%2Foana-toiu-9aa7b008.jpg&amp;w=1200&amp;h=630&amp;c=1&#8243;] &#8220;\u00cen acest moment MAE, ca \u015fi ministerele afacerilor externe ale celorlalte \u0163\u0103ri, avem de gestionat cea mai important\u0103 criz\u0103 pe care am avut-o \u00een ultimele decenii, dac\u0103 ne g\u00e2ndim la num\u0103rul de \u0163\u0103ri, gradul de risc, num\u0103rul mic de personal \u00een spa\u0163iile respective \u015fi efortul consular. (&#8230;) \u00cen ceea ce prive\u015fte cazul [&hellip;]<\/p>\n","protected":false},"author":1,"featured_media":0,"comment_status":"open","ping_status":"","sticky":false,"template":"","format":"standard","meta":{"footnotes":""},"categories":[2],"tags":[226,30],"class_list":["post-1824754","post","type-post","status-publish","format-standard","hentry","category-politics","tag-crawlmanager","tag-observatornews-ro"],"_links":{"self":[{"href":"https:\/\/analyse.optim.biz\/index.php?rest_route=\/wp\/v2\/posts\/1824754","targetHints":{"allow":["GET"]}}],"collection":[{"href":"https:\/\/analyse.optim.biz\/index.php?rest_route=\/wp\/v2\/posts"}],"about":[{"href":"https:\/\/analyse.optim.biz\/index.php?rest_route=\/wp\/v2\/types\/post"}],"author":[{"embeddable":true,"href":"https:\/\/analyse.optim.biz\/index.php?rest_route=\/wp\/v2\/users\/1"}],"replies":[{"embeddable":true,"href":"https:\/\/analyse.optim.biz\/index.php?rest_route=%2Fwp%2Fv2%2Fcomments&post=1824754"}],"version-history":[{"count":0,"href":"https:\/\/analyse.optim.biz\/index.php?rest_route=\/wp\/v2\/posts\/1824754\/revisions"}],"wp:attachment":[{"href":"https:\/\/analyse.optim.biz\/index.php?rest_route=%2Fwp%2Fv2%2Fmedia&parent=1824754"}],"wp:term":[{"taxonomy":"category","embeddable":true,"href":"https:\/\/analyse.optim.biz\/index.php?rest_route=%2Fwp%2Fv2%2Fcategories&post=1824754"},{"taxonomy":"post_tag","embeddable":true,"href":"https:\/\/analyse.optim.biz\/index.php?rest_route=%2Fwp%2Fv2%2Ftags&post=1824754"}],"curies":[{"name":"wp","href":"https:\/\/api.w.org\/{rel}","templated":true}]}}