{"id":1824751,"date":"2026-03-11T11:54:00","date_gmt":"2026-03-11T08:54:00","guid":{"rendered":"https:\/\/analyse.optim.biz\/?p=1824751"},"modified":"2026-03-11T11:54:00","modified_gmt":"2026-03-11T08:54:00","slug":"oana-toiu-peste-5-700-de-romani-au-fost-adusi-in-siguranta-din-zona-conflictului","status":"publish","type":"post","link":"https:\/\/analyse.optim.biz\/?p=1824751","title":{"rendered":"Oana \u021aoiu: Peste 5.700 de rom\u00e2ni au fost adu\u0219i \u00een siguran\u021b\u0103 din zona conflictului"},"content":{"rendered":"<p>[analyse_image type=&#8221;featured&#8221; src=&#8221;https:\/\/img.observatornews.ro\/?u=https%3A%2F%2Fobservatornews.ro%2Fuploads%2Fmodules%2Fnews%2F0%2F2026%2F3%2F11%2F648386%2Fhepta-8738245-31fd237f.jpg&amp;w=1200&amp;h=630&amp;c=1&#8243;]<\/p>\n<div class=\"articleBody\" data-key=\"articleBody\">&#8220;\u00cen ce prive\u015fte evolu\u0163iile din Orientul Mijlociu, suntem \u00eentr-un moment \u00een care a trecut v\u00e2rful crizei, cel pu\u0163in din perspectiva cererilor cet\u0103\u0163enilor rom\u00e2ni de asisten\u0163\u0103. \u00cen acest moment, peste 5.700 de cet\u0103\u0163eni rom\u00e2ni au ajuns \u00eenapoi \u00een siguran\u0163\u0103 pe teritoriul Rom\u00e2niei. Relu\u0103m cea mai important\u0103 informa\u0163ie pe care o comunic\u0103m zilnic c\u0103tre publicul general \u015fi anume, din cererile de asisten\u0163\u0103 consular\u0103 \u015fi sesiz\u0103rile pe care le primim de la autorit\u0103\u0163ile \u0163\u0103rilor din regiune, p\u00e2n\u0103 \u00een acest moment nu avem informa\u0163ii despre niciun rom\u00e2n r\u0103nit, nu avem informa\u0163ii despre niciun rom\u00e2n care s\u0103 fie victima conflictului. \u015ei acesta este cel mai important lucru&#8221;, a declarat\u00a0Oana \u0162oiu la Palatul Parlamentului.<\/p>\n<p>Ministrul a precizat c\u0103 siguran\u021ba cet\u0103\u021benilor rom\u00e2ni r\u0103m\u00e2ne principala prioritate a Ministerului Afacerilor Externe.<\/p>\n<p>Un nou zbor de evacuare pentru rom\u00e2nii vulnerabili din Emirate \u0219i Oman<\/p>\n<p>&#8220;\u00cen privin\u0163a zborurilor de evacuare, care reamintim c\u0103 sunt organizate pentru grupurile vulnerabile care nu pot opta pentru op\u0163iunile comerciale disponibile sau care au un grad de urgen\u0163\u0103 semnificativ din perspectiva duratei pe care o mai pot petrece \u00een spa\u0163iul respectiv, o s\u0103 avem \u015fi m\u00e2ine sear\u0103 un zbor de evacuare prin mecanismul Rescue. Va fi un zbor dedicat ultimilor cet\u0103\u0163eni care sunt \u00een categoriile vulnerabile din spa\u0163iile Abu Dhabi, Dubai \u015fi Oman&#8221;, a men\u0163ionat \u0162oiu.<\/p>\n<p>\u0218efa diploma\u021biei rom\u00e2ne a oferit detalii despre organizarea urm\u0103torului zbor de evacuare.<\/p>\n<p>&#8220;Cota alocat\u0103 pentru acest zbor de evacuare este de 130 de locuri. \u00cen acest moment, colegii din echipele consulare din spa\u0163iile respective contacteaz\u0103 pe cei care s-au \u00eenscris pe platformele formale anun\u0163ate de Ministerul Afacerilor Externe, cu detalii privind acest grad de vulnerabilitate &#8211; copiii, minorii, \u00een special minorii de v\u00e2rste mici, r\u0103m\u00e2n prioritate \u00een ceea ce prive\u015fte cazurile medicale. Mai avem un num\u0103r limitat de cazuri medicale care n-au fost incluse \u00een zborurile anterioare&#8221;, a completat\u00a0Oana \u0162oiu.\n<\/p><\/div>\n<p>[analyse_source url=&#8221;https:\/\/observatornews.ro\/politic\/oana-toiu-peste-5700-de-romani-au-fost-adusi-in-siguranta-din-zona-conflictului-648386.html&#8221;]<\/p>\n","protected":false},"excerpt":{"rendered":"<p>[analyse_image type=&#8221;featured&#8221; src=&#8221;https:\/\/img.observatornews.ro\/?u=https%3A%2F%2Fobservatornews.ro%2Fuploads%2Fmodules%2Fnews%2F0%2F2026%2F3%2F11%2F648386%2Fhepta-8738245-31fd237f.jpg&amp;w=1200&amp;h=630&amp;c=1&#8243;] &#8220;\u00cen ce prive\u015fte evolu\u0163iile din Orientul Mijlociu, suntem \u00eentr-un moment \u00een care a trecut v\u00e2rful crizei, cel pu\u0163in din perspectiva cererilor cet\u0103\u0163enilor rom\u00e2ni de asisten\u0163\u0103. \u00cen acest moment, peste 5.700 de cet\u0103\u0163eni rom\u00e2ni au ajuns \u00eenapoi \u00een siguran\u0163\u0103 pe teritoriul Rom\u00e2niei. Relu\u0103m cea mai important\u0103 informa\u0163ie pe care o comunic\u0103m zilnic c\u0103tre [&hellip;]<\/p>\n","protected":false},"author":1,"featured_media":0,"comment_status":"open","ping_status":"","sticky":false,"template":"","format":"standard","meta":{"footnotes":""},"categories":[2],"tags":[226,30],"class_list":["post-1824751","post","type-post","status-publish","format-standard","hentry","category-politics","tag-crawlmanager","tag-observatornews-ro"],"_links":{"self":[{"href":"https:\/\/analyse.optim.biz\/index.php?rest_route=\/wp\/v2\/posts\/1824751","targetHints":{"allow":["GET"]}}],"collection":[{"href":"https:\/\/analyse.optim.biz\/index.php?rest_route=\/wp\/v2\/posts"}],"about":[{"href":"https:\/\/analyse.optim.biz\/index.php?rest_route=\/wp\/v2\/types\/post"}],"author":[{"embeddable":true,"href":"https:\/\/analyse.optim.biz\/index.php?rest_route=\/wp\/v2\/users\/1"}],"replies":[{"embeddable":true,"href":"https:\/\/analyse.optim.biz\/index.php?rest_route=%2Fwp%2Fv2%2Fcomments&post=1824751"}],"version-history":[{"count":0,"href":"https:\/\/analyse.optim.biz\/index.php?rest_route=\/wp\/v2\/posts\/1824751\/revisions"}],"wp:attachment":[{"href":"https:\/\/analyse.optim.biz\/index.php?rest_route=%2Fwp%2Fv2%2Fmedia&parent=1824751"}],"wp:term":[{"taxonomy":"category","embeddable":true,"href":"https:\/\/analyse.optim.biz\/index.php?rest_route=%2Fwp%2Fv2%2Fcategories&post=1824751"},{"taxonomy":"post_tag","embeddable":true,"href":"https:\/\/analyse.optim.biz\/index.php?rest_route=%2Fwp%2Fv2%2Ftags&post=1824751"}],"curies":[{"name":"wp","href":"https:\/\/api.w.org\/{rel}","templated":true}]}}