{"id":1824737,"date":"2026-03-10T19:56:00","date_gmt":"2026-03-10T16:56:00","guid":{"rendered":"https:\/\/analyse.optim.biz\/?p=1824737"},"modified":"2026-03-10T19:56:00","modified_gmt":"2026-03-10T16:56:00","slug":"nicusor-dan-uniunea-europeana-trebuie-sa-isi-consolideze-autonomia-in-sectorul-energetic","status":"publish","type":"post","link":"https:\/\/analyse.optim.biz\/?p=1824737","title":{"rendered":"Nicu\u015for Dan: &#8220;Uniunea European\u0103 trebuie s\u0103 \u00ee\u0219i consolideze autonomia \u00een sectorul energetic&#8221;"},"content":{"rendered":"<p>[analyse_image type=&#8221;featured&#8221; src=&#8221;https:\/\/img.observatornews.ro\/?u=https%3A%2F%2Fobservatornews.ro%2Fuploads%2Fmodules%2Fnews%2F0%2F2026%2F3%2F10%2F648333%2Fnicusor-f8875a00.jpg&amp;w=1200&amp;h=630&amp;c=1&#8243;]<\/p>\n<div class=\"articleBody\" data-key=\"articleBody\">&#8220;A fost o \u00eent\u00e2lnire foarte util\u0103 din perspectiva coordon\u0103rii pozi\u021biilor noastre, \u00een preg\u0103tirea Consiliului European din 19-20 martie 2026. Principalul subiect abordat a fost cel legat de pre\u021burile la energie si impactul lor asupra obiectivelor de consolidare a competitivit\u0103\u021bii europene \u0219i de stimulare a industriei, agravat recent de cre\u0219terea pre\u021burilor la petrol \u0219i gaze pe pia\u021ba interna\u021bional\u0103, ca urmare a crizei din Orientul Mijlociu&#8221;, se arat\u0103 \u00een mesajul pre\u0219edintelui Nicu\u0219or Dan, publicat, mar\u021bi sear\u0103, pe X.<\/p>\n<p>INFORMARESet\u0103rile tale privind cookie-urile nu permit afi\u0219area con\u021binutului din aceast\u0103 zon\u0103. E necesar s\u0103 accep\u021bi cookie-urile social media pentru afisarea acestui tip de con\u021binut. Modific\u0103 set\u0103rile<\/p>\n<p>\u00cen cadrul interven\u021biei sale, \u0219eful statului a subliniat &#8220;nevoia \u0219i importan\u021ba unor m\u0103suri urgente pentru sc\u0103derea pre\u021bului energiei, astfel \u00eenc\u00e2t s\u0103 fie redus\u0103 presiunea asupra industriei \u0219i cet\u0103\u021benilor \u0219i s\u0103 fie relansat\u0103 competitivitatea economiei europene, iar asupra acestei chestiuni a fost consens \u00eentre liderii participan\u021bi&#8221;.<\/p>\n<p>&#8220;\u00cen paralel, trebuie s\u0103 facem o analiz\u0103 a modului \u00een care vom aborda sectorul energetic pe termen mediu \u0219i lung, care s\u0103 vizeze valorificarea rolului resurselor proprii \u0219i revalorizarea lor \u00een ansamblul mix-ului energetic european&#8221;, a mai scris pre\u0219edintele.<\/p>\n<p>Nicu\u0219or Dan a precizat c\u0103 Uniunea European\u0103 trebuie s\u0103 \u00ee\u0219i consolideze autonomia \u00een sectorul energetic, dar \u0219i s\u0103 reduc\u0103 dependen\u021bele c\u00e2t mai rapid.\n<\/p><\/div>\n<p>[analyse_source url=&#8221;https:\/\/observatornews.ro\/politic\/nicusor-dan-uniunea-europeana-trebuie-sa-isi-consolideze-autonomia-in-sectorul-energetic-648333.html&#8221;]<\/p>\n","protected":false},"excerpt":{"rendered":"<p>[analyse_image type=&#8221;featured&#8221; src=&#8221;https:\/\/img.observatornews.ro\/?u=https%3A%2F%2Fobservatornews.ro%2Fuploads%2Fmodules%2Fnews%2F0%2F2026%2F3%2F10%2F648333%2Fnicusor-f8875a00.jpg&amp;w=1200&amp;h=630&amp;c=1&#8243;] &#8220;A fost o \u00eent\u00e2lnire foarte util\u0103 din perspectiva coordon\u0103rii pozi\u021biilor noastre, \u00een preg\u0103tirea Consiliului European din 19-20 martie 2026. Principalul subiect abordat a fost cel legat de pre\u021burile la energie si impactul lor asupra obiectivelor de consolidare a competitivit\u0103\u021bii europene \u0219i de stimulare a industriei, agravat recent de cre\u0219terea pre\u021burilor la petrol [&hellip;]<\/p>\n","protected":false},"author":1,"featured_media":0,"comment_status":"open","ping_status":"","sticky":false,"template":"","format":"standard","meta":{"footnotes":""},"categories":[2],"tags":[226,30],"class_list":["post-1824737","post","type-post","status-publish","format-standard","hentry","category-politics","tag-crawlmanager","tag-observatornews-ro"],"_links":{"self":[{"href":"https:\/\/analyse.optim.biz\/index.php?rest_route=\/wp\/v2\/posts\/1824737","targetHints":{"allow":["GET"]}}],"collection":[{"href":"https:\/\/analyse.optim.biz\/index.php?rest_route=\/wp\/v2\/posts"}],"about":[{"href":"https:\/\/analyse.optim.biz\/index.php?rest_route=\/wp\/v2\/types\/post"}],"author":[{"embeddable":true,"href":"https:\/\/analyse.optim.biz\/index.php?rest_route=\/wp\/v2\/users\/1"}],"replies":[{"embeddable":true,"href":"https:\/\/analyse.optim.biz\/index.php?rest_route=%2Fwp%2Fv2%2Fcomments&post=1824737"}],"version-history":[{"count":0,"href":"https:\/\/analyse.optim.biz\/index.php?rest_route=\/wp\/v2\/posts\/1824737\/revisions"}],"wp:attachment":[{"href":"https:\/\/analyse.optim.biz\/index.php?rest_route=%2Fwp%2Fv2%2Fmedia&parent=1824737"}],"wp:term":[{"taxonomy":"category","embeddable":true,"href":"https:\/\/analyse.optim.biz\/index.php?rest_route=%2Fwp%2Fv2%2Fcategories&post=1824737"},{"taxonomy":"post_tag","embeddable":true,"href":"https:\/\/analyse.optim.biz\/index.php?rest_route=%2Fwp%2Fv2%2Ftags&post=1824737"}],"curies":[{"name":"wp","href":"https:\/\/api.w.org\/{rel}","templated":true}]}}