{"id":1823792,"date":"2026-03-09T12:44:46","date_gmt":"2026-03-09T09:44:46","guid":{"rendered":"https:\/\/analyse.optim.biz\/?p=1823792"},"modified":"2026-03-09T12:44:46","modified_gmt":"2026-03-09T09:44:46","slug":"sofer-fara-permis-de-conducere-retinut-ziarul-liber-in-teleorman","status":"publish","type":"post","link":"https:\/\/analyse.optim.biz\/?p=1823792","title":{"rendered":"\u0218ofer f\u0103r\u0103 permis de conducere, re\u021binut &#8211; Ziarul Liber in Teleorman"},"content":{"rendered":"<p>[analyse_image type=&#8221;featured&#8221; src=&#8221;https:\/\/liberinteleorman.ro\/wp-content\/uploads\/2025\/08\/politia-3.jpeg&#8221;]<\/p>\n<div class=\"entry-content single56__content single56__post_content single56__body_area\">\n<p>Poli\u021bi\u0219tii din cadrul Sec\u021biei 5 Poli\u021bie Rural\u0103 Dobrote\u0219ti efectueaz\u0103 cercet\u0103ri \u00een cadrul unui dosar penal \u00eentocmit sub aspectul s\u0103v\u00e2r\u0219irii infrac\u021biunii de conducerea unui vehicul f\u0103r\u0103 permis de conducere, fa\u021b\u0103 de un b\u0103rbat.<\/p>\n<p>\u00cen fapt, la data de 7 martie a.c., \u00een jurul orei 12:10, poli\u021bi\u0219tii au identificat \u00een trafic un autoturism, \u00een comuna Dobrote\u0219ti, la volanul c\u0103ruia se afla un b\u0103rbat, iar in urma verific\u0103rilor efectuate \u00een bazele de date ale Poli\u021bie Rom\u00e2ne, s-a constatat faptul c\u0103 acesta nu posed\u0103 permis de conducere pentru nicio categorie de vehicule.<\/p>\n<p>\u00cen urma probatoriului administrat, a fost dispus\u0103 m\u0103sura re\u021binerii fa\u021b\u0103 de b\u0103rbat.<\/p>\n<p>Cercet\u0103rile sunt continuate sub coordonarea procurorului din cadrul Parchetului de pe l\u00e2ng\u0103 Judec\u0103toria Ro\u0219iori de Vede.<\/p>\n<\/div>\n<p>[analyse_source url=&#8221;https:\/\/liberinteleorman.ro\/sofer-fara-permis-de-conducere-retinut\/&#8221;]<\/p>\n","protected":false},"excerpt":{"rendered":"<p>[analyse_image type=&#8221;featured&#8221; src=&#8221;https:\/\/liberinteleorman.ro\/wp-content\/uploads\/2025\/08\/politia-3.jpeg&#8221;] Poli\u021bi\u0219tii din cadrul Sec\u021biei 5 Poli\u021bie Rural\u0103 Dobrote\u0219ti efectueaz\u0103 cercet\u0103ri \u00een cadrul unui dosar penal \u00eentocmit sub aspectul s\u0103v\u00e2r\u0219irii infrac\u021biunii de conducerea unui vehicul f\u0103r\u0103 permis de conducere, fa\u021b\u0103 de un b\u0103rbat. \u00cen fapt, la data de 7 martie a.c., \u00een jurul orei 12:10, poli\u021bi\u0219tii au identificat \u00een trafic un autoturism, \u00een [&hellip;]<\/p>\n","protected":false},"author":1,"featured_media":0,"comment_status":"open","ping_status":"","sticky":false,"template":"","format":"standard","meta":{"footnotes":""},"categories":[89],"tags":[226,181],"class_list":["post-1823792","post","type-post","status-publish","format-standard","hentry","category-romania","tag-crawlmanager","tag-liberinteleorman-ro"],"_links":{"self":[{"href":"https:\/\/analyse.optim.biz\/index.php?rest_route=\/wp\/v2\/posts\/1823792","targetHints":{"allow":["GET"]}}],"collection":[{"href":"https:\/\/analyse.optim.biz\/index.php?rest_route=\/wp\/v2\/posts"}],"about":[{"href":"https:\/\/analyse.optim.biz\/index.php?rest_route=\/wp\/v2\/types\/post"}],"author":[{"embeddable":true,"href":"https:\/\/analyse.optim.biz\/index.php?rest_route=\/wp\/v2\/users\/1"}],"replies":[{"embeddable":true,"href":"https:\/\/analyse.optim.biz\/index.php?rest_route=%2Fwp%2Fv2%2Fcomments&post=1823792"}],"version-history":[{"count":0,"href":"https:\/\/analyse.optim.biz\/index.php?rest_route=\/wp\/v2\/posts\/1823792\/revisions"}],"wp:attachment":[{"href":"https:\/\/analyse.optim.biz\/index.php?rest_route=%2Fwp%2Fv2%2Fmedia&parent=1823792"}],"wp:term":[{"taxonomy":"category","embeddable":true,"href":"https:\/\/analyse.optim.biz\/index.php?rest_route=%2Fwp%2Fv2%2Fcategories&post=1823792"},{"taxonomy":"post_tag","embeddable":true,"href":"https:\/\/analyse.optim.biz\/index.php?rest_route=%2Fwp%2Fv2%2Ftags&post=1823792"}],"curies":[{"name":"wp","href":"https:\/\/api.w.org\/{rel}","templated":true}]}}