{"id":182333,"date":"2015-04-25T16:51:18","date_gmt":"2015-04-25T13:51:18","guid":{"rendered":"https:\/\/analyse.optim.biz\/?p=182333"},"modified":"2015-04-25T16:51:18","modified_gmt":"2015-04-25T13:51:18","slug":"senatorul-alexandru-cordos-se-autosuspenda-din-functiile-din-psd","status":"publish","type":"post","link":"https:\/\/analyse.optim.biz\/?p=182333","title":{"rendered":"Senatorul Alexandru Cordo\u015f se autosuspend\u0103 din func\u0163iile din PSD"},"content":{"rendered":"<div class=\"entry data-app-meta data-app-meta-article\" data-embed-base-url-canonical=\"https:\/\/www.digi24.ro\/embed\/stiri\/actualitate\/politica\/senatorul-alexandru-cordos-se-autosuspenda-din-functiile-din-psd-384495\">\n<p data-index=\"1\"><strong>&#8220;M\u0103 autosuspend pentru a nu implica PSD \u00een situa\u0163ia juridic\u0103 pe care o voi clarifica \u00een justi\u0163ie. Am \u00eencredere \u00een justi\u0163ie&#8221;, a declarat senatorul social-democrat. Acesta este vicepre\u015fedinte al filialei PSD Cluj.<\/strong><\/p>\n<p data-index=\"2\">Senatorul Alexandru Cordo\u015f, so\u0163ia acestuia, Mihaiela Cordo\u015f, dar \u015fi fiica lor Andreea, au fost pu\u015fi sub urm\u0103rire penal\u0103, de procurorii DNA. Mihaiela Cordo\u015f este acuzat\u0103 c\u0103 a luat mit\u0103, pentru a ob\u0163ine locuri de munc\u0103 mai multor persoane, cu ajutorul so\u0163ului \u015fi fiicei. Ea ar fi pretins bani de la mai multe persoane, c\u0103rora le-ar fi promis locuri de munc\u0103 la Spitalul Clinic Jude\u0163ean de Urgen\u0163\u0103 Cluj sau \u00een \u00eenv\u0103\u0163\u0103m\u00e2nt.<\/p>\n<p data-index=\"3\"><a href=\"https:\/\/www.digi24.ro\/Stiri\/Digi24\/Actualitate\/Justitie\/Sotie+senator+Alexandru+Cordos+retinere+Mihaiela+Cordos\" target=\"_blank\" data-skip-linkfix=\"1\" rel=\"noopener\">So\u021bia senatorului Alexandru Cordo\u0219 a fost re\u021binut\u0103. Ea este acuzat\u0103 de trafic de influen\u021b\u0103.<\/a><\/p>\n<\/div>\n<p> Source URL: https:\/\/www.digi24.ro\/stiri\/actualitate\/politica\/senatorul-alexandru-cordos-se-autosuspenda-din-functiile-din-psd-384495<\/p>\n","protected":false},"excerpt":{"rendered":"<p>&#8220;M\u0103 autosuspend pentru a nu implica PSD \u00een situa\u0163ia juridic\u0103 pe care o voi clarifica \u00een justi\u0163ie. Am \u00eencredere \u00een justi\u0163ie&#8221;, a declarat senatorul social-democrat. Acesta este vicepre\u015fedinte al filialei PSD Cluj. Senatorul Alexandru Cordo\u015f, so\u0163ia acestuia, Mihaiela Cordo\u015f, dar \u015fi fiica lor Andreea, au fost pu\u015fi sub urm\u0103rire penal\u0103, de procurorii DNA. Mihaiela Cordo\u015f [&hellip;]<\/p>\n","protected":false},"author":1,"featured_media":182334,"comment_status":"open","ping_status":"","sticky":false,"template":"","format":"standard","meta":{"footnotes":""},"categories":[2],"tags":[11],"class_list":["post-182333","post","type-post","status-publish","format-standard","has-post-thumbnail","hentry","category-politics","tag-digi24"],"_links":{"self":[{"href":"https:\/\/analyse.optim.biz\/index.php?rest_route=\/wp\/v2\/posts\/182333","targetHints":{"allow":["GET"]}}],"collection":[{"href":"https:\/\/analyse.optim.biz\/index.php?rest_route=\/wp\/v2\/posts"}],"about":[{"href":"https:\/\/analyse.optim.biz\/index.php?rest_route=\/wp\/v2\/types\/post"}],"author":[{"embeddable":true,"href":"https:\/\/analyse.optim.biz\/index.php?rest_route=\/wp\/v2\/users\/1"}],"replies":[{"embeddable":true,"href":"https:\/\/analyse.optim.biz\/index.php?rest_route=%2Fwp%2Fv2%2Fcomments&post=182333"}],"version-history":[{"count":0,"href":"https:\/\/analyse.optim.biz\/index.php?rest_route=\/wp\/v2\/posts\/182333\/revisions"}],"wp:featuredmedia":[{"embeddable":true,"href":"https:\/\/analyse.optim.biz\/index.php?rest_route=\/wp\/v2\/media\/182334"}],"wp:attachment":[{"href":"https:\/\/analyse.optim.biz\/index.php?rest_route=%2Fwp%2Fv2%2Fmedia&parent=182333"}],"wp:term":[{"taxonomy":"category","embeddable":true,"href":"https:\/\/analyse.optim.biz\/index.php?rest_route=%2Fwp%2Fv2%2Fcategories&post=182333"},{"taxonomy":"post_tag","embeddable":true,"href":"https:\/\/analyse.optim.biz\/index.php?rest_route=%2Fwp%2Fv2%2Ftags&post=182333"}],"curies":[{"name":"wp","href":"https:\/\/api.w.org\/{rel}","templated":true}]}}