{"id":182330,"date":"2015-04-26T12:04:17","date_gmt":"2015-04-26T09:04:17","guid":{"rendered":"https:\/\/analyse.optim.biz\/?p=182330"},"modified":"2015-04-26T12:04:17","modified_gmt":"2015-04-26T09:04:17","slug":"tatiana-niculescu-bran-sa-fi-schimbat-macar-perdelele-palatului-m-as-fi-numit-dama-cu-perdele","status":"publish","type":"post","link":"https:\/\/analyse.optim.biz\/?p=182330","title":{"rendered":"Tatiana Niculescu Bran: \u201eS\u0103 fi schimbat m\u0103car perdelele palatului\/ m-a\u015f fi numit (&#8230;) dama cu perdele\u201d"},"content":{"rendered":"<div class=\"entry data-app-meta data-app-meta-article\" data-embed-base-url-canonical=\"https:\/\/www.digi24.ro\/embed\/stiri\/actualitate\/politica\/tatiana-niculescu-bran-sa-fi-schimbat-macar-perdelele-palatului-m-as-fi-numit-dama-cu-perdele-384595\">\n<p data-index=\"1\"><img decoding=\"async\" src=\"https:\/\/analyse.optim.biz\/wp-content\/uploads\/2024\/09\/zjvmnmnmzgy3mjdhngvlywm3nmiwmjq2mta5-thumb_.jpg\" data-skip-htmlfix=\"1\" title=\"zjvmnmnmzgy3mjdhngvlywm3nmiwmjq2mta5-thumb_\">\u00a0<\/p>\n<p data-index=\"2\">\u201e<span>s\u0103 fi schimbat m\u0103car perdelele palatului<\/span><\/p>\n<p data-index=\"3\">m-a\u015f fi numit, prin decret, dama cu perdele<\/p>\n<p data-index=\"4\">s\u0103 fi scos m\u0103car covoarele \u00een ploaie<\/p>\n<p data-index=\"5\">reforma institu\u0163iilor era gata<\/p>\n<p data-index=\"6\">of, s\u0103 fi renovat cantina la timp<\/p>\n<p data-index=\"7\">alta, cu totul alta era via\u0163a\u201d<\/p>\n<p data-index=\"8\">Acesta este poemul scris de Tatiana Niculescu Bran.\u00a0Tatiana Niculescu Bran ironizeaz\u0103, \u00een versuri, reac\u0163ia public\u0103 cu privire la o alt\u0103 postare a sa \u00een care se pl\u00e2ngea de starea \u00een care a g\u0103sit Palatul Cotroceni.<\/p>\n<p data-index=\"9\">Pre\u015fedintele\u00a0Klaus Iohannis\u00a0a semnat, joi, decretul pentru eliberarea din func\u0163ia de consilier preziden\u0163ial a Tatianei Niculescu Bran, dup\u0103 ce aceasta a anun\u0163at, mar\u0163i, c\u0103 s-a retras din func\u0163ia de purt\u0103tor de cuv\u00e2nt al \u015fefului statului, scrie Mediafax.<\/p>\n<p data-index=\"10\">Tatiana Niculescu Bran a anun\u0163at, mar\u0163i, c\u0103 s-a retras din func\u0163ia de purt\u0103tor de cuv\u00e2nt al pre\u015fedintelui Klaus Iohannis, men\u0163ion\u00e2nd c\u0103 decizia a fost motivat\u0103 de constatarea c\u0103, \u00een perioada decembrie 2014 &#8211; aprilie 2015, colaborarea sa cu presa nu a fost cea pe care ar fi dorit-o.<\/p>\n<h5><span>Citi\u021bi \u0219i<\/span><\/h5>\n<h5><a href=\"https:\/\/www.digi24.ro\/Stiri\/Digi24\/Actualitate\/Politica\/In+cautarea+unui+purtator+de+cuvant+pentru+Klaus+Iohannis+Nemult\" data-skip-linkfix=\"1\"><span>\u00cen c\u0103utarea unui purt\u0103tor de cuv\u00e2nt pentru Klaus Iohannis. Nemul\u021bumirile fo\u0219tilor comunicatori de la Cotroceni<\/span><\/a><\/h5>\n<h5><a href=\"https:\/\/www.digi24.ro\/Stiri\/Digi24\/Actualitate\/Politica\/Klaus+Iohannis+purtator+de+cuvant+Emil+Hurezeanu+Sfinx\" data-skip-linkfix=\"1\"><span>Emil Hurezeanu, despre demisia Tatianei Niculescu Bran: E greu s\u0103 fii purt\u0103torul de cuv\u00e2nt al unui Sfinx<\/span><\/a><\/h5>\n<\/div>\n<p> Source URL: https:\/\/www.digi24.ro\/stiri\/actualitate\/politica\/tatiana-niculescu-bran-sa-fi-schimbat-macar-perdelele-palatului-m-as-fi-numit-dama-cu-perdele-384595<\/p>\n","protected":false},"excerpt":{"rendered":"<p>\u00a0 \u201es\u0103 fi schimbat m\u0103car perdelele palatului m-a\u015f fi numit, prin decret, dama cu perdele s\u0103 fi scos m\u0103car covoarele \u00een ploaie reforma institu\u0163iilor era gata of, s\u0103 fi renovat cantina la timp alta, cu totul alta era via\u0163a\u201d Acesta este poemul scris de Tatiana Niculescu Bran.\u00a0Tatiana Niculescu Bran ironizeaz\u0103, \u00een versuri, reac\u0163ia public\u0103 cu [&hellip;]<\/p>\n","protected":false},"author":1,"featured_media":182331,"comment_status":"open","ping_status":"","sticky":false,"template":"","format":"standard","meta":{"footnotes":""},"categories":[2],"tags":[11],"class_list":["post-182330","post","type-post","status-publish","format-standard","has-post-thumbnail","hentry","category-politics","tag-digi24"],"_links":{"self":[{"href":"https:\/\/analyse.optim.biz\/index.php?rest_route=\/wp\/v2\/posts\/182330","targetHints":{"allow":["GET"]}}],"collection":[{"href":"https:\/\/analyse.optim.biz\/index.php?rest_route=\/wp\/v2\/posts"}],"about":[{"href":"https:\/\/analyse.optim.biz\/index.php?rest_route=\/wp\/v2\/types\/post"}],"author":[{"embeddable":true,"href":"https:\/\/analyse.optim.biz\/index.php?rest_route=\/wp\/v2\/users\/1"}],"replies":[{"embeddable":true,"href":"https:\/\/analyse.optim.biz\/index.php?rest_route=%2Fwp%2Fv2%2Fcomments&post=182330"}],"version-history":[{"count":0,"href":"https:\/\/analyse.optim.biz\/index.php?rest_route=\/wp\/v2\/posts\/182330\/revisions"}],"wp:featuredmedia":[{"embeddable":true,"href":"https:\/\/analyse.optim.biz\/index.php?rest_route=\/wp\/v2\/media\/182331"}],"wp:attachment":[{"href":"https:\/\/analyse.optim.biz\/index.php?rest_route=%2Fwp%2Fv2%2Fmedia&parent=182330"}],"wp:term":[{"taxonomy":"category","embeddable":true,"href":"https:\/\/analyse.optim.biz\/index.php?rest_route=%2Fwp%2Fv2%2Fcategories&post=182330"},{"taxonomy":"post_tag","embeddable":true,"href":"https:\/\/analyse.optim.biz\/index.php?rest_route=%2Fwp%2Fv2%2Ftags&post=182330"}],"curies":[{"name":"wp","href":"https:\/\/api.w.org\/{rel}","templated":true}]}}