{"id":182269,"date":"2015-05-07T16:28:42","date_gmt":"2015-05-07T13:28:42","guid":{"rendered":"https:\/\/analyse.optim.biz\/?p=182269"},"modified":"2015-05-07T16:28:42","modified_gmt":"2015-05-07T13:28:42","slug":"victor-ponta-arestarea-preventiva-este-pentru-infractori-periculosi-si-pentru-fapte-de-violenta","status":"publish","type":"post","link":"https:\/\/analyse.optim.biz\/?p=182269","title":{"rendered":"Victor Ponta:\u00a0Arestarea preventiv\u0103 este pentru infractori periculo\u015fi \u015fi pentru fapte de violen\u0163\u0103"},"content":{"rendered":"<div class=\"entry data-app-meta data-app-meta-article\" data-embed-base-url-canonical=\"https:\/\/www.digi24.ro\/embed\/stiri\/actualitate\/politica\/victor-ponta-arestarea-preventiva-este-pentru-infractori-periculosi-si-pentru-fapte-de-violenta-388807\">\n<p data-index=\"1\"><a href=\"https:\/\/www.digi24.ro\/Stiri\/Regional\/Digi24+Iasi\/Stiri\/Gheorghe+Nichita+s-a+autosuspendat+din+toate+functiile+pe+care+l\" target=\"_blank\" data-skip-linkfix=\"1\" rel=\"noopener\">Gheorghe Nichita s-a autosuspendat din func\u0163iile pe care le de\u0163ine \u00een Partidul Social Democrat.<\/a><\/p>\n<p data-index=\"2\">\u201e<span>Am luat act de suspendare din toate func\u0163iile politice ale domnului vicepre\u015fedinte Nichita. (&#8230;) Decizia domnului Nichita mi-a comunicat-o de diminea\u0163\u0103 \u015fi va r\u0103m\u00e2ne \u00een vigoare p\u00e2n\u0103 c\u00e2nd \u00ee\u015fi va l\u0103muri din punct de vedere juridic situa\u0163ia\u201d, a spus Victor Ponta. <\/span><\/p>\n<p data-index=\"3\">\u201e<span><strong>Vreau s\u0103 spun foarte clar, e dreptul domniei sale de a se ap\u0103ra, nu \u015ftiu ce e adev\u0103rat \u015fi ce nu e adev\u0103rat. Mi se pare total neacceptabil o parte din ceea ce am aflat din pres\u0103: urm\u0103rim persoane, facem presiuni.<\/strong> Cred c\u0103 trebuie s\u0103 justifice, s\u0103 explice ce s-a \u00eent\u00e2mplat. <strong>La fel de adev\u0103rat este c\u0103 eu cred c\u0103 fiecare om trebuie s\u0103 pl\u0103teasc\u0103 pentru gre\u015felile lui, dar arestarea preventiv\u0103 este pentru infractori periculo\u015fi \u015fi pentru fapte de violen\u0163\u0103. Cred c\u0103 nici m\u0103car domnul Adomni\u0163ei, care acum e \u00een dub\u0103 \u015fi se bucura de r\u0103ul domnului Nichita nu trebuie neap\u0103rat s\u0103 fie \u00een arest preventiv. Cred c\u0103 to\u0163i cei care nu sunt violen\u0163i au dreptul s\u0103 fie judeca\u0163i de judec\u0103tori \u015fi, dac\u0103 au gre\u015fit, s\u0103 pl\u0103teasc\u0103 pentru ceea ce fac\u201d, a mai spus liderul PSD. \u00a0 \u00a0<\/strong><\/span><\/p>\n<p data-index=\"4\"><a href=\"https:\/\/www.digi24.ro\/Stiri\/Digi24\/Actualitate\/Justitie\/Cristian+Adomnitei+ridicat+de+procurorii+DNA\" target=\"_blank\" data-skip-linkfix=\"1\" rel=\"noopener\">\u015eeful Consiliului Jude\u0163ean Ia\u015fi, Cristian Adomni\u0163ei, a fost ridicat, ast\u0103zi, din trafic \u015fi dus la DNA pentru audieri.<\/a><\/p>\n<\/div>\n<p> Source URL: https:\/\/www.digi24.ro\/stiri\/actualitate\/politica\/victor-ponta-arestarea-preventiva-este-pentru-infractori-periculosi-si-pentru-fapte-de-violenta-388807<\/p>\n","protected":false},"excerpt":{"rendered":"<p>Gheorghe Nichita s-a autosuspendat din func\u0163iile pe care le de\u0163ine \u00een Partidul Social Democrat. \u201eAm luat act de suspendare din toate func\u0163iile politice ale domnului vicepre\u015fedinte Nichita. (&#8230;) Decizia domnului Nichita mi-a comunicat-o de diminea\u0163\u0103 \u015fi va r\u0103m\u00e2ne \u00een vigoare p\u00e2n\u0103 c\u00e2nd \u00ee\u015fi va l\u0103muri din punct de vedere juridic situa\u0163ia\u201d, a spus Victor Ponta. [&hellip;]<\/p>\n","protected":false},"author":1,"featured_media":182270,"comment_status":"open","ping_status":"","sticky":false,"template":"","format":"standard","meta":{"footnotes":""},"categories":[2],"tags":[11],"class_list":["post-182269","post","type-post","status-publish","format-standard","has-post-thumbnail","hentry","category-politics","tag-digi24"],"_links":{"self":[{"href":"https:\/\/analyse.optim.biz\/index.php?rest_route=\/wp\/v2\/posts\/182269","targetHints":{"allow":["GET"]}}],"collection":[{"href":"https:\/\/analyse.optim.biz\/index.php?rest_route=\/wp\/v2\/posts"}],"about":[{"href":"https:\/\/analyse.optim.biz\/index.php?rest_route=\/wp\/v2\/types\/post"}],"author":[{"embeddable":true,"href":"https:\/\/analyse.optim.biz\/index.php?rest_route=\/wp\/v2\/users\/1"}],"replies":[{"embeddable":true,"href":"https:\/\/analyse.optim.biz\/index.php?rest_route=%2Fwp%2Fv2%2Fcomments&post=182269"}],"version-history":[{"count":0,"href":"https:\/\/analyse.optim.biz\/index.php?rest_route=\/wp\/v2\/posts\/182269\/revisions"}],"wp:featuredmedia":[{"embeddable":true,"href":"https:\/\/analyse.optim.biz\/index.php?rest_route=\/wp\/v2\/media\/182270"}],"wp:attachment":[{"href":"https:\/\/analyse.optim.biz\/index.php?rest_route=%2Fwp%2Fv2%2Fmedia&parent=182269"}],"wp:term":[{"taxonomy":"category","embeddable":true,"href":"https:\/\/analyse.optim.biz\/index.php?rest_route=%2Fwp%2Fv2%2Fcategories&post=182269"},{"taxonomy":"post_tag","embeddable":true,"href":"https:\/\/analyse.optim.biz\/index.php?rest_route=%2Fwp%2Fv2%2Ftags&post=182269"}],"curies":[{"name":"wp","href":"https:\/\/api.w.org\/{rel}","templated":true}]}}