{"id":182266,"date":"2015-05-07T18:43:39","date_gmt":"2015-05-07T15:43:39","guid":{"rendered":"https:\/\/analyse.optim.biz\/?p=182266"},"modified":"2015-05-07T18:43:39","modified_gmt":"2015-05-07T15:43:39","slug":"victor-ponta-ue-a-suspendat-fonduri-de-un-miliard-de-euro-destinate-romaniei","status":"publish","type":"post","link":"https:\/\/analyse.optim.biz\/?p=182266","title":{"rendered":"Victor Ponta: UE a suspendat fonduri de un miliard de euro destinate Rom\u00e2niei"},"content":{"rendered":"<div class=\"entry data-app-meta data-app-meta-article\" data-embed-base-url-canonical=\"https:\/\/www.digi24.ro\/embed\/stiri\/actualitate\/politica\/victor-ponta-ue-a-suspendat-fonduri-de-un-miliard-de-euro-destinate-romaniei-388857\">\n<p data-index=\"1\"><img decoding=\"async\" src=\"https:\/\/analyse.optim.biz\/wp-content\/uploads\/2024\/09\/anbnjnc9odawjmhhc2g9ndmzntrkzgzhmti5zgq1ywi2nwzkywvkzthlngq5ndy-thumb_.jpg\" data-skip-htmlfix=\"1\" title=\"anbnjnc9odawjmhhc2g9ndmzntrkzgzhmti5zgq1ywi2nwzkywvkzthlngq5ndy-thumb_\"><\/p>\n<p data-index=\"2\">Victor Ponta a declarat c\u0103 exist\u0103 o \u201eproblem\u0103 uria\u015f\u0103\u201d privind pl\u00e2ngerile viz\u00e2nd finan\u0163\u0103rile europene, explic\u00e2nd c\u0103 acestea sunt investigate automat de Oficiul European de Lupt\u0103 Antifraud\u0103 (OLAF), informeaz\u0103 Mediafax.<\/p>\n<p data-index=\"3\">\u201e<span>Dac\u0103 apar suspiciuni privind vreun caz, acesta este blocat \u015fi nu mai putem solicita bani din partea Uniunii Europene\u201d, a ad\u0103ugat premierul.<\/span><\/p>\n<p data-index=\"4\">Premierul Rom\u00e2niei a subliniat c\u0103, dac\u0103 nu se va lua o decizie privind aceste cazuri p\u00e2n\u0103 la 31 decembrie 2015, proiectele vor fi finan\u0163ate din bugetul de stat.<\/p>\n<p data-index=\"5\">Victor Ponta a precizat c\u0103 suspiciunile se refer\u0103 la proiecte \u00een domeniul resurselor umane, aliment\u0103rii cu ap\u0103 \u015fi unor finan\u0163\u0103ri de 400 de milioane de euro pentru extinderea re\u0163elei de metrou.<\/p>\n<\/div>\n<p> Source URL: https:\/\/www.digi24.ro\/stiri\/actualitate\/politica\/victor-ponta-ue-a-suspendat-fonduri-de-un-miliard-de-euro-destinate-romaniei-388857<\/p>\n","protected":false},"excerpt":{"rendered":"<p>Victor Ponta a declarat c\u0103 exist\u0103 o \u201eproblem\u0103 uria\u015f\u0103\u201d privind pl\u00e2ngerile viz\u00e2nd finan\u0163\u0103rile europene, explic\u00e2nd c\u0103 acestea sunt investigate automat de Oficiul European de Lupt\u0103 Antifraud\u0103 (OLAF), informeaz\u0103 Mediafax. \u201eDac\u0103 apar suspiciuni privind vreun caz, acesta este blocat \u015fi nu mai putem solicita bani din partea Uniunii Europene\u201d, a ad\u0103ugat premierul. Premierul Rom\u00e2niei a subliniat [&hellip;]<\/p>\n","protected":false},"author":1,"featured_media":182267,"comment_status":"open","ping_status":"","sticky":false,"template":"","format":"standard","meta":{"footnotes":""},"categories":[2],"tags":[11],"class_list":["post-182266","post","type-post","status-publish","format-standard","has-post-thumbnail","hentry","category-politics","tag-digi24"],"_links":{"self":[{"href":"https:\/\/analyse.optim.biz\/index.php?rest_route=\/wp\/v2\/posts\/182266","targetHints":{"allow":["GET"]}}],"collection":[{"href":"https:\/\/analyse.optim.biz\/index.php?rest_route=\/wp\/v2\/posts"}],"about":[{"href":"https:\/\/analyse.optim.biz\/index.php?rest_route=\/wp\/v2\/types\/post"}],"author":[{"embeddable":true,"href":"https:\/\/analyse.optim.biz\/index.php?rest_route=\/wp\/v2\/users\/1"}],"replies":[{"embeddable":true,"href":"https:\/\/analyse.optim.biz\/index.php?rest_route=%2Fwp%2Fv2%2Fcomments&post=182266"}],"version-history":[{"count":0,"href":"https:\/\/analyse.optim.biz\/index.php?rest_route=\/wp\/v2\/posts\/182266\/revisions"}],"wp:featuredmedia":[{"embeddable":true,"href":"https:\/\/analyse.optim.biz\/index.php?rest_route=\/wp\/v2\/media\/182267"}],"wp:attachment":[{"href":"https:\/\/analyse.optim.biz\/index.php?rest_route=%2Fwp%2Fv2%2Fmedia&parent=182266"}],"wp:term":[{"taxonomy":"category","embeddable":true,"href":"https:\/\/analyse.optim.biz\/index.php?rest_route=%2Fwp%2Fv2%2Fcategories&post=182266"},{"taxonomy":"post_tag","embeddable":true,"href":"https:\/\/analyse.optim.biz\/index.php?rest_route=%2Fwp%2Fv2%2Ftags&post=182266"}],"curies":[{"name":"wp","href":"https:\/\/api.w.org\/{rel}","templated":true}]}}