{"id":182255,"date":"2015-05-08T12:52:03","date_gmt":"2015-05-08T09:52:03","guid":{"rendered":"https:\/\/analyse.optim.biz\/?p=182255"},"modified":"2015-05-08T12:52:03","modified_gmt":"2015-05-08T09:52:03","slug":"sa-faci-ce-spune-premierul-nu-ce-face-el-victor-ponta-refuza-sa-respecte-legea","status":"publish","type":"post","link":"https:\/\/analyse.optim.biz\/?p=182255","title":{"rendered":"S\u0103 faci ce spune premierul, nu ce face el. Victor Ponta refuz\u0103 s\u0103 respecte legea"},"content":{"rendered":"<div class=\"entry data-app-meta data-app-meta-article\" data-embed-base-url-canonical=\"https:\/\/www.digi24.ro\/embed\/stiri\/actualitate\/politica\/sa-faci-ce-spune-premierul-nu-ce-face-el-victor-ponta-refuza-sa-respecte-legea-389070\">\n<p data-index=\"1\">Victor Ponta spunea, \u00een 2012, c\u0103 refuzul premierul de atunci, Emil Boc, de a respecta legea \u00een privin\u0163a alegerilor par\u0163iale este o fapt\u0103 penal\u0103. <a href=\"http:\/\/www.gandul.info\/politica\/verdict-al-curtii-de-apel-cluj-premierul-ponta-a-facut-exces-de-putere-14226990\" target=\"_blank\" data-skip-linkfix=\"1\" rel=\"noopener\">G\u00e2ndul.info<\/a> a descoperit declara\u0163iile tran\u015fante ale actualului prim-ministru.<\/p>\n<p data-index=\"2\">\u201eVom ac\u0163iona at\u00e2t \u00een instan\u0163a civil\u0103 pentru ca insta\u0163a s\u0103 oblige guvernul s\u0103 organizeze alegeri, s\u0103 respecte legea, de fapt, c\u00e2t \u015fi din punct de vedere penal faptul c\u0103 primul ministru al Rom\u00e2niei, oricum se nume\u015fte el, refuz\u0103 s\u0103 respecte o lege a \u0163\u0103rii\u201d, spunea Victor Ponta, \u00een anul 2012.<\/p>\n<p data-index=\"3\">Acum Victor Ponta este \u00een aceea\u015fi situa\u0163ie. Ar trebui organizate alegeri \u00een 14 colegii parlamentare. Cinci Consilii Jude\u0163ene au r\u0103mas f\u0103r\u0103 pre\u015fedinte. \u00cen plus, sunt trei municipii dar \u015fi mai multe comune \u015fi ora\u015fe care nu au primar.<\/p>\n<p data-index=\"4\">Potrivit Autorit\u0103\u0163ii Electorale Permanente, data limit\u0103 p\u00e2n\u0103 la care trebuiau organizate alegeri par\u0163iale a expirat pe 7 mai.<\/p>\n<p data-index=\"5\">\u201eSunt aproximativ dou\u0103 milioane de rom\u00e2ni care nu au reprezentan\u0163i \u00een comunit\u0103\u0163ile lor pentru c\u0103 Ponta nu a vrut. Dup\u0103 ce a refuzat dreptul de votul pentru diaspora, acum, pentru dou\u0103 milioane de rom\u00e2ni, a refuzat dreptul de vot\u201d, a acuzat Alina Gorghiu.<\/p>\n<p data-index=\"6\">Premierul a refuzat constant s\u0103 dea explica\u0163ii clare privind refuzul de a organiza alegerile par\u0163iale. Ultimul r\u0103spuns l-a fost dat chiar \u00een ziua \u00een care expira termenul legal, pe 7 mai.<\/p>\n<p data-index=\"7\">\u201ePe noul sistem de vot vom avea, bine\u00een\u0163eles, alegeri \u00een toate jude\u0163ele pe noul sistem de vot. Repet, pentru un mandat de patru ani. (Reporter: Deci nu ve\u0163i organiza alegeri par\u0163iale?) Dac\u0103 instan\u0163a ne va obliga, vom respecta deciziile instan\u0163ei\u201d, a spus Victor Ponta.<\/p>\n<p data-index=\"8\">La Cluj, instan\u0163a a decis deja c\u0103 Guvernul este obligat s\u0103 organizeze alegeri pentru pre\u015fedintele consiliului jude\u0163ean. Hot\u0103r\u00e2rea nu este definitiv\u0103, a\u015fa c\u0103 Victor Ponta nu a luat nicio m\u0103sur\u0103.<\/p>\n<\/div>\n<p> Source URL: https:\/\/www.digi24.ro\/stiri\/actualitate\/politica\/sa-faci-ce-spune-premierul-nu-ce-face-el-victor-ponta-refuza-sa-respecte-legea-389070<\/p>\n","protected":false},"excerpt":{"rendered":"<p>Victor Ponta spunea, \u00een 2012, c\u0103 refuzul premierul de atunci, Emil Boc, de a respecta legea \u00een privin\u0163a alegerilor par\u0163iale este o fapt\u0103 penal\u0103. G\u00e2ndul.info a descoperit declara\u0163iile tran\u015fante ale actualului prim-ministru. \u201eVom ac\u0163iona at\u00e2t \u00een instan\u0163a civil\u0103 pentru ca insta\u0163a s\u0103 oblige guvernul s\u0103 organizeze alegeri, s\u0103 respecte legea, de fapt, c\u00e2t \u015fi din [&hellip;]<\/p>\n","protected":false},"author":1,"featured_media":182256,"comment_status":"open","ping_status":"","sticky":false,"template":"","format":"standard","meta":{"footnotes":""},"categories":[2],"tags":[11],"class_list":["post-182255","post","type-post","status-publish","format-standard","has-post-thumbnail","hentry","category-politics","tag-digi24"],"_links":{"self":[{"href":"https:\/\/analyse.optim.biz\/index.php?rest_route=\/wp\/v2\/posts\/182255","targetHints":{"allow":["GET"]}}],"collection":[{"href":"https:\/\/analyse.optim.biz\/index.php?rest_route=\/wp\/v2\/posts"}],"about":[{"href":"https:\/\/analyse.optim.biz\/index.php?rest_route=\/wp\/v2\/types\/post"}],"author":[{"embeddable":true,"href":"https:\/\/analyse.optim.biz\/index.php?rest_route=\/wp\/v2\/users\/1"}],"replies":[{"embeddable":true,"href":"https:\/\/analyse.optim.biz\/index.php?rest_route=%2Fwp%2Fv2%2Fcomments&post=182255"}],"version-history":[{"count":0,"href":"https:\/\/analyse.optim.biz\/index.php?rest_route=\/wp\/v2\/posts\/182255\/revisions"}],"wp:featuredmedia":[{"embeddable":true,"href":"https:\/\/analyse.optim.biz\/index.php?rest_route=\/wp\/v2\/media\/182256"}],"wp:attachment":[{"href":"https:\/\/analyse.optim.biz\/index.php?rest_route=%2Fwp%2Fv2%2Fmedia&parent=182255"}],"wp:term":[{"taxonomy":"category","embeddable":true,"href":"https:\/\/analyse.optim.biz\/index.php?rest_route=%2Fwp%2Fv2%2Fcategories&post=182255"},{"taxonomy":"post_tag","embeddable":true,"href":"https:\/\/analyse.optim.biz\/index.php?rest_route=%2Fwp%2Fv2%2Ftags&post=182255"}],"curies":[{"name":"wp","href":"https:\/\/api.w.org\/{rel}","templated":true}]}}